{"id":481156,"date":"2022-05-31T15:42:13","date_gmt":"2022-05-31T12:42:13","guid":{"rendered":"https:\/\/arantv.az\/?p=481156"},"modified":"2022-05-31T15:42:13","modified_gmt":"2022-05-31T12:42:13","slug":"az%c9%99rbaycan-s%c9%99rh%c9%99dini-pozmaga-c%c9%99hd-ed%c9%99n-alti-n%c9%99f%c9%99r-saxlanildi","status":"publish","type":"post","link":"https:\/\/arantv.az\/?p=481156","title":{"rendered":"Az\u0259rbaycan s\u0259rh\u0259dini pozma\u011fa c\u0259hd ed\u0259n alt\u0131 n\u0259f\u0259r SAXLANILDI"},"content":{"rendered":"<p>Az\u0259rbaycan s\u0259rh\u0259dini pozma\u011fa c\u0259hd ed\u0259n 6 n\u0259f\u0259r saxlan\u0131l\u0131b.<\/p>\n<p>Bu bar\u0259d\u0259 D\u00f6vl\u0259t S\u0259rh\u0259d Xidm\u0259tinin (DSX) M\u0259tbuat M\u0259rk\u0259zi m\u0259lumat yay\u0131b.<\/p>\n<div class=\"AdviadNativeVideo\"><\/div>\n<p>Bildirilib ki, may ay\u0131n\u0131n 31-d\u0259 saat 03:10 rad\u0259l\u0259rind\u0259 A\u011fstafa rayonunun Sad\u0131ql\u0131 k\u0259ndi \u0259razisind\u0259 yerl\u0259\u015f\u0259n s\u0259rh\u0259d zastavas\u0131n\u0131n xidm\u0259ti sah\u0259sind\u0259 s\u0259rh\u0259d naryad\u0131 t\u0259r\u0259find\u0259n Az\u0259rbaycandan G\u00fcrc\u00fcstan istiqam\u0259tind\u0259 d\u00f6vl\u0259t s\u0259rh\u0259dinin pozulmas\u0131na d\u0259lal\u0259t ed\u0259n \u0259lam\u0259tl\u0259r a\u015fkar edilib s\u0259rh\u0259d zastavas\u0131 d\u0259rhal \u201cSilaha\u201d komandas\u0131 il\u0259 qald\u0131r\u0131l\u0131b, \u0259razi qapad\u0131l\u0131b.<\/p>\n<p>H\u0259yata ke\u00e7iril\u0259n t\u0259dbirl\u0259r n\u0259tic\u0259sind\u0259 d\u00f6vl\u0259t s\u0259rh\u0259dini pozma\u011fa c\u0259hd g\u00f6st\u0259r\u0259n 5-i azya\u015fl\u0131 olmaqla, 6 n\u0259f\u0259r Az\u0259rbaycan v\u0259t\u0259nda\u015f\u0131 saxlan\u0131l\u0131b.<\/p>\n<p>Ara\u015fd\u0131rma zaman\u0131 onlar\u0131n G\u00fcrc\u00fcstan \u0259razisind\u0259 dil\u0259nm\u0259 m\u0259qs\u0259dil\u0259 d\u00f6vl\u0259t s\u0259rh\u0259dind\u0259n qanunsuz ke\u00e7m\u0259y\u0259 c\u0259hd g\u00f6st\u0259rdikl\u0259ri m\u00fc\u0259yy\u0259nl\u0259\u015f\u00addirilib.<\/p>\n<p>\u00d6t\u0259n m\u00fcdd\u0259td\u0259 bu kateqoriyadan olan \u015f\u0259xsl\u0259r bar\u0259sind\u0259 d\u00f6vl\u0259t s\u0259rh\u0259dinin qanunsuz olaraq ke\u00e7m\u0259l\u0259rin\u0259 g\u00f6r\u0259 cinay\u0259t i\u015fi ba\u015flan\u0131laraq ibtidai istintaq apar\u0131lm\u0131\u015f, azya\u015fl\u0131lar aidiyy\u0259ti \u00fczr\u0259 icra hakimiyy\u0259tl\u0259ri yan\u0131nda yetkinlik ya\u015f\u0131na \u00e7atmayanlar\u0131n h\u00fcquqlar\u0131n\u0131n m\u00fcdafi\u0259si \u00fczr\u0259 komissiyaya v\u0259 ya komissiyan\u0131n i\u015ftirak\u0131 il\u0259 m\u00fcvafiq aktla valideynl\u0259rin\u0259 t\u0259hvil verilibl\u0259r.<\/p>\n<p>D\u00f6vl\u0259t s\u0259rh\u0259dinin qanunsuz ke\u00e7ilm\u0259sinin cinay\u0259t t\u0259rkibli \u0259m\u0259l olmas\u0131, u\u015faq \u0259m\u0259yinin istismar\u0131 v\u0259 azya\u015fl\u0131lar\u0131n avara\u00e7\u0131l\u0131\u011fa c\u0259lb edilm\u0259sin\u0259 g\u00f6r\u0259 h\u00fcquqi m\u0259suliyy\u0259t da\u015f\u0131malar\u0131, el\u0259c\u0259 d\u0259 azya\u015fl\u0131 u\u015faqlar\u0131n gec\u0259 vaxt\u0131, v\u0259h\u015fi heyvanlar\u0131n oldu\u011fu \u0259razil\u0259rd\u0259n ke\u00e7irilm\u0259sinin onlar\u0131n h\u0259yatlar\u0131na t\u0259hl\u00fck\u0259, emosional-psixoloji durumlar\u0131na sars\u0131nt\u0131 olmas\u0131 bar\u0259d\u0259 valideyn\u00adl\u0259rl\u0259 d\u0259f\u0259l\u0259rl\u0259 izahedici s\u00f6hb\u0259tl\u0259rin apar\u0131lmas\u0131na baxmayaraq, bu kimi c\u0259hdl\u0259rin t\u0259krar\u0259n ba\u015f verm\u0259si m\u00fc\u015fahid\u0259 olunur.<\/p>\n<p>D\u00f6vl\u0259t S\u0259rh\u0259d Xidm\u0259ti t\u0259r\u0259find\u0259n aidiyy\u0259ti d\u00f6vl\u0259t qurumlar\u0131 il\u0259 birlikd\u0259 bu kateqoriyadan olan s\u0259rh\u0259d pozucular\u0131n\u0131n d\u00f6vl\u0259t s\u0259rh\u0259dini pozma c\u0259hdl\u0259rinin qar\u015f\u0131s\u0131n\u0131n al\u0131nmas\u0131 \u00fczr\u0259 t\u0259dbirl\u0259r davam etdirilir.<\/p>\n","protected":false},"excerpt":{"rendered":"<p>Az\u0259rbaycan s\u0259rh\u0259dini pozma\u011fa c\u0259hd ed\u0259n 6 n\u0259f\u0259r saxlan\u0131l\u0131b. Bu bar\u0259d\u0259 D\u00f6vl\u0259t S\u0259rh\u0259d Xidm\u0259tinin (DSX) M\u0259tbuat M\u0259rk\u0259zi m\u0259lumat yay\u0131b. Bildirilib ki, may ay\u0131n\u0131n 31-d\u0259 saat 03:10 rad\u0259l\u0259rind\u0259 A\u011fstafa rayonunun Sad\u0131ql\u0131 k\u0259ndi \u0259razisind\u0259 yerl\u0259\u015f\u0259n s\u0259rh\u0259d zastavas\u0131n\u0131n xidm\u0259ti sah\u0259sind\u0259 s\u0259rh\u0259d naryad\u0131 t\u0259r\u0259find\u0259n Az\u0259rbaycandan G\u00fcrc\u00fcstan istiqam\u0259tind\u0259 d\u00f6vl\u0259t s\u0259rh\u0259dinin pozulmas\u0131na d\u0259lal\u0259t ed\u0259n \u0259lam\u0259tl\u0259r a\u015fkar edilib s\u0259rh\u0259d zastavas\u0131 d\u0259rhal \u201cSilaha\u201d komandas\u0131 il\u0259 qald\u0131r\u0131l\u0131b, \u0259razi qapad\u0131l\u0131b. H\u0259yata ke\u00e7iril\u0259n t\u0259dbirl\u0259r n\u0259tic\u0259sind\u0259 d\u00f6vl\u0259t s\u0259rh\u0259dini pozma\u011fa c\u0259hd g\u00f6st\u0259r\u0259n 5-i azya\u015fl\u0131 olmaqla, 6 n\u0259f\u0259r Az\u0259rbaycan v\u0259t\u0259nda\u015f\u0131 saxlan\u0131l\u0131b. Ara\u015fd\u0131rma zaman\u0131 onlar\u0131n G\u00fcrc\u00fcstan \u0259razisind\u0259 dil\u0259nm\u0259 m\u0259qs\u0259dil\u0259 d\u00f6vl\u0259t s\u0259rh\u0259dind\u0259n qanunsuz ke\u00e7m\u0259y\u0259 c\u0259hd g\u00f6st\u0259rdikl\u0259ri m\u00fc\u0259yy\u0259nl\u0259\u015f\u00addirilib.&hellip;<\/p>\n","protected":false},"author":2,"featured_media":481157,"comment_status":"closed","ping_status":"closed","sticky":false,"template":"","format":"standard","meta":{"om_disable_all_campaigns":false,"_monsterinsights_skip_tracking":false,"_monsterinsights_sitenote_active":false,"_monsterinsights_sitenote_note":"","_monsterinsights_sitenote_category":0},"categories":[1],"tags":[],"aioseo_notices":[],"gutentor_comment":0,"rttpg_featured_image_url":{"full":["https:\/\/arantv.az\/wp-content\/uploads\/2022\/05\/FotoJet-20-2.jpg",620,413,false],"landscape":["https:\/\/arantv.az\/wp-content\/uploads\/2022\/05\/FotoJet-20-2.jpg",620,413,false],"portraits":["https:\/\/arantv.az\/wp-content\/uploads\/2022\/05\/FotoJet-20-2.jpg",620,413,false],"thumbnail":["https:\/\/arantv.az\/wp-content\/uploads\/2022\/05\/FotoJet-20-2-500x280.jpg",500,280,true],"medium":["https:\/\/arantv.az\/wp-content\/uploads\/2022\/05\/FotoJet-20-2-548x365.jpg",548,365,true],"large":["https:\/\/arantv.az\/wp-content\/uploads\/2022\/05\/FotoJet-20-2.jpg",620,413,false],"1536x1536":["https:\/\/arantv.az\/wp-content\/uploads\/2022\/05\/FotoJet-20-2.jpg",620,413,false],"2048x2048":["https:\/\/arantv.az\/wp-content\/uploads\/2022\/05\/FotoJet-20-2.jpg",620,413,false],"post-thumbnail":["https:\/\/arantv.az\/wp-content\/uploads\/2022\/05\/FotoJet-20-2-240x172.jpg",240,172,true],"advps-thumb-one":["https:\/\/arantv.az\/wp-content\/uploads\/2022\/05\/FotoJet-20-2.jpg",620,413,false]},"rttpg_author":{"display_name":"V\u00fcsal Rafiqo\u011flu","author_link":"https:\/\/arantv.az\/?author=2"},"rttpg_comment":0,"rttpg_category":"<a href=\"https:\/\/arantv.az\/?cat=1\" rel=\"category\">C\u0259miyy\u0259t<\/a>","rttpg_excerpt":"Az\u0259rbaycan s\u0259rh\u0259dini pozma\u011fa c\u0259hd ed\u0259n 6 n\u0259f\u0259r saxlan\u0131l\u0131b. Bu bar\u0259d\u0259 D\u00f6vl\u0259t S\u0259rh\u0259d Xidm\u0259tinin (DSX) M\u0259tbuat M\u0259rk\u0259zi m\u0259lumat yay\u0131b. Bildirilib ki, may ay\u0131n\u0131n 31-d\u0259 saat 03:10 rad\u0259l\u0259rind\u0259 A\u011fstafa rayonunun Sad\u0131ql\u0131 k\u0259ndi \u0259razisind\u0259 yerl\u0259\u015f\u0259n s\u0259rh\u0259d zastavas\u0131n\u0131n xidm\u0259ti sah\u0259sind\u0259 s\u0259rh\u0259d naryad\u0131 t\u0259r\u0259find\u0259n Az\u0259rbaycandan G\u00fcrc\u00fcstan istiqam\u0259tind\u0259 d\u00f6vl\u0259t s\u0259rh\u0259dinin pozulmas\u0131na d\u0259lal\u0259t ed\u0259n \u0259lam\u0259tl\u0259r a\u015fkar edilib s\u0259rh\u0259d zastavas\u0131 d\u0259rhal \u201cSilaha\u201d komandas\u0131&hellip;","_links":{"self":[{"href":"https:\/\/arantv.az\/index.php?rest_route=\/wp\/v2\/posts\/481156"}],"collection":[{"href":"https:\/\/arantv.az\/index.php?rest_route=\/wp\/v2\/posts"}],"about":[{"href":"https:\/\/arantv.az\/index.php?rest_route=\/wp\/v2\/types\/post"}],"author":[{"embeddable":true,"href":"https:\/\/arantv.az\/index.php?rest_route=\/wp\/v2\/users\/2"}],"replies":[{"embeddable":true,"href":"https:\/\/arantv.az\/index.php?rest_route=%2Fwp%2Fv2%2Fcomments&post=481156"}],"version-history":[{"count":0,"href":"https:\/\/arantv.az\/index.php?rest_route=\/wp\/v2\/posts\/481156\/revisions"}],"wp:featuredmedia":[{"embeddable":true,"href":"https:\/\/arantv.az\/index.php?rest_route=\/wp\/v2\/media\/481157"}],"wp:attachment":[{"href":"https:\/\/arantv.az\/index.php?rest_route=%2Fwp%2Fv2%2Fmedia&parent=481156"}],"wp:term":[{"taxonomy":"category","embeddable":true,"href":"https:\/\/arantv.az\/index.php?rest_route=%2Fwp%2Fv2%2Fcategories&post=481156"},{"taxonomy":"post_tag","embeddable":true,"href":"https:\/\/arantv.az\/index.php?rest_route=%2Fwp%2Fv2%2Ftags&post=481156"}],"curies":[{"name":"wp","href":"https:\/\/api.w.org\/{rel}","templated":true}]}}