{"id":48254,"date":"2019-03-30T12:40:27","date_gmt":"2019-03-30T09:40:27","guid":{"rendered":"http:\/\/arantv.az\/?p=48254"},"modified":"2019-03-30T12:40:27","modified_gmt":"2019-03-30T09:40:27","slug":"qaradagda-avtobus-q%c9%99zasi-x%c9%99sar%c9%99t-alanlar-var","status":"publish","type":"post","link":"https:\/\/arantv.az\/?p=48254","title":{"rendered":"Qarada\u011fda avtobus q\u0259zas\u0131: X\u0259sar\u0259t alanlar var"},"content":{"rendered":"<p>Qarada\u011f rayonunun\u00a0\u018fl\u0259t q\u0259s\u0259b\u0259sind\u0259 a\u011f\u0131r yol-n\u0259qliyyat hadis\u0259si ba\u015f verib<\/p>\n<p><strong>ARANTV.AZ<\/strong>-\u0131n m\u0259lumat\u0131na g\u00f6r\u0259,\u00a0s\u0259rni\u015fin avtobusu y\u00fck avtomobilin\u0259 \u00e7\u0131rp\u0131l\u0131b.<\/p>\n<p>Hadis\u0259 n\u0259tic\u0259sind\u0259 s\u0259rni\u015finl\u0259r x\u0259sar\u0259t al\u0131b.<\/p>\n<div id=\"AdributorNativeVideo0\" class=\"AdributorNativeVideo\"><\/div>\n<p>Onlar 1 sayl\u0131 Kliniki Tibbi M\u0259rk\u0259z\u0259 yerl\u0259\u015fdirilibl\u0259r.<\/p>\n<p>S\u0259hiyy\u0259 Nazirliyind\u0259n sayt\u0131m\u0131za bildirilib ki, hadis\u0259 n\u0259tic\u0259sind\u0259\u00a0\u00fc\u00e7\u00a0n\u0259f\u0259r yaralan\u0131b:<\/p>\n<p>\u201c26 ya\u015fl\u0131 qad\u0131n sa\u011f aya\u011f\u0131 v\u0259 sol \u0259lind\u0259n, 37 ya\u015fl\u0131 ki\u015fi k\u0259ll\u0259-beyin, 18 ya\u015fl\u0131 g\u0259nc is\u0259 qapal\u0131 k\u0259ll\u0259-beyin travmas\u0131 il\u0259 x\u0259st\u0259xanaya yerl\u0259\u015fdirilib\u201d.<\/p>\n<p>Nazirlikd\u0259n qeyd edilib ki, yaral\u0131lar\u0131n v\u0259ziyy\u0259ti orta-a\u011f\u0131rd\u0131r.<\/p>\n<p>Qeyd ed\u0259k ki, Qarada\u011f rayonunda q\u0259zaya u\u011frayan s\u0259rni\u015fin avtobusu Bak\u0131 \u015f\u0259h\u0259rinin inzibati \u0259razisind\u0259 f\u0259aliyy\u0259t g\u00f6st\u0259r\u0259n m\u00fcnt\u0259z\u0259m mar\u015frut x\u0259tl\u0259rin\u0259 aid deyil. Avtobusun\u00a0G\u00fcrc\u00fcstan-Az\u0259rbaycan mar\u015frutu \u00fczr\u0259 s\u0259rni\u015fin da\u015f\u0131d\u0131\u011f\u0131 bildirilir.oxu.az<\/p>\n","protected":false},"excerpt":{"rendered":"<p>Qarada\u011f rayonunun\u00a0\u018fl\u0259t q\u0259s\u0259b\u0259sind\u0259 a\u011f\u0131r yol-n\u0259qliyyat hadis\u0259si ba\u015f verib ARANTV.AZ-\u0131n m\u0259lumat\u0131na g\u00f6r\u0259,\u00a0s\u0259rni\u015fin avtobusu y\u00fck avtomobilin\u0259 \u00e7\u0131rp\u0131l\u0131b. Hadis\u0259 n\u0259tic\u0259sind\u0259 s\u0259rni\u015finl\u0259r x\u0259sar\u0259t al\u0131b. Onlar 1 sayl\u0131 Kliniki Tibbi M\u0259rk\u0259z\u0259 yerl\u0259\u015fdirilibl\u0259r. S\u0259hiyy\u0259 Nazirliyind\u0259n sayt\u0131m\u0131za bildirilib ki, hadis\u0259 n\u0259tic\u0259sind\u0259\u00a0\u00fc\u00e7\u00a0n\u0259f\u0259r yaralan\u0131b: \u201c26 ya\u015fl\u0131 qad\u0131n sa\u011f aya\u011f\u0131 v\u0259 sol \u0259lind\u0259n, 37 ya\u015fl\u0131 ki\u015fi k\u0259ll\u0259-beyin, 18 ya\u015fl\u0131 g\u0259nc is\u0259 qapal\u0131 k\u0259ll\u0259-beyin travmas\u0131 il\u0259 x\u0259st\u0259xanaya yerl\u0259\u015fdirilib\u201d. Nazirlikd\u0259n qeyd edilib ki, yaral\u0131lar\u0131n v\u0259ziyy\u0259ti orta-a\u011f\u0131rd\u0131r. Qeyd ed\u0259k ki, Qarada\u011f rayonunda q\u0259zaya u\u011frayan s\u0259rni\u015fin avtobusu Bak\u0131 \u015f\u0259h\u0259rinin inzibati \u0259razisind\u0259 f\u0259aliyy\u0259t g\u00f6st\u0259r\u0259n m\u00fcnt\u0259z\u0259m mar\u015frut x\u0259tl\u0259rin\u0259 aid deyil. Avtobusun\u00a0G\u00fcrc\u00fcstan-Az\u0259rbaycan mar\u015frutu \u00fczr\u0259 s\u0259rni\u015fin da\u015f\u0131d\u0131\u011f\u0131 bildirilir.oxu.az<\/p>\n","protected":false},"author":2,"featured_media":48255,"comment_status":"closed","ping_status":"closed","sticky":false,"template":"","format":"standard","meta":{"om_disable_all_campaigns":false,"_monsterinsights_skip_tracking":false,"_monsterinsights_sitenote_active":false,"_monsterinsights_sitenote_note":"","_monsterinsights_sitenote_category":0},"categories":[5],"tags":[],"aioseo_notices":[],"gutentor_comment":0,"rttpg_featured_image_url":{"full":["https:\/\/arantv.az\/wp-content\/uploads\/2019\/03\/qeza-3.jpg",600,400,false],"landscape":["https:\/\/arantv.az\/wp-content\/uploads\/2019\/03\/qeza-3.jpg",600,400,false],"portraits":["https:\/\/arantv.az\/wp-content\/uploads\/2019\/03\/qeza-3.jpg",600,400,false],"thumbnail":["https:\/\/arantv.az\/wp-content\/uploads\/2019\/03\/qeza-3-150x150.jpg",150,150,true],"medium":["https:\/\/arantv.az\/wp-content\/uploads\/2019\/03\/qeza-3-300x200.jpg",300,200,true],"large":["https:\/\/arantv.az\/wp-content\/uploads\/2019\/03\/qeza-3.jpg",600,400,false],"1536x1536":["https:\/\/arantv.az\/wp-content\/uploads\/2019\/03\/qeza-3.jpg",600,400,false],"2048x2048":["https:\/\/arantv.az\/wp-content\/uploads\/2019\/03\/qeza-3.jpg",600,400,false],"post-thumbnail":["https:\/\/arantv.az\/wp-content\/uploads\/2019\/03\/qeza-3-240x172.jpg",240,172,true],"advps-thumb-one":["https:\/\/arantv.az\/wp-content\/uploads\/2019\/03\/qeza-3.jpg",600,400,false]},"rttpg_author":{"display_name":"V\u00fcsal Rafiqo\u011flu","author_link":"https:\/\/arantv.az\/?author=2"},"rttpg_comment":0,"rttpg_category":"<a href=\"https:\/\/arantv.az\/?cat=5\" rel=\"category\">Hadis\u0259<\/a>","rttpg_excerpt":"Qarada\u011f rayonunun\u00a0\u018fl\u0259t q\u0259s\u0259b\u0259sind\u0259 a\u011f\u0131r yol-n\u0259qliyyat hadis\u0259si ba\u015f verib ARANTV.AZ-\u0131n m\u0259lumat\u0131na g\u00f6r\u0259,\u00a0s\u0259rni\u015fin avtobusu y\u00fck avtomobilin\u0259 \u00e7\u0131rp\u0131l\u0131b. Hadis\u0259 n\u0259tic\u0259sind\u0259 s\u0259rni\u015finl\u0259r x\u0259sar\u0259t al\u0131b. Onlar 1 sayl\u0131 Kliniki Tibbi M\u0259rk\u0259z\u0259 yerl\u0259\u015fdirilibl\u0259r. S\u0259hiyy\u0259 Nazirliyind\u0259n sayt\u0131m\u0131za bildirilib ki, hadis\u0259 n\u0259tic\u0259sind\u0259\u00a0\u00fc\u00e7\u00a0n\u0259f\u0259r yaralan\u0131b: \u201c26 ya\u015fl\u0131 qad\u0131n sa\u011f aya\u011f\u0131 v\u0259 sol \u0259lind\u0259n, 37 ya\u015fl\u0131 ki\u015fi k\u0259ll\u0259-beyin, 18 ya\u015fl\u0131 g\u0259nc is\u0259 qapal\u0131 k\u0259ll\u0259-beyin travmas\u0131 il\u0259&hellip;","_links":{"self":[{"href":"https:\/\/arantv.az\/index.php?rest_route=\/wp\/v2\/posts\/48254"}],"collection":[{"href":"https:\/\/arantv.az\/index.php?rest_route=\/wp\/v2\/posts"}],"about":[{"href":"https:\/\/arantv.az\/index.php?rest_route=\/wp\/v2\/types\/post"}],"author":[{"embeddable":true,"href":"https:\/\/arantv.az\/index.php?rest_route=\/wp\/v2\/users\/2"}],"replies":[{"embeddable":true,"href":"https:\/\/arantv.az\/index.php?rest_route=%2Fwp%2Fv2%2Fcomments&post=48254"}],"version-history":[{"count":0,"href":"https:\/\/arantv.az\/index.php?rest_route=\/wp\/v2\/posts\/48254\/revisions"}],"wp:featuredmedia":[{"embeddable":true,"href":"https:\/\/arantv.az\/index.php?rest_route=\/wp\/v2\/media\/48255"}],"wp:attachment":[{"href":"https:\/\/arantv.az\/index.php?rest_route=%2Fwp%2Fv2%2Fmedia&parent=48254"}],"wp:term":[{"taxonomy":"category","embeddable":true,"href":"https:\/\/arantv.az\/index.php?rest_route=%2Fwp%2Fv2%2Fcategories&post=48254"},{"taxonomy":"post_tag","embeddable":true,"href":"https:\/\/arantv.az\/index.php?rest_route=%2Fwp%2Fv2%2Ftags&post=48254"}],"curies":[{"name":"wp","href":"https:\/\/api.w.org\/{rel}","templated":true}]}}