{"id":48257,"date":"2019-03-30T12:41:02","date_gmt":"2019-03-30T09:41:02","guid":{"rendered":"http:\/\/arantv.az\/?p=48257"},"modified":"2019-03-30T12:41:02","modified_gmt":"2019-03-30T09:41:02","slug":"amasov-prezidentin-proqrami-son-d%c9%99r%c9%99c%c9%99-z%c9%99ngindir","status":"publish","type":"post","link":"https:\/\/arantv.az\/?p=48257","title":{"rendered":"Ama\u015fov: Prezidentin proqram\u0131 son d\u0259r\u0259c\u0259 z\u0259ngindir"},"content":{"rendered":"<p>Prezident<strong>\u00a0\u0130lham \u018fliyev<\/strong>in 2018-ci ilin prezident se\u00e7kil\u0259rind\u0259n sonrak\u0131 bir\u00a0ild\u0259ki f\u0259aliyy\u0259ti m\u00fcxt\u0259lif c\u0259h\u0259tl\u0259rd\u0259n diqq\u0259ti c\u0259lb edir.<\/p>\n<p>\u018fvv\u0259lc\u0259 Da\u011fl\u0131q Qaraba\u011f m\u00fcnaqi\u015f\u0259sinin \u00fcz\u0259rind\u0259 dayanmaq ist\u0259rdim. Hesab edir\u0259m ki, d\u00f6vl\u0259t ba\u015f\u00e7\u0131m\u0131z m\u00fcnaqi\u015f\u0259y\u0259 \u0259vv\u0259lki ill\u0259rd\u0259kind\u0259n daha prinsipial m\u00f6vqe n\u00fcmayi\u015f etdirib.<\/p>\n<p>Onun b\u0259yanatlar\u0131n\u0131n q\u0259tiyy\u0259tlilik tonu ictimai r\u0259yin formala\u015fmas\u0131na h\u0259lledici t\u0259sir g\u00f6st\u0259rm\u0259kd\u0259dir.<\/p>\n<div id=\"AdributorNativeVideo0\" class=\"AdributorNativeVideo\"><\/div>\n<p>Az\u0259rbaycan c\u0259miyy\u0259ti Qaraba\u011f m\u00fcnaqi\u015f\u0259sin\u0259 m\u00fcnasib\u0259td\u0259 daha monolitdir, inaml\u0131d\u0131r, bu is\u0259 prezidentin\u00a0fikirl\u0259rind\u0259n qaynaqlanan immunitet olaraq diqq\u0259t \u00e7\u0259kir.<\/p>\n<p>Bunu\u00a0Oxu.Az-a a\u00e7\u0131qlamas\u0131nda mill\u0259t v\u0259kili, Az\u0259rbaycan M\u0259tbuat \u015euras\u0131n\u0131n (AM\u015e) s\u0259dri\u00a0<strong>\u018fflatun Ama\u015fov<\/strong>\u00a0deyib.<\/p>\n<p>\u201c\u00dcmum\u0259n Da\u011fl\u0131q Qaraba\u011f m\u00fcnaqi\u015f\u0259sind\u0259 prinsipiall\u0131q n\u00fcmayi\u015fi, Az\u0259rbaycan\u0131n \u0259dal\u0259tli m\u00f6vqeyinin m\u00fcdafi\u0259si m\u0259s\u0259l\u0259si c\u0259nab \u0130lham \u018fliyevin se\u00e7ki kampaniyas\u0131nda x\u00fcsusi yeri tuturdu\u201d &#8211; dey\u0259n\u00a0mill\u0259t v\u0259kili bu bax\u0131mdan hesab edir ki, \u00f6t\u0259n bir ild\u0259 bu istiqam\u0259td\u0259ki f\u0259aliyy\u0259t se\u00e7kid\u0259n \u0259vv\u0259l verilmi\u015f v\u0259dl\u0259r\u0259 tam adekvatd\u0131r, reall\u0131qla s\u0259sl\u0259\u015f\u0259n ba\u015fl\u0131ca diplomatik missiyad\u0131r:<\/p>\n<p>\u201cC\u0259nab \u0130lham \u018fliyevin \u00f6t\u0259n bir ild\u0259ki f\u0259aliyy\u0259ti bar\u0259d\u0259 fikir bildir\u0259rk\u0259n eyni zamanda onun prezident kimi andi\u00e7m\u0259 m\u0259rasimind\u0259ki \u00e7\u0131x\u0131\u015f\u0131na diqq\u0259t yetirm\u0259k laz\u0131md\u0131r.<\/p>\n<p>Prezident h\u0259min \u00e7\u0131x\u0131\u015f\u0131nda ciddi islahatlar\u0131n apar\u0131laca\u011f\u0131n\u0131, h\u0259m\u00e7inin islahatlar\u0131n d\u0259rinl\u0259\u015f\u0259c\u0259yini bildirmi\u015f v\u0259 m\u0259s\u0259l\u0259ni s\u0131rf v\u0259t\u0259nda\u015flar\u0131n ya\u015fay\u0131\u015f s\u0259viyy\u0259sinin art\u0131r\u0131lmas\u0131n\u0131n vacibliyi kontekstind\u0259 izah etmi\u015fdi\u201d.<\/p>\n<p>\u018f. Ama\u015fov qeyd edib ki,\u00a0d\u00f6vl\u0259t ba\u015f\u00e7\u0131s\u0131n\u0131n \u00f6t\u0259n ilin aprelind\u0259n sonra g\u00f6rd\u00fcy\u00fc i\u015fl\u0259r, \u0259slind\u0259, islahatlar \u00fc\u00e7\u00fcn bir n\u00f6v\u00a0baza rolunu oynad\u0131.<\/p>\n<p>\u201c2018-ci ilin sonundan is\u0259 islahatlar ba\u015flad\u0131.<\/p>\n<p>\u00d6t\u0259n \u00fc\u00e7 aya bax\u0131\u015f, he\u00e7 \u015f\u00fcbh\u0259siz, onu dem\u0259y\u0259 \u0259sas verir ki, 2019-cu il b\u00fct\u00f6vl\u00fckd\u0259 islahat ili olacaq. Prezidentin proqram\u0131 son d\u0259r\u0259c\u0259 z\u0259nginliyi il\u0259 \u00f6z\u00fcn\u00fc g\u00f6st\u0259rm\u0259kd\u0259dir.<\/p>\n<p>Proqram h\u0259m struktur v\u0259 kadr islahatlar\u0131, h\u0259m d\u0259 bilavasit\u0259 \u0259halinin sosial v\u0259ziyy\u0259tinin yax\u015f\u0131la\u015fd\u0131r\u0131lmas\u0131na, \u00fcmum\u0259n insanlar\u0131n h\u0259yat\u0131n\u0131n asanla\u015fd\u0131r\u0131lmas\u0131na y\u00f6n\u0259l\u0259n t\u0259dbirl\u0259ri \u00f6z\u00fcnd\u0259 ehtiva edir.<\/p>\n<p>D\u00f6vl\u0259t ba\u015f\u00e7\u0131s\u0131n\u0131n \u00e7\u0131x\u0131\u015flar\u0131ndan \u0259ld\u0259 olunan q\u0259na\u0259t bundan ibar\u0259tdir ki, islahatlar daha da d\u0259rinl\u0259\u015f\u0259c\u0259k. \u018flb\u0259tt\u0259, b\u00fct\u00fcn bunlar v\u0259t\u0259nda\u015f m\u0259mnunlu\u011funun y\u00fcks\u0259ldilm\u0259si dem\u0259kdir.<\/p>\n<p>\u018fmin\u0259m ki, Prezident \u0130lham \u018fliyevin r\u0259hb\u0259rliyi il\u0259 realla\u015fd\u0131r\u0131lacaq kompleks t\u0259dbirl\u0259r v\u0259 t\u0259\u015f\u0259bb\u00fcsl\u0259r v\u0259t\u0259nda\u015f m\u0259mnunlu\u011funu daha da art\u0131racaq\u201d, &#8211; dey\u0259 \u018f. Ama\u015fov s\u00f6zl\u0259rin\u0259 \u0259lav\u0259 edib.<\/p>\n","protected":false},"excerpt":{"rendered":"<p>Prezident\u00a0\u0130lham \u018fliyevin 2018-ci ilin prezident se\u00e7kil\u0259rind\u0259n sonrak\u0131 bir\u00a0ild\u0259ki f\u0259aliyy\u0259ti m\u00fcxt\u0259lif c\u0259h\u0259tl\u0259rd\u0259n diqq\u0259ti c\u0259lb edir. \u018fvv\u0259lc\u0259 Da\u011fl\u0131q Qaraba\u011f m\u00fcnaqi\u015f\u0259sinin \u00fcz\u0259rind\u0259 dayanmaq ist\u0259rdim. Hesab edir\u0259m ki, d\u00f6vl\u0259t ba\u015f\u00e7\u0131m\u0131z m\u00fcnaqi\u015f\u0259y\u0259 \u0259vv\u0259lki ill\u0259rd\u0259kind\u0259n daha prinsipial m\u00f6vqe n\u00fcmayi\u015f etdirib. Onun b\u0259yanatlar\u0131n\u0131n q\u0259tiyy\u0259tlilik tonu ictimai r\u0259yin formala\u015fmas\u0131na h\u0259lledici t\u0259sir g\u00f6st\u0259rm\u0259kd\u0259dir. Az\u0259rbaycan c\u0259miyy\u0259ti Qaraba\u011f m\u00fcnaqi\u015f\u0259sin\u0259 m\u00fcnasib\u0259td\u0259 daha monolitdir, inaml\u0131d\u0131r, bu is\u0259 prezidentin\u00a0fikirl\u0259rind\u0259n qaynaqlanan immunitet olaraq diqq\u0259t \u00e7\u0259kir. Bunu\u00a0Oxu.Az-a a\u00e7\u0131qlamas\u0131nda mill\u0259t v\u0259kili, Az\u0259rbaycan M\u0259tbuat \u015euras\u0131n\u0131n (AM\u015e) s\u0259dri\u00a0\u018fflatun Ama\u015fov\u00a0deyib. \u201c\u00dcmum\u0259n Da\u011fl\u0131q Qaraba\u011f m\u00fcnaqi\u015f\u0259sind\u0259 prinsipiall\u0131q n\u00fcmayi\u015fi, Az\u0259rbaycan\u0131n \u0259dal\u0259tli m\u00f6vqeyinin m\u00fcdafi\u0259si m\u0259s\u0259l\u0259si c\u0259nab \u0130lham \u018fliyevin se\u00e7ki kampaniyas\u0131nda x\u00fcsusi yeri tuturdu\u201d &#8211;&hellip;<\/p>\n","protected":false},"author":2,"featured_media":48258,"comment_status":"closed","ping_status":"closed","sticky":false,"template":"","format":"standard","meta":{"om_disable_all_campaigns":false,"_monsterinsights_skip_tracking":false,"_monsterinsights_sitenote_active":false,"_monsterinsights_sitenote_note":"","_monsterinsights_sitenote_category":0},"categories":[4],"tags":[],"aioseo_notices":[],"gutentor_comment":0,"rttpg_featured_image_url":{"full":["https:\/\/arantv.az\/wp-content\/uploads\/2019\/03\/52372939_593341267849281_1930504691934822400_n.jpg",620,413,false],"landscape":["https:\/\/arantv.az\/wp-content\/uploads\/2019\/03\/52372939_593341267849281_1930504691934822400_n.jpg",620,413,false],"portraits":["https:\/\/arantv.az\/wp-content\/uploads\/2019\/03\/52372939_593341267849281_1930504691934822400_n.jpg",620,413,false],"thumbnail":["https:\/\/arantv.az\/wp-content\/uploads\/2019\/03\/52372939_593341267849281_1930504691934822400_n-150x150.jpg",150,150,true],"medium":["https:\/\/arantv.az\/wp-content\/uploads\/2019\/03\/52372939_593341267849281_1930504691934822400_n-300x200.jpg",300,200,true],"large":["https:\/\/arantv.az\/wp-content\/uploads\/2019\/03\/52372939_593341267849281_1930504691934822400_n.jpg",620,413,false],"1536x1536":["https:\/\/arantv.az\/wp-content\/uploads\/2019\/03\/52372939_593341267849281_1930504691934822400_n.jpg",620,413,false],"2048x2048":["https:\/\/arantv.az\/wp-content\/uploads\/2019\/03\/52372939_593341267849281_1930504691934822400_n.jpg",620,413,false],"post-thumbnail":["https:\/\/arantv.az\/wp-content\/uploads\/2019\/03\/52372939_593341267849281_1930504691934822400_n-240x172.jpg",240,172,true],"advps-thumb-one":["https:\/\/arantv.az\/wp-content\/uploads\/2019\/03\/52372939_593341267849281_1930504691934822400_n.jpg",620,413,false]},"rttpg_author":{"display_name":"V\u00fcsal Rafiqo\u011flu","author_link":"https:\/\/arantv.az\/?author=2"},"rttpg_comment":0,"rttpg_category":"<a href=\"https:\/\/arantv.az\/?cat=4\" rel=\"category\">Siyas\u0259t<\/a>","rttpg_excerpt":"Prezident\u00a0\u0130lham \u018fliyevin 2018-ci ilin prezident se\u00e7kil\u0259rind\u0259n sonrak\u0131 bir\u00a0ild\u0259ki f\u0259aliyy\u0259ti m\u00fcxt\u0259lif c\u0259h\u0259tl\u0259rd\u0259n diqq\u0259ti c\u0259lb edir. \u018fvv\u0259lc\u0259 Da\u011fl\u0131q Qaraba\u011f m\u00fcnaqi\u015f\u0259sinin \u00fcz\u0259rind\u0259 dayanmaq ist\u0259rdim. Hesab edir\u0259m ki, d\u00f6vl\u0259t ba\u015f\u00e7\u0131m\u0131z m\u00fcnaqi\u015f\u0259y\u0259 \u0259vv\u0259lki ill\u0259rd\u0259kind\u0259n daha prinsipial m\u00f6vqe n\u00fcmayi\u015f etdirib. Onun b\u0259yanatlar\u0131n\u0131n q\u0259tiyy\u0259tlilik tonu ictimai r\u0259yin formala\u015fmas\u0131na h\u0259lledici t\u0259sir g\u00f6st\u0259rm\u0259kd\u0259dir. Az\u0259rbaycan c\u0259miyy\u0259ti Qaraba\u011f m\u00fcnaqi\u015f\u0259sin\u0259 m\u00fcnasib\u0259td\u0259 daha monolitdir, inaml\u0131d\u0131r, bu is\u0259 prezidentin\u00a0fikirl\u0259rind\u0259n&hellip;","_links":{"self":[{"href":"https:\/\/arantv.az\/index.php?rest_route=\/wp\/v2\/posts\/48257"}],"collection":[{"href":"https:\/\/arantv.az\/index.php?rest_route=\/wp\/v2\/posts"}],"about":[{"href":"https:\/\/arantv.az\/index.php?rest_route=\/wp\/v2\/types\/post"}],"author":[{"embeddable":true,"href":"https:\/\/arantv.az\/index.php?rest_route=\/wp\/v2\/users\/2"}],"replies":[{"embeddable":true,"href":"https:\/\/arantv.az\/index.php?rest_route=%2Fwp%2Fv2%2Fcomments&post=48257"}],"version-history":[{"count":0,"href":"https:\/\/arantv.az\/index.php?rest_route=\/wp\/v2\/posts\/48257\/revisions"}],"wp:featuredmedia":[{"embeddable":true,"href":"https:\/\/arantv.az\/index.php?rest_route=\/wp\/v2\/media\/48258"}],"wp:attachment":[{"href":"https:\/\/arantv.az\/index.php?rest_route=%2Fwp%2Fv2%2Fmedia&parent=48257"}],"wp:term":[{"taxonomy":"category","embeddable":true,"href":"https:\/\/arantv.az\/index.php?rest_route=%2Fwp%2Fv2%2Fcategories&post=48257"},{"taxonomy":"post_tag","embeddable":true,"href":"https:\/\/arantv.az\/index.php?rest_route=%2Fwp%2Fv2%2Ftags&post=48257"}],"curies":[{"name":"wp","href":"https:\/\/api.w.org\/{rel}","templated":true}]}}