{"id":48260,"date":"2019-03-30T12:42:22","date_gmt":"2019-03-30T09:42:22","guid":{"rendered":"http:\/\/arantv.az\/?p=48260"},"modified":"2019-03-30T12:42:22","modified_gmt":"2019-03-30T09:42:22","slug":"ilham-%c9%99liyevin-avstriyaya-s%c9%99f%c9%99ri-basa-catdi","status":"publish","type":"post","link":"https:\/\/arantv.az\/?p=48260","title":{"rendered":"\u0130lham \u018fliyevin Avstriyaya s\u0259f\u0259ri ba\u015fa \u00e7atd\u0131"},"content":{"rendered":"<p>Az\u0259rbaycan Respublikas\u0131n\u0131n Prezidenti \u0130lham \u018fliyevin Avstriya Respublikas\u0131na i\u015fg\u00fczar s\u0259f\u0259ri mart\u0131n 30-da ba\u015fa \u00e7at\u0131b.<\/p>\n<div id=\"AdributorNativeVideo0\" class=\"AdributorNativeVideo\"><\/div>\n<p>M\u0259lumat\u0131\u00a0<a href=\"https:\/\/azertag.az\/xeber\/Prezident_Ilham_Aliyevin_Avstriyaya_isguzar_seferi_basa_chatib-1263319\" target=\"_blank\" rel=\"noopener\"><span style=\"color: #000000;\">AZ\u018fRTAC<\/span><\/a>\u00a0yay\u0131b.<\/p>\n","protected":false},"excerpt":{"rendered":"<p>Az\u0259rbaycan Respublikas\u0131n\u0131n Prezidenti \u0130lham \u018fliyevin Avstriya Respublikas\u0131na i\u015fg\u00fczar s\u0259f\u0259ri mart\u0131n 30-da ba\u015fa \u00e7at\u0131b. M\u0259lumat\u0131\u00a0AZ\u018fRTAC\u00a0yay\u0131b.<\/p>\n","protected":false},"author":2,"featured_media":47824,"comment_status":"closed","ping_status":"closed","sticky":false,"template":"","format":"standard","meta":{"om_disable_all_campaigns":false,"_monsterinsights_skip_tracking":false,"_monsterinsights_sitenote_active":false,"_monsterinsights_sitenote_note":"","_monsterinsights_sitenote_category":0},"categories":[4],"tags":[],"aioseo_notices":[],"gutentor_comment":0,"rttpg_featured_image_url":{"full":["https:\/\/arantv.az\/wp-content\/uploads\/2019\/03\/2018_ilham_aliyev_03-1.jpg",600,450,false],"landscape":["https:\/\/arantv.az\/wp-content\/uploads\/2019\/03\/2018_ilham_aliyev_03-1.jpg",600,450,false],"portraits":["https:\/\/arantv.az\/wp-content\/uploads\/2019\/03\/2018_ilham_aliyev_03-1.jpg",600,450,false],"thumbnail":["https:\/\/arantv.az\/wp-content\/uploads\/2019\/03\/2018_ilham_aliyev_03-1-150x150.jpg",150,150,true],"medium":["https:\/\/arantv.az\/wp-content\/uploads\/2019\/03\/2018_ilham_aliyev_03-1-300x225.jpg",300,225,true],"large":["https:\/\/arantv.az\/wp-content\/uploads\/2019\/03\/2018_ilham_aliyev_03-1.jpg",600,450,false],"1536x1536":["https:\/\/arantv.az\/wp-content\/uploads\/2019\/03\/2018_ilham_aliyev_03-1.jpg",600,450,false],"2048x2048":["https:\/\/arantv.az\/wp-content\/uploads\/2019\/03\/2018_ilham_aliyev_03-1.jpg",600,450,false],"post-thumbnail":["https:\/\/arantv.az\/wp-content\/uploads\/2019\/03\/2018_ilham_aliyev_03-1-240x172.jpg",240,172,true],"advps-thumb-one":["https:\/\/arantv.az\/wp-content\/uploads\/2019\/03\/2018_ilham_aliyev_03-1.jpg",600,450,false]},"rttpg_author":{"display_name":"V\u00fcsal Rafiqo\u011flu","author_link":"https:\/\/arantv.az\/?author=2"},"rttpg_comment":0,"rttpg_category":"<a href=\"https:\/\/arantv.az\/?cat=4\" rel=\"category\">Siyas\u0259t<\/a>","rttpg_excerpt":"Az\u0259rbaycan Respublikas\u0131n\u0131n Prezidenti \u0130lham \u018fliyevin Avstriya Respublikas\u0131na i\u015fg\u00fczar s\u0259f\u0259ri mart\u0131n 30-da ba\u015fa \u00e7at\u0131b. M\u0259lumat\u0131\u00a0AZ\u018fRTAC\u00a0yay\u0131b.","_links":{"self":[{"href":"https:\/\/arantv.az\/index.php?rest_route=\/wp\/v2\/posts\/48260"}],"collection":[{"href":"https:\/\/arantv.az\/index.php?rest_route=\/wp\/v2\/posts"}],"about":[{"href":"https:\/\/arantv.az\/index.php?rest_route=\/wp\/v2\/types\/post"}],"author":[{"embeddable":true,"href":"https:\/\/arantv.az\/index.php?rest_route=\/wp\/v2\/users\/2"}],"replies":[{"embeddable":true,"href":"https:\/\/arantv.az\/index.php?rest_route=%2Fwp%2Fv2%2Fcomments&post=48260"}],"version-history":[{"count":0,"href":"https:\/\/arantv.az\/index.php?rest_route=\/wp\/v2\/posts\/48260\/revisions"}],"wp:featuredmedia":[{"embeddable":true,"href":"https:\/\/arantv.az\/index.php?rest_route=\/wp\/v2\/media\/47824"}],"wp:attachment":[{"href":"https:\/\/arantv.az\/index.php?rest_route=%2Fwp%2Fv2%2Fmedia&parent=48260"}],"wp:term":[{"taxonomy":"category","embeddable":true,"href":"https:\/\/arantv.az\/index.php?rest_route=%2Fwp%2Fv2%2Fcategories&post=48260"},{"taxonomy":"post_tag","embeddable":true,"href":"https:\/\/arantv.az\/index.php?rest_route=%2Fwp%2Fv2%2Ftags&post=48260"}],"curies":[{"name":"wp","href":"https:\/\/api.w.org\/{rel}","templated":true}]}}