{"id":48268,"date":"2019-03-30T13:11:22","date_gmt":"2019-03-30T10:11:22","guid":{"rendered":"http:\/\/arantv.az\/?p=48268"},"modified":"2019-03-30T13:11:22","modified_gmt":"2019-03-30T10:11:22","slug":"ekspert-prezident-ilham-%c9%99liyev-v%c9%99-pasinyanin-vyana-gorusu-az%c9%99rbaycanin-novb%c9%99ti-diplomatik-ustunluyu-kimi-qiym%c9%99tl%c9%99ndirilm%c9%99lidir","status":"publish","type":"post","link":"https:\/\/arantv.az\/?p=48268","title":{"rendered":"Ekspert: &#8220;Prezident \u0130lham \u018fliyev v\u0259 Pa\u015finyan\u0131n Vyana g\u00f6r\u00fc\u015f\u00fc Az\u0259rbaycan\u0131n n\u00f6vb\u0259ti diplomatik \u00fcst\u00fcnl\u00fcy\u00fc kimi qiym\u0259tl\u0259ndirilm\u0259lidir&#8221;"},"content":{"rendered":"<blockquote><p><em><strong>Prezident \u0130lham \u018fliyevin Vyanada Erm\u0259nistan\u0131n ba\u015f naziri Nikol Pa\u015finyanla apard\u0131\u011f\u0131 dan\u0131\u015f\u0131qlar v\u0259 onun n\u0259tic\u0259l\u0259ri ilk n\u00f6vb\u0259d\u0259 bir amili t\u0259sdiq edir ki, Az\u0259rbaycan he\u00e7 vaxt Da\u011fl\u0131q Qaraba\u011f\u0131n v\u0259 \u0259traf rayonlar\u0131n i\u015f\u011fal\u0131 il\u0259 bar\u0131\u015fmayacaq.<\/strong><\/em><\/p><\/blockquote>\n<p><strong>ARANTV.AZ<\/strong> x\u0259b\u0259r verir ki, bunu\u00a0<a href=\"https:\/\/az.trend.az\/\" target=\"_blank\" rel=\"noopener\"><span style=\"color: #000000;\">Trend<\/span><\/a>-\u0259 a\u00e7\u0131qlamas\u0131nda &#8220;S\u018fS&#8221; Media Qrupunun ba\u015f direktoru, siyasi ekspert B\u0259hruz Quliyev Az\u0259rbaycan Prezidenti \u0130lham \u018fliyevin Vyanada Rusiyan\u0131n TASS informasiya agentliyin\u0259 m\u00fcsahib\u0259sind\u0259 ir\u0259li s\u00fcrd\u00fcy\u00fc fikirl\u0259ri \u015f\u0259rh ed\u0259rk\u0259n deyib.<\/p>\n<p>O bildirib ki, bu dan\u0131\u015f\u0131qlara q\u0259d\u0259r xarici i\u015fl\u0259r nazirl\u0259ri bir ne\u00e7\u0259 d\u0259f\u0259 g\u00f6r\u00fc\u015f\u00fcbl\u0259r v\u0259 h\u0259min proses Erm\u0259nistan r\u0259hb\u0259rliyinin daha \u00f6nc\u0259l\u0259r verdiyi b\u0259yanatlardan imtinas\u0131 il\u0259 n\u0259tic\u0259l\u0259nib: &#8220;M\u0259hz bu bax\u0131mdan biz Vyana g\u00f6r\u00fc\u015f\u00fcn\u00fc v\u0259 \u0259ld\u0259 edil\u0259n n\u0259tic\u0259l\u0259ri Az\u0259rbaycan\u0131n n\u00f6vb\u0259ti diplomatik \u00fcst\u00fcnl\u00fcy\u00fc kimi qiym\u0259tl\u0259ndir\u0259 bil\u0259rik. Misal \u00fc\u00e7\u00fcn, xat\u0131rlaya bil\u0259rik ki, Nikol Pa\u015finyan ba\u015f nazir oldu\u011fu ilk vaxtlarda dan\u0131\u015f\u0131qlar prosesin\u0259 Az\u0259rbaycan\u0131n i\u015f\u011fal olunmu\u015f \u0259razil\u0259rind\u0259 yarad\u0131lm\u0131\u015f qondar rejimin d\u0259 qat\u0131lmal\u0131 oldu\u011funu b\u0259yan edirdi. Lakin Prezident \u0130lham \u018fliyevin q\u0259tiyy\u0259tli diplomatiyas\u0131, el\u0259c\u0259 d\u0259 el\u0259 bir format\u0131n qeyri-m\u00fcmk\u00fcnl\u00fcy\u00fc bar\u0259d\u0259 verdiyi b\u0259yanatlar erm\u0259ni t\u0259r\u0259finin h\u0259min iddiadan geri \u00e7\u0259kilm\u0259si il\u0259 n\u0259tic\u0259l\u0259ndi. Vyana g\u00f6r\u00fc\u015f\u00fcn\u00fcn raz\u0131la\u015fd\u0131r\u0131lmas\u0131na q\u0259d\u0259r xarici i\u015fl\u0259r nazirl\u0259rinin ortaq m\u0259xr\u0259c\u0259 g\u0259lm\u0259si d\u0259 m\u0259hz d\u00f6vl\u0259t ba\u015f\u00e7\u0131m\u0131z\u0131n \u00fcst\u00fcn diplomatiyas\u0131n\u0131n m\u0259ntiqi s\u00fcbutudur&#8221;.<\/p>\n<p>B.Quliyev vur\u011fulay\u0131b ki, Prezident \u0130lham \u018fliyevin bu dan\u0131\u015f\u0131qlarda \u0259ld\u0259 etdiyi daha bir \u00fcst\u00fcnl\u00fck humanitar m\u0259s\u0259l\u0259l\u0259rl\u0259 ba\u011fl\u0131d\u0131r: &#8220;Prosesin iki \u00f6lk\u0259 &#8211; Erm\u0259nistan v\u0259 Az\u0259rbaycan aras\u0131nda apar\u0131lmas\u0131 qar\u015f\u0131da n\u00f6vb\u0259ti m\u00fcmk\u00fcn raz\u0131la\u015fmalara stimul ver\u0259 bil\u0259c\u0259k. \u018fg\u0259r humanitar aksiyalarla ba\u011fl\u0131 m\u00fc\u0259yy\u0259n raz\u0131l\u0131qlar \u0259ld\u0259 olunubsa, qar\u015f\u0131da daha q\u0259ti raz\u0131la\u015fmalara da imza at\u0131la bil\u0259r. H\u0259m\u00e7inin o da \u0259b\u0259s deyil ki, Prezident \u0130lham \u018fliyev s\u00f6z\u00fcged\u0259n m\u00fcsahib\u0259sind\u0259 AT\u018fT-in Minsk qrupunun 9 mart b\u0259yanat\u0131n\u0131 da xat\u0131rlatd\u0131. Dan\u0131\u015f\u0131qlar prosesinin format\u0131n\u0131n d\u0259yi\u015fdirilm\u0259sin\u0259 yaln\u0131z iki \u00f6lk\u0259nin r\u0259hb\u0259rlikl\u0259rinin q\u0259rar ver\u0259 bil\u0259c\u0259yi il\u0259 ba\u011fl\u0131 s\u0259sl\u0259n\u0259n fikirl\u0259rin ard\u0131nca Az\u0259rbaycan he\u00e7 vaxt bu add\u0131ma raz\u0131 olmayaca\u011f\u0131n\u0131 b\u0259yan ed\u0259r\u0259k, \u00f6z prinsipial, q\u0259tiyy\u0259tli v\u0259 s\u0259rt m\u00f6vqeyini ortaya qoydu. Bu q\u0259tiyy\u0259t is\u0259 Erm\u0259nistan\u0131 substantivliy\u0259, y\u0259ni ilkin formata geri d\u00f6nm\u0259y\u0259 vadar etdi. Ona g\u00f6r\u0259 d\u0259 d\u00fc\u015f\u00fcn\u00fcr\u0259m ki, Vyana g\u00f6r\u00fc\u015f\u00fcnd\u0259 c\u0259nab \u0130lham \u018fliyevin diplomatik, el\u0259c\u0259 d\u0259 siyasi \u00fcst\u00fcnl\u00fcy\u00fc \u00f6z s\u00f6z\u00fcn\u00fc dedi&#8221;.<\/p>\n<p>Ekspert qeyd edib ki, Prezident \u0130lham \u018fliyevin siyasi diplomatik gedi\u015fl\u0259ri h\u0259m d\u0259 d\u00f6vl\u0259timizin ba\u015f\u00e7\u0131s\u0131n\u0131n beyn\u0259lxalq al\u0259md\u0259 y\u00fcks\u0259k n\u00fcfuzunun g\u00f6st\u0259ricisidir: &#8220;Biz bilirik ki, bir s\u0131ra beyn\u0259lxalq t\u0259\u015fkilatlar i\u015f\u011fal fakt\u0131n\u0131 pisl\u0259y\u0259n b\u0259yanatlarla \u00e7\u0131x\u0131\u015f edibl\u0259r, q\u0259tnam\u0259l\u0259r q\u0259bul olunub v\u0259 s. Y\u0259ni b\u00fct\u00fcn bunlar Az\u0259rbaycan \u0259razil\u0259rinin beyn\u0259lxalq s\u0259viyy\u0259d\u0259 tan\u0131nmas\u0131n\u0131n s\u00fcbutudur. O c\u00fcml\u0259d\u0259n, c\u0259nab \u0130lham \u018fliyevin q\u0259tiyy\u0259tli f\u0259aliyy\u0259ti say\u0259sind\u0259 bu g\u00fcn Erm\u0259nistan silahl\u0131 q\u00fcvv\u0259l\u0259rinin i\u015f\u011fal olunmu\u015f \u0259razil\u0259rimizd\u0259n \u00e7\u0131xar\u0131lmas\u0131 t\u0259l\u0259bi q\u00fcvv\u0259d\u0259 qalmaqdad\u0131r. Ona g\u00f6r\u0259 d\u0259 d\u00fc\u015f\u00fcn\u00fcr\u0259m ki, Vyana prosesi h\u0259min amilin davam\u0131, h\u0259m d\u0259 ba\u015flan\u011f\u0131c n\u00f6qt\u0259si hesab edil\u0259 bil\u0259r. \u00d6lk\u0259 ba\u015f\u00e7\u0131m\u0131z\u0131n m\u00fcsahib\u0259si d\u0259 bu reall\u0131\u011f\u0131 \u00f6z\u00fcnd\u0259 kifay\u0259t q\u0259d\u0259r \u0259ks etdirir&#8221;.<\/p>\n<p>Qeyd ed\u0259k ki, Az\u0259rbaycan Prezidenti \u0130lham \u018fliyevin mart\u0131n 29-da Vyanada Erm\u0259nistan-Az\u0259rbaycan m\u00fcnaqi\u015f\u0259sinin h\u0259llini m\u00fczakir\u0259 etm\u0259k \u00fc\u00e7\u00fcn Erm\u0259nistan\u0131n ba\u015f naziri Nikol Pa\u015finyanla g\u00f6r\u00fc\u015f\u00fc olub. T\u0259kb\u0259t\u0259k g\u00f6r\u00fc\u015f iki saatdan art\u0131q davam edib, sonra is\u0259 dan\u0131\u015f\u0131qlar AT\u018fT-in Minsk qrupunun h\u0259ms\u0259drl\u0259rinin v\u0259 iki \u00f6lk\u0259nin xarici i\u015fl\u0259r nazirl\u0259rinin i\u015ftirak\u0131 il\u0259 davam etdirilib.<\/p>\n<p>Az\u0259rbaycan v\u0259 Erm\u0259nistan xarici i\u015fl\u0259r nazirl\u0259ri v\u0259 h\u0259ms\u0259drl\u0259rin g\u00f6r\u00fc\u015f\u00fcn yekunu \u00fczr\u0259 birg\u0259 b\u0259yanat\u0131nda dan\u0131\u015f\u0131qlar prosesinin \u0259sas m\u0259s\u0259l\u0259l\u0259ri, substantiv m\u0259qamlar bar\u0259d\u0259 geni\u015f fikir m\u00fcbadil\u0259sinin apar\u0131ld\u0131\u011f\u0131 qeyd olunur. H\u0259m\u00e7inin s\u00fclh prosesinin ir\u0259li apar\u0131lmas\u0131 \u00fc\u00e7\u00fcn m\u00fcnasib v\u0259 m\u00fcnbit \u015f\u0259raitin yarad\u0131lmas\u0131n\u0131n, dan\u0131\u015f\u0131qlar prosesind\u0259 konkret v\u0259 n\u0259tic\u0259 y\u00f6n\u00fcml\u00fc add\u0131mlar\u0131n at\u0131lmas\u0131n\u0131n vacibliyi kimi m\u0259qamlar vur\u011fulan\u0131r.<\/p>\n","protected":false},"excerpt":{"rendered":"<p>Prezident \u0130lham \u018fliyevin Vyanada Erm\u0259nistan\u0131n ba\u015f naziri Nikol Pa\u015finyanla apard\u0131\u011f\u0131 dan\u0131\u015f\u0131qlar v\u0259 onun n\u0259tic\u0259l\u0259ri ilk n\u00f6vb\u0259d\u0259 bir amili t\u0259sdiq edir ki, Az\u0259rbaycan he\u00e7 vaxt Da\u011fl\u0131q Qaraba\u011f\u0131n v\u0259 \u0259traf rayonlar\u0131n i\u015f\u011fal\u0131 il\u0259 bar\u0131\u015fmayacaq. ARANTV.AZ x\u0259b\u0259r verir ki, bunu\u00a0Trend-\u0259 a\u00e7\u0131qlamas\u0131nda &#8220;S\u018fS&#8221; Media Qrupunun ba\u015f direktoru, siyasi ekspert B\u0259hruz Quliyev Az\u0259rbaycan Prezidenti \u0130lham \u018fliyevin Vyanada Rusiyan\u0131n TASS informasiya agentliyin\u0259 m\u00fcsahib\u0259sind\u0259 ir\u0259li s\u00fcrd\u00fcy\u00fc fikirl\u0259ri \u015f\u0259rh ed\u0259rk\u0259n deyib. O bildirib ki, bu dan\u0131\u015f\u0131qlara q\u0259d\u0259r xarici i\u015fl\u0259r nazirl\u0259ri bir ne\u00e7\u0259 d\u0259f\u0259 g\u00f6r\u00fc\u015f\u00fcbl\u0259r v\u0259 h\u0259min proses Erm\u0259nistan r\u0259hb\u0259rliyinin daha \u00f6nc\u0259l\u0259r verdiyi b\u0259yanatlardan imtinas\u0131 il\u0259 n\u0259tic\u0259l\u0259nib: &#8220;M\u0259hz bu&hellip;<\/p>\n","protected":false},"author":2,"featured_media":48269,"comment_status":"closed","ping_status":"closed","sticky":false,"template":"","format":"standard","meta":{"om_disable_all_campaigns":false,"_monsterinsights_skip_tracking":false,"_monsterinsights_sitenote_active":false,"_monsterinsights_sitenote_note":"","_monsterinsights_sitenote_category":0},"categories":[1],"tags":[],"aioseo_notices":[],"gutentor_comment":0,"rttpg_featured_image_url":{"full":["https:\/\/arantv.az\/wp-content\/uploads\/2019\/03\/742871.jpg",800,600,false],"landscape":["https:\/\/arantv.az\/wp-content\/uploads\/2019\/03\/742871.jpg",800,600,false],"portraits":["https:\/\/arantv.az\/wp-content\/uploads\/2019\/03\/742871.jpg",800,600,false],"thumbnail":["https:\/\/arantv.az\/wp-content\/uploads\/2019\/03\/742871-150x150.jpg",150,150,true],"medium":["https:\/\/arantv.az\/wp-content\/uploads\/2019\/03\/742871-300x225.jpg",300,225,true],"large":["https:\/\/arantv.az\/wp-content\/uploads\/2019\/03\/742871.jpg",640,480,false],"1536x1536":["https:\/\/arantv.az\/wp-content\/uploads\/2019\/03\/742871.jpg",800,600,false],"2048x2048":["https:\/\/arantv.az\/wp-content\/uploads\/2019\/03\/742871.jpg",800,600,false],"post-thumbnail":["https:\/\/arantv.az\/wp-content\/uploads\/2019\/03\/742871-240x172.jpg",240,172,true],"advps-thumb-one":["https:\/\/arantv.az\/wp-content\/uploads\/2019\/03\/742871.jpg",800,600,false]},"rttpg_author":{"display_name":"V\u00fcsal Rafiqo\u011flu","author_link":"https:\/\/arantv.az\/?author=2"},"rttpg_comment":0,"rttpg_category":"<a href=\"https:\/\/arantv.az\/?cat=1\" rel=\"category\">C\u0259miyy\u0259t<\/a>","rttpg_excerpt":"Prezident \u0130lham \u018fliyevin Vyanada Erm\u0259nistan\u0131n ba\u015f naziri Nikol Pa\u015finyanla apard\u0131\u011f\u0131 dan\u0131\u015f\u0131qlar v\u0259 onun n\u0259tic\u0259l\u0259ri ilk n\u00f6vb\u0259d\u0259 bir amili t\u0259sdiq edir ki, Az\u0259rbaycan he\u00e7 vaxt Da\u011fl\u0131q Qaraba\u011f\u0131n v\u0259 \u0259traf rayonlar\u0131n i\u015f\u011fal\u0131 il\u0259 bar\u0131\u015fmayacaq. ARANTV.AZ x\u0259b\u0259r verir ki, bunu\u00a0Trend-\u0259 a\u00e7\u0131qlamas\u0131nda &#8220;S\u018fS&#8221; Media Qrupunun ba\u015f direktoru, siyasi ekspert B\u0259hruz Quliyev Az\u0259rbaycan Prezidenti \u0130lham \u018fliyevin Vyanada Rusiyan\u0131n TASS informasiya&hellip;","_links":{"self":[{"href":"https:\/\/arantv.az\/index.php?rest_route=\/wp\/v2\/posts\/48268"}],"collection":[{"href":"https:\/\/arantv.az\/index.php?rest_route=\/wp\/v2\/posts"}],"about":[{"href":"https:\/\/arantv.az\/index.php?rest_route=\/wp\/v2\/types\/post"}],"author":[{"embeddable":true,"href":"https:\/\/arantv.az\/index.php?rest_route=\/wp\/v2\/users\/2"}],"replies":[{"embeddable":true,"href":"https:\/\/arantv.az\/index.php?rest_route=%2Fwp%2Fv2%2Fcomments&post=48268"}],"version-history":[{"count":0,"href":"https:\/\/arantv.az\/index.php?rest_route=\/wp\/v2\/posts\/48268\/revisions"}],"wp:featuredmedia":[{"embeddable":true,"href":"https:\/\/arantv.az\/index.php?rest_route=\/wp\/v2\/media\/48269"}],"wp:attachment":[{"href":"https:\/\/arantv.az\/index.php?rest_route=%2Fwp%2Fv2%2Fmedia&parent=48268"}],"wp:term":[{"taxonomy":"category","embeddable":true,"href":"https:\/\/arantv.az\/index.php?rest_route=%2Fwp%2Fv2%2Fcategories&post=48268"},{"taxonomy":"post_tag","embeddable":true,"href":"https:\/\/arantv.az\/index.php?rest_route=%2Fwp%2Fv2%2Ftags&post=48268"}],"curies":[{"name":"wp","href":"https:\/\/api.w.org\/{rel}","templated":true}]}}