{"id":48280,"date":"2019-03-30T13:21:54","date_gmt":"2019-03-30T10:21:54","guid":{"rendered":"http:\/\/arantv.az\/?p=48280"},"modified":"2019-03-30T13:21:54","modified_gmt":"2019-03-30T10:21:54","slug":"fransali-senator-az%c9%99rbaycan-v%c9%99-erm%c9%99nistan-liderl%c9%99rinin-vyana-gorusu-birbasa-dialoqa-qayitmaq-ucun-%c9%99la-addimdir","status":"publish","type":"post","link":"https:\/\/arantv.az\/?p=48280","title":{"rendered":"Fransal\u0131 senator: &#8220;Az\u0259rbaycan v\u0259 Erm\u0259nistan liderl\u0259rinin Vyana g\u00f6r\u00fc\u015f\u00fc birba\u015fa dialoqa qay\u0131tmaq \u00fc\u00e7\u00fcn \u0259la add\u0131md\u0131r&#8221;"},"content":{"rendered":"<blockquote><p><em><strong>Mart\u0131n 29-da Avstriyan\u0131n paytaxt\u0131 Vyanada Az\u0259rbaycan Prezidenti \u0130lham \u018fliyevl\u0259 Erm\u0259nistan\u0131n ba\u015f naziri Nikol Pa\u015finyan aras\u0131nda g\u00f6r\u00fc\u015f\u00fcn ke\u00e7irilm\u0259si Da\u011fl\u0131q Qaraba\u011f m\u00fcnaqi\u015f\u0259sinin nizamlanmas\u0131 \u00fczr\u0259 birba\u015fa dialoqa qay\u0131tmaq bax\u0131m\u0131ndan \u0259la add\u0131md\u0131r.<\/strong><\/em><\/p><\/blockquote>\n<p><strong>ARANTV.AZ<\/strong> x\u0259b\u0259r verir ki, bunu\u00a0<span style=\"color: #000000;\"><a style=\"color: #000000;\" href=\"http:\/\/trend.az\/\" target=\"_blank\" rel=\"noopener\">Trend<\/a><\/span>-\u0259 a\u00e7\u0131qlamas\u0131nda Fransa Senat\u0131n\u0131n Xarici i\u015fl\u0259r komit\u0259sinin s\u0259dr m\u00fcavini, senator Natali Qule deyib.<\/p>\n<p>Onun fikrinc\u0259, AT\u018fT-in Minsk qrupunun \u00f6z rolunu oynamas\u0131 v\u0259 m\u00fcnaqi\u015f\u0259nin \u0259dal\u0259tli h\u0259lli yolunun tap\u0131lmas\u0131na k\u00f6m\u0259k etm\u0259si d\u0259 \u00e7ox m\u00fch\u00fcmd\u00fcr:<\/p>\n<p>&#8220;Bu g\u00f6r\u00fc\u015f m\u00fcnaqi\u015f\u0259nin h\u0259lli \u00fc\u00e7\u00fcn siyasi irad\u0259ni n\u00fcmayi\u015f etdirdi. Lakin i\u015f\u011fal\u0131n onillikl\u0259r boyunca davam etdiyini n\u0259z\u0259r\u0259 alsaq, biz\u0259 t\u0259kc\u0259 dan\u0131\u015f\u0131qlar deyil, konkret f\u0259aliyy\u0259t laz\u0131md\u0131r. \u0130lkin olaraq Da\u011fl\u0131q Qaraba\u011f \u0259traf\u0131ndak\u0131 rayonlar\u0131n azad edilm\u0259sin\u0259 nail olmaq vacibdir&#8221;.<\/p>\n<p>N.Qule \u00fcmid etdiyini bildirib ki, liderl\u0259r aras\u0131nda birba\u015fa dan\u0131\u015f\u0131qlar m\u00fc\u0259yy\u0259n n\u0259tic\u0259 ver\u0259c\u0259k:<\/p>\n<p>&#8220;Lakin iki \u00f6lk\u0259nin v\u0259t\u0259nda\u015f c\u0259miyy\u0259tl\u0259ri aras\u0131nda dialoqun qurulmas\u0131 da vacibdir. Parlament diplomatiyas\u0131 \u00fc\u00e7\u00fcn d\u0259 potensial var. \u015e\u00fcbh\u0259siz ki, t\u0259r\u0259fl\u0259r daha \u00e7ox s\u00fclh ba\u011flama\u011fa s\u0259y g\u00f6st\u0259rirl\u0259r, n\u0259inki m\u00fcharib\u0259y\u0259 ba\u015flama\u011fa&#8221;.<\/p>\n<p>Qeyd ed\u0259k ki, Az\u0259rbaycan Prezidenti \u0130lham \u018fliyevin mart\u0131n 29-da Vyanada Erm\u0259nistan-Az\u0259rbaycan m\u00fcnaqi\u015f\u0259sinin h\u0259llini m\u00fczakir\u0259 etm\u0259k \u00fc\u00e7\u00fcn Erm\u0259nistan\u0131n ba\u015f naziri Nikol Pa\u015finyanla g\u00f6r\u00fc\u015f\u00fc olub. T\u0259kb\u0259t\u0259k g\u00f6r\u00fc\u015f iki saatdan art\u0131q davam edib, sonra is\u0259 dan\u0131\u015f\u0131qlar AT\u018fT-in Minsk qrupunun h\u0259ms\u0259drl\u0259rinin v\u0259 iki \u00f6lk\u0259nin xarici i\u015fl\u0259r nazirl\u0259rinin i\u015ftirak\u0131 il\u0259 davam etdirilib.<\/p>\n<p>Az\u0259rbaycan v\u0259 Erm\u0259nistan xarici i\u015fl\u0259r nazirl\u0259ri v\u0259 h\u0259ms\u0259drl\u0259rin g\u00f6r\u00fc\u015f\u00fcn yekunu \u00fczr\u0259 birg\u0259 b\u0259yanat\u0131nda dan\u0131\u015f\u0131qlar prosesinin \u0259sas m\u0259s\u0259l\u0259l\u0259ri, substantiv m\u0259qamlar bar\u0259d\u0259 geni\u015f fikir m\u00fcbadil\u0259sinin apar\u0131ld\u0131\u011f\u0131 qeyd olunur. H\u0259m\u00e7inin s\u00fclh prosesinin ir\u0259li apar\u0131lmas\u0131 \u00fc\u00e7\u00fcn m\u00fcnasib v\u0259 m\u00fcnbit \u015f\u0259raitin yarad\u0131lmas\u0131n\u0131n, dan\u0131\u015f\u0131qlar prosesind\u0259 konkret v\u0259 n\u0259tic\u0259 y\u00f6n\u00fcml\u00fc add\u0131mlar\u0131n at\u0131lmas\u0131n\u0131n vacibliyi kimi m\u0259qamlar vur\u011fulan\u0131r.<\/p>\n","protected":false},"excerpt":{"rendered":"<p>Mart\u0131n 29-da Avstriyan\u0131n paytaxt\u0131 Vyanada Az\u0259rbaycan Prezidenti \u0130lham \u018fliyevl\u0259 Erm\u0259nistan\u0131n ba\u015f naziri Nikol Pa\u015finyan aras\u0131nda g\u00f6r\u00fc\u015f\u00fcn ke\u00e7irilm\u0259si Da\u011fl\u0131q Qaraba\u011f m\u00fcnaqi\u015f\u0259sinin nizamlanmas\u0131 \u00fczr\u0259 birba\u015fa dialoqa qay\u0131tmaq bax\u0131m\u0131ndan \u0259la add\u0131md\u0131r. ARANTV.AZ x\u0259b\u0259r verir ki, bunu\u00a0Trend-\u0259 a\u00e7\u0131qlamas\u0131nda Fransa Senat\u0131n\u0131n Xarici i\u015fl\u0259r komit\u0259sinin s\u0259dr m\u00fcavini, senator Natali Qule deyib. Onun fikrinc\u0259, AT\u018fT-in Minsk qrupunun \u00f6z rolunu oynamas\u0131 v\u0259 m\u00fcnaqi\u015f\u0259nin \u0259dal\u0259tli h\u0259lli yolunun tap\u0131lmas\u0131na k\u00f6m\u0259k etm\u0259si d\u0259 \u00e7ox m\u00fch\u00fcmd\u00fcr: &#8220;Bu g\u00f6r\u00fc\u015f m\u00fcnaqi\u015f\u0259nin h\u0259lli \u00fc\u00e7\u00fcn siyasi irad\u0259ni n\u00fcmayi\u015f etdirdi. Lakin i\u015f\u011fal\u0131n onillikl\u0259r boyunca davam etdiyini n\u0259z\u0259r\u0259 alsaq, biz\u0259 t\u0259kc\u0259 dan\u0131\u015f\u0131qlar deyil, konkret f\u0259aliyy\u0259t laz\u0131md\u0131r. \u0130lkin olaraq&hellip;<\/p>\n","protected":false},"author":2,"featured_media":48281,"comment_status":"closed","ping_status":"closed","sticky":false,"template":"","format":"standard","meta":{"om_disable_all_campaigns":false,"_monsterinsights_skip_tracking":false,"_monsterinsights_sitenote_active":false,"_monsterinsights_sitenote_note":"","_monsterinsights_sitenote_category":0},"categories":[4],"tags":[],"aioseo_notices":[],"gutentor_comment":0,"rttpg_featured_image_url":{"full":["https:\/\/arantv.az\/wp-content\/uploads\/2019\/03\/742889.jpg",1200,900,false],"landscape":["https:\/\/arantv.az\/wp-content\/uploads\/2019\/03\/742889.jpg",1200,900,false],"portraits":["https:\/\/arantv.az\/wp-content\/uploads\/2019\/03\/742889.jpg",1200,900,false],"thumbnail":["https:\/\/arantv.az\/wp-content\/uploads\/2019\/03\/742889-150x150.jpg",150,150,true],"medium":["https:\/\/arantv.az\/wp-content\/uploads\/2019\/03\/742889-300x225.jpg",300,225,true],"large":["https:\/\/arantv.az\/wp-content\/uploads\/2019\/03\/742889-1024x768.jpg",640,480,true],"1536x1536":["https:\/\/arantv.az\/wp-content\/uploads\/2019\/03\/742889.jpg",1200,900,false],"2048x2048":["https:\/\/arantv.az\/wp-content\/uploads\/2019\/03\/742889.jpg",1200,900,false],"post-thumbnail":["https:\/\/arantv.az\/wp-content\/uploads\/2019\/03\/742889-240x172.jpg",240,172,true],"advps-thumb-one":["https:\/\/arantv.az\/wp-content\/uploads\/2019\/03\/742889-1200x620.jpg",1200,620,true]},"rttpg_author":{"display_name":"V\u00fcsal Rafiqo\u011flu","author_link":"https:\/\/arantv.az\/?author=2"},"rttpg_comment":0,"rttpg_category":"<a href=\"https:\/\/arantv.az\/?cat=4\" rel=\"category\">Siyas\u0259t<\/a>","rttpg_excerpt":"Mart\u0131n 29-da Avstriyan\u0131n paytaxt\u0131 Vyanada Az\u0259rbaycan Prezidenti \u0130lham \u018fliyevl\u0259 Erm\u0259nistan\u0131n ba\u015f naziri Nikol Pa\u015finyan aras\u0131nda g\u00f6r\u00fc\u015f\u00fcn ke\u00e7irilm\u0259si Da\u011fl\u0131q Qaraba\u011f m\u00fcnaqi\u015f\u0259sinin nizamlanmas\u0131 \u00fczr\u0259 birba\u015fa dialoqa qay\u0131tmaq bax\u0131m\u0131ndan \u0259la add\u0131md\u0131r. ARANTV.AZ x\u0259b\u0259r verir ki, bunu\u00a0Trend-\u0259 a\u00e7\u0131qlamas\u0131nda Fransa Senat\u0131n\u0131n Xarici i\u015fl\u0259r komit\u0259sinin s\u0259dr m\u00fcavini, senator Natali Qule deyib. Onun fikrinc\u0259, AT\u018fT-in Minsk qrupunun \u00f6z rolunu oynamas\u0131 v\u0259 m\u00fcnaqi\u015f\u0259nin&hellip;","_links":{"self":[{"href":"https:\/\/arantv.az\/index.php?rest_route=\/wp\/v2\/posts\/48280"}],"collection":[{"href":"https:\/\/arantv.az\/index.php?rest_route=\/wp\/v2\/posts"}],"about":[{"href":"https:\/\/arantv.az\/index.php?rest_route=\/wp\/v2\/types\/post"}],"author":[{"embeddable":true,"href":"https:\/\/arantv.az\/index.php?rest_route=\/wp\/v2\/users\/2"}],"replies":[{"embeddable":true,"href":"https:\/\/arantv.az\/index.php?rest_route=%2Fwp%2Fv2%2Fcomments&post=48280"}],"version-history":[{"count":0,"href":"https:\/\/arantv.az\/index.php?rest_route=\/wp\/v2\/posts\/48280\/revisions"}],"wp:featuredmedia":[{"embeddable":true,"href":"https:\/\/arantv.az\/index.php?rest_route=\/wp\/v2\/media\/48281"}],"wp:attachment":[{"href":"https:\/\/arantv.az\/index.php?rest_route=%2Fwp%2Fv2%2Fmedia&parent=48280"}],"wp:term":[{"taxonomy":"category","embeddable":true,"href":"https:\/\/arantv.az\/index.php?rest_route=%2Fwp%2Fv2%2Fcategories&post=48280"},{"taxonomy":"post_tag","embeddable":true,"href":"https:\/\/arantv.az\/index.php?rest_route=%2Fwp%2Fv2%2Ftags&post=48280"}],"curies":[{"name":"wp","href":"https:\/\/api.w.org\/{rel}","templated":true}]}}