{"id":48286,"date":"2019-03-30T13:25:25","date_gmt":"2019-03-30T10:25:25","guid":{"rendered":"http:\/\/arantv.az\/?p=48286"},"modified":"2019-03-30T13:25:25","modified_gmt":"2019-03-30T10:25:25","slug":"rusiyadan-az%c9%99rbaycana-kuru-kecirilm%c9%99sinin-qarsisi-alindi","status":"publish","type":"post","link":"https:\/\/arantv.az\/?p=48286","title":{"rendered":"Rusiyadan Az\u0259rbaycana k\u00fcr\u00fc ke\u00e7irilm\u0259sinin qar\u015f\u0131s\u0131 al\u0131nd\u0131"},"content":{"rendered":"<div class=\"row m-0 p-0 mt-2\">\n<div class=\"col-12 col-sm-12 col-lg-12 icSehifeBody p-2 m-0\">\n<p><strong>G\u00f6mr\u00fckd\u0259 bal\u0131q k\u00fcr\u00fcs\u00fc v\u0259 siqaretl\u0259r a\u015fkarlan\u0131b.<\/strong><\/p>\n<p><strong>ARANTV.AZ\u00a0<\/strong>\u00a0 x\u0259b\u0259r verir ki, \u015eimal \u018frazi Ba\u015f G\u00f6mr\u00fck \u0130dar\u0259sinin &#8220;Samur&#8221; g\u00f6mr\u00fck postunun idxal g\u00f6mr\u00fck n\u0259zar\u0259ti x\u0259ttin\u0259 Rusiya Federasiyas\u0131 istiqam\u0259tind\u0259n daxil olan Az\u0259rbaycan Respublikas\u0131 v\u0259t\u0259nda\u015f\u0131n\u0131n idar\u0259 etdiyi &#8220;Mitsubishi Airtrek&#8221; markal\u0131 n\u0259qliyyat vasit\u0259si saxlan\u0131l\u0131b v\u0259 rentgen qur\u011fusu vasit\u0259sil\u0259 avtomobil\u0259 g\u00f6mr\u00fck bax\u0131\u015f\u0131 ke\u00e7irilib.<\/p>\n<p>Bax\u0131\u015f zaman\u0131 \u015f\u00fcbh\u0259li m\u0259qamlar m\u00fc\u0259yy\u0259n edildiyind\u0259n t\u0259krar g\u00f6mr\u00fck yoxlamas\u0131 apar\u0131l\u0131b v\u0259 n\u0259qliyyat vasit\u0259sinin yanacaq \u00e7\u0259ninin i\u00e7\u0259risind\u0259 x\u00fcsusi haz\u0131rlanm\u0131\u015f gizli saxlanc yerind\u0259n g\u00f6mr\u00fck n\u0259zar\u0259tind\u0259n gizl\u0259dil\u0259n, qablar\u0131 il\u0259 birlikd\u0259 \u00fcmumi \u00e7\u0259kisi 13800 qram olan 26 \u0259d\u0259d plastik qablarda qara r\u0259ngli d\u0259n\u0259vari bal\u0131q k\u00fcr\u00fcs\u00fc v\u0259 700 \u0259d\u0259d &#8220;Belomorkanal&#8221; markal\u0131 siqaretl\u0259r a\u015fkar olunub.<\/p>\n<p>Faktla ba\u011fl\u0131 ara\u015fd\u0131rma apar\u0131l\u0131r.<\/p>\n<\/div>\n<\/div>\n<div class=\"row m-0 pl-2 p-0\">\n<div class=\"col-12 col-sm-12 col-lg-12 m-0 p-0\">\n<div id=\"slide_prev_cyan\" class=\"slider_prev_cyan\"><\/div>\n<div id=\"slide_next_cyan\" class=\"slider_next_cyan\"><\/div>\n<div class=\"lSSlideOuter noPager\">\n<div class=\"lSSlideWrapper usingCss\">\n<ul id=\"photoGallery1\" class=\"lightSlider lsGrab lSSlide\">\n<li class=\"lslide active\" data-thumb=\"\/photos\/unikal\/1553941165_kuru.JPG\"><img title=\"Rusiyadan Az\u0259rbaycana k\u00fcr\u00fc ke\u00e7irilm\u0259sinin qar\u015f\u0131s\u0131 al\u0131nd\u0131\" src=\"http:\/\/www.unikal.org\/photos\/unikal\/1553941165_kuru.JPG\" alt=\"Rusiyadan Az\u0259rbaycana k\u00fcr\u00fc ke\u00e7irilm\u0259sinin qar\u015f\u0131s\u0131 al\u0131nd\u0131\" \/><\/li>\n<\/ul>\n<\/div>\n<\/div>\n<\/div>\n<\/div>\n<div class=\"row m-0 pl-2 p-0 mt-1\">\n<div class=\"\">Unikal.org<\/div>\n<\/div>\n","protected":false},"excerpt":{"rendered":"<p>G\u00f6mr\u00fckd\u0259 bal\u0131q k\u00fcr\u00fcs\u00fc v\u0259 siqaretl\u0259r a\u015fkarlan\u0131b. ARANTV.AZ\u00a0\u00a0 x\u0259b\u0259r verir ki, \u015eimal \u018frazi Ba\u015f G\u00f6mr\u00fck \u0130dar\u0259sinin &#8220;Samur&#8221; g\u00f6mr\u00fck postunun idxal g\u00f6mr\u00fck n\u0259zar\u0259ti x\u0259ttin\u0259 Rusiya Federasiyas\u0131 istiqam\u0259tind\u0259n daxil olan Az\u0259rbaycan Respublikas\u0131 v\u0259t\u0259nda\u015f\u0131n\u0131n idar\u0259 etdiyi &#8220;Mitsubishi Airtrek&#8221; markal\u0131 n\u0259qliyyat vasit\u0259si saxlan\u0131l\u0131b v\u0259 rentgen qur\u011fusu vasit\u0259sil\u0259 avtomobil\u0259 g\u00f6mr\u00fck bax\u0131\u015f\u0131 ke\u00e7irilib. Bax\u0131\u015f zaman\u0131 \u015f\u00fcbh\u0259li m\u0259qamlar m\u00fc\u0259yy\u0259n edildiyind\u0259n t\u0259krar g\u00f6mr\u00fck yoxlamas\u0131 apar\u0131l\u0131b v\u0259 n\u0259qliyyat vasit\u0259sinin yanacaq \u00e7\u0259ninin i\u00e7\u0259risind\u0259 x\u00fcsusi haz\u0131rlanm\u0131\u015f gizli saxlanc yerind\u0259n g\u00f6mr\u00fck n\u0259zar\u0259tind\u0259n gizl\u0259dil\u0259n, qablar\u0131 il\u0259 birlikd\u0259 \u00fcmumi \u00e7\u0259kisi 13800 qram olan 26 \u0259d\u0259d plastik qablarda qara r\u0259ngli d\u0259n\u0259vari bal\u0131q k\u00fcr\u00fcs\u00fc v\u0259 700 \u0259d\u0259d&hellip;<\/p>\n","protected":false},"author":2,"featured_media":48287,"comment_status":"closed","ping_status":"closed","sticky":false,"template":"","format":"standard","meta":{"om_disable_all_campaigns":false,"_monsterinsights_skip_tracking":false,"_monsterinsights_sitenote_active":false,"_monsterinsights_sitenote_note":"","_monsterinsights_sitenote_category":0},"categories":[5],"tags":[],"aioseo_notices":[],"gutentor_comment":0,"rttpg_featured_image_url":{"full":["https:\/\/arantv.az\/wp-content\/uploads\/2019\/03\/1553941165_kuru.jpg",554,311,false],"landscape":["https:\/\/arantv.az\/wp-content\/uploads\/2019\/03\/1553941165_kuru.jpg",554,311,false],"portraits":["https:\/\/arantv.az\/wp-content\/uploads\/2019\/03\/1553941165_kuru.jpg",554,311,false],"thumbnail":["https:\/\/arantv.az\/wp-content\/uploads\/2019\/03\/1553941165_kuru-150x150.jpg",150,150,true],"medium":["https:\/\/arantv.az\/wp-content\/uploads\/2019\/03\/1553941165_kuru-300x168.jpg",300,168,true],"large":["https:\/\/arantv.az\/wp-content\/uploads\/2019\/03\/1553941165_kuru.jpg",554,311,false],"1536x1536":["https:\/\/arantv.az\/wp-content\/uploads\/2019\/03\/1553941165_kuru.jpg",554,311,false],"2048x2048":["https:\/\/arantv.az\/wp-content\/uploads\/2019\/03\/1553941165_kuru.jpg",554,311,false],"post-thumbnail":["https:\/\/arantv.az\/wp-content\/uploads\/2019\/03\/1553941165_kuru-240x172.jpg",240,172,true],"advps-thumb-one":["https:\/\/arantv.az\/wp-content\/uploads\/2019\/03\/1553941165_kuru.jpg",554,311,false]},"rttpg_author":{"display_name":"V\u00fcsal Rafiqo\u011flu","author_link":"https:\/\/arantv.az\/?author=2"},"rttpg_comment":0,"rttpg_category":"<a href=\"https:\/\/arantv.az\/?cat=5\" rel=\"category\">Hadis\u0259<\/a>","rttpg_excerpt":"G\u00f6mr\u00fckd\u0259 bal\u0131q k\u00fcr\u00fcs\u00fc v\u0259 siqaretl\u0259r a\u015fkarlan\u0131b. ARANTV.AZ\u00a0\u00a0 x\u0259b\u0259r verir ki, \u015eimal \u018frazi Ba\u015f G\u00f6mr\u00fck \u0130dar\u0259sinin &#8220;Samur&#8221; g\u00f6mr\u00fck postunun idxal g\u00f6mr\u00fck n\u0259zar\u0259ti x\u0259ttin\u0259 Rusiya Federasiyas\u0131 istiqam\u0259tind\u0259n daxil olan Az\u0259rbaycan Respublikas\u0131 v\u0259t\u0259nda\u015f\u0131n\u0131n idar\u0259 etdiyi &#8220;Mitsubishi Airtrek&#8221; markal\u0131 n\u0259qliyyat vasit\u0259si saxlan\u0131l\u0131b v\u0259 rentgen qur\u011fusu vasit\u0259sil\u0259 avtomobil\u0259 g\u00f6mr\u00fck bax\u0131\u015f\u0131 ke\u00e7irilib. Bax\u0131\u015f zaman\u0131 \u015f\u00fcbh\u0259li m\u0259qamlar m\u00fc\u0259yy\u0259n edildiyind\u0259n t\u0259krar g\u00f6mr\u00fck yoxlamas\u0131&hellip;","_links":{"self":[{"href":"https:\/\/arantv.az\/index.php?rest_route=\/wp\/v2\/posts\/48286"}],"collection":[{"href":"https:\/\/arantv.az\/index.php?rest_route=\/wp\/v2\/posts"}],"about":[{"href":"https:\/\/arantv.az\/index.php?rest_route=\/wp\/v2\/types\/post"}],"author":[{"embeddable":true,"href":"https:\/\/arantv.az\/index.php?rest_route=\/wp\/v2\/users\/2"}],"replies":[{"embeddable":true,"href":"https:\/\/arantv.az\/index.php?rest_route=%2Fwp%2Fv2%2Fcomments&post=48286"}],"version-history":[{"count":0,"href":"https:\/\/arantv.az\/index.php?rest_route=\/wp\/v2\/posts\/48286\/revisions"}],"wp:featuredmedia":[{"embeddable":true,"href":"https:\/\/arantv.az\/index.php?rest_route=\/wp\/v2\/media\/48287"}],"wp:attachment":[{"href":"https:\/\/arantv.az\/index.php?rest_route=%2Fwp%2Fv2%2Fmedia&parent=48286"}],"wp:term":[{"taxonomy":"category","embeddable":true,"href":"https:\/\/arantv.az\/index.php?rest_route=%2Fwp%2Fv2%2Fcategories&post=48286"},{"taxonomy":"post_tag","embeddable":true,"href":"https:\/\/arantv.az\/index.php?rest_route=%2Fwp%2Fv2%2Ftags&post=48286"}],"curies":[{"name":"wp","href":"https:\/\/api.w.org\/{rel}","templated":true}]}}