{"id":48381,"date":"2019-04-01T08:17:18","date_gmt":"2019-04-01T05:17:18","guid":{"rendered":"http:\/\/arantv.az\/?p=48381"},"modified":"2019-04-01T08:17:18","modified_gmt":"2019-04-01T05:17:18","slug":"bu-gund%c9%99n-sosial-muavin%c9%99tl%c9%99rin-m%c9%99bl%c9%99gi-artir","status":"publish","type":"post","link":"https:\/\/arantv.az\/?p=48381","title":{"rendered":"Bu g\u00fcnd\u0259n sosial m\u00fcavin\u0259tl\u0259rin m\u0259bl\u0259\u011fi art\u0131r"},"content":{"rendered":"<p><strong>Bu g\u00fcnd\u0259n sosial m\u00fcavin\u0259tl\u0259rin m\u0259bl\u0259\u011fi art\u0131r.<\/strong><\/p>\n<p><strong>ARANTV.AZ<\/strong>\u00a0\u00a0<span style=\"color: #000000;\"><a style=\"color: #000000;\" href=\"https:\/\/az.trend.az\/\" target=\"_blank\" rel=\"noopener\">Trend<\/a><\/span>-\u0259 istinad\u0259n x\u0259b\u0259r verir ki, aprelin 1-d\u0259n art\u0131mlar t\u0259tbiq olunmaqla, yeni t\u0259qa\u00fcd n\u00f6vl\u0259ri d\u0259 t\u0259sis olunacaq. Eyni zamanda, art\u0131r\u0131lm\u0131\u015f sosial m\u00fcavin\u0259t v\u0259 t\u0259qa\u00fcdl\u0259r el\u0259 aprel ay\u0131nda yeni art\u0131mla birg\u0259 veril\u0259c\u0259k, yeni t\u0259qa\u00fcd n\u00f6vl\u0259rinin d\u0259 \u00f6d\u0259ni\u015fi d\u0259 aydan t\u0259min edil\u0259c\u0259k.<\/p>\n<p>Qeyd ed\u0259k ki, Az\u0259rbaycan Respublikas\u0131n\u0131n Prezidenti \u0130lham \u018fliyevin 25 fevral 2019-cu il tarixli s\u0259r\u0259ncam\u0131na uy\u011fun olaraq, 14 kateqoriya \u00fczr\u0259 sosial m\u00fcavin\u0259tl\u0259rin v\u0259 7 kateqoriya \u00fczr\u0259 Prezident t\u0259qa\u00fcdl\u0259rinin orta hesabla 100 faiz art\u0131r\u0131lmas\u0131, h\u0259m\u00e7inin 2 kateqoriya \u00fczr\u0259 yeni Prezident t\u0259qa\u00fcdl\u0259rinin t\u0259sis edilm\u0259si \u00fc\u00e7\u00fcn m\u00fcvafiq normativ aktlar haz\u0131rlanaraq aiddiyat\u0131 \u00fczr\u0259 t\u0259qdim edilib.<\/p>\n<p>\u018fm\u0259k v\u0259 \u0259halinin sosial m\u00fcdafi\u0259si naziri Sahil Babayev bildirmi\u015fdi ki, s\u0259r\u0259ncam \u0259n h\u0259ssas kateqoriyalardan olan 600 min\u0259d\u0259k v\u0259t\u0259nda\u015f\u0131, o c\u00fcml\u0259d\u0259n \u0259lilliyi olan 300 min \u015f\u0259xsi \u0259hat\u0259 ed\u0259c\u0259k. O, sosial m\u00fcavin\u0259tl\u0259rin v\u0259 t\u0259qa\u00fcdl\u0259rin art\u0131r\u0131lmas\u0131, h\u0259m\u00e7inin yeni t\u0259qa\u00fcdl\u0259rin t\u0259sis olunmas\u0131 \u00fc\u00e7\u00fcn illik \u0259lav\u0259 olaraq 400 milyon manat v\u0259sait ayr\u0131laca\u011f\u0131n\u0131 bildirib.<\/p>\n<p>S\u0259r\u0259ncam \u00fcmumilikd\u0259 576,8 min n\u0259f\u0259r\u0259 y\u00f6n\u0259l\u0259n sosial m\u00fcavin\u0259tl\u0259rin v\u0259 Prezidentin ayl\u0131q t\u0259qa\u00fcdl\u0259rinin \u0259h\u0259miyy\u0259tli d\u0259r\u0259c\u0259d\u0259 art\u0131r\u0131lmas\u0131n\u0131, el\u0259c\u0259 d\u0259 h\u0259min t\u0259qa\u00fcdl\u0259rin \u0259hat\u0259 dair\u0259sinin daha da geni\u015fl\u0259ndirilm\u0259sini n\u0259z\u0259rd\u0259 tutur.<\/p>\n<div id=\"AdributorNativeVideo0\" class=\"AdributorNativeVideo\"><\/div>\n<p>S\u0259r\u0259ncama uy\u011fun olaraq, sosial m\u00fcavin\u0259tin m\u0259bl\u0259\u011fi ya\u015fa g\u00f6r\u0259 m\u00fcavin\u0259t alanlar \u00fc\u00e7\u00fcn 73 manatdan 130 manata, I qrup \u0259lilliy\u0259 g\u00f6r\u0259 (\u00fcmumi s\u0259b\u0259bd\u0259n \u0259lill\u0259r \u00fc\u00e7\u00fcn 82 manatdan, m\u00fcharib\u0259 \u0259lill\u0259ri \u00fc\u00e7\u00fcn 101 manatdan, &#8220;\u00c7ernob\u0131l AES-d\u0259 h\u0259rbi xidm\u0259tl\u0259r \u0259laq\u0259dar&#8221; v\u0259 &#8220;h\u0259rbi xidm\u0259t v\u0259zif\u0259sini yerin\u0259 yetirm\u0259kl\u0259 \u0259laq\u0259dar&#8221; \u0259lilliyi olanlar \u00fc\u00e7\u00fcn 94 manatdan) 150 manata, II qrup \u0259lilliy\u0259 g\u00f6r\u0259 (\u00fcmumi s\u0259b\u0259bd\u0259n \u0259lill\u0259r \u00fc\u00e7\u00fcn 61 manatdan, m\u00fcharib\u0259 \u0259lill\u0259ri, &#8220;\u00c7ernob\u0131l AES-d\u0259 h\u0259rbi xidm\u0259tl\u0259r \u0259laq\u0259dar&#8221; v\u0259 &#8220;h\u0259rbi xidm\u0259t v\u0259zif\u0259sini yerin\u0259 yetirm\u0259kl\u0259 \u0259laq\u0259dar&#8221; \u0259lilliyi olanlar \u00fc\u00e7\u00fcn 81 manatdan) 130 manata, III qrup \u0259lilliy\u0259 g\u00f6r\u0259 is\u0259 (\u00fcmumi s\u0259b\u0259bl\u0259rd\u0259n \u0259lill\u0259r \u00fc\u00e7\u00fcn 52 manatdan, m\u00fcharib\u0259 \u0259lill\u0259ri \u00fc\u00e7\u00fcn 73 manatdan v\u0259 &#8220;\u00c7ernob\u0131l AES-d\u0259 h\u0259rbi xidm\u0259tl\u0259r \u0259laq\u0259dar&#8221; v\u0259 &#8220;h\u0259rbi xidm\u0259t v\u0259zif\u0259sini yerin\u0259 yetirm\u0259kl\u0259 \u0259laq\u0259dar&#8221; \u0259lilliyi olanlar \u00fc\u00e7\u00fcn 61 manatdan) 110 manata, sa\u011flaml\u0131q imkanlar\u0131 m\u0259hdud 18 ya\u015f\u0131nad\u0259k u\u015faqlar \u00fc\u00e7\u00fcn 82 manatdan 150 manata, ail\u0259 ba\u015f\u00e7\u0131s\u0131n\u0131 itirm\u0259y\u0259 g\u00f6r\u0259 is\u0259 ail\u0259 \u00fczvl\u0259rinin h\u0259r biri \u00fc\u00e7\u00fcn 68 manatdan 80 manata \u00e7atd\u0131r\u0131l\u0131r. H\u0259m\u00e7inin sosial m\u00fcavin\u0259tin m\u0259bl\u0259\u011fi valideynl\u0259rini itirmi\u015f v\u0259 valideyn himay\u0259sind\u0259n m\u0259hrum olmu\u015f u\u015faqlar\u0131n q\u0259yyumlar\u0131 (himay\u0259\u00e7il\u0259ri) \u00fc\u00e7\u00fcn 61 manatdan 100 manata, m\u00fcdd\u0259tli h\u0259qiqi h\u0259rbi xidm\u0259t qulluq\u00e7ular\u0131n\u0131n u\u015faqlar\u0131 \u00fc\u00e7\u00fcn 68 manatdan 100 manata, be\u015fd\u0259n \u00e7ox u\u015fa\u011f\u0131 olan qad\u0131nlar\u0131n h\u0259r u\u015fa\u011f\u0131 \u00fc\u00e7\u00fcn 33 manatdan 55 manata, u\u015fa\u011f\u0131n anadan olmas\u0131na g\u00f6r\u0259 109 manatdan 200 manata, d\u0259fn \u00fc\u00e7\u00fcn \u00f6d\u0259nil\u0259n sosial m\u00fcavin\u0259tin m\u0259bl\u0259\u011finin is\u0259 146 manatdan 300 manata qald\u0131r\u0131l\u0131r.<\/p>\n<p>S\u0259r\u0259ncam, eyni zamanda Az\u0259rbaycan Respublikas\u0131 Prezidentinin t\u0259qa\u00fcd\u00fc il\u0259 t\u0259min edil\u0259nl\u0259rin \u0259hat\u0259 dair\u0259sinin geni\u015fl\u0259nm\u0259sin\u0259 \u0259sas yarad\u0131b. S\u0259r\u0259ncamda I qrup \u0259lill\u0259r\u0259 v\u0259 ya sa\u011flaml\u0131q imkanlar\u0131 m\u0259hdud 18 ya\u015f\u0131nad\u0259k \u015f\u0259xsl\u0259r\u0259 qulluq \u00fc\u00e7\u00fcn \u0259m\u0259k pensiyas\u0131n\u0131n s\u0131\u011forta hiss\u0259sin\u0259 \u0259lav\u0259 \u0259v\u0259zin\u0259 I qrup \u0259lilliyi olan \u015f\u0259xsl\u0259r\u0259 qulluq ed\u0259nl\u0259r\u0259 v\u0259 sa\u011flaml\u0131q imkanlar\u0131 m\u0259hdud 18 ya\u015f\u0131nad\u0259k u\u015faqlara qulluq ed\u0259nl\u0259r\u0259 50 manat m\u0259bl\u0259\u011find\u0259 Az\u0259rbaycan Respublikas\u0131 Prezidentinin t\u0259qa\u00fcd\u00fcn\u00fcn t\u0259sis edilm\u0259si yer al\u0131b. Habel\u0259 m\u00fcharib\u0259 veteranlar\u0131na kommunal, n\u0259qliyyat v\u0259 dig\u0259r xidm\u0259tl\u0259r\u0259 g\u00f6r\u0259 sosial m\u00fcavin\u0259t, o c\u00fcml\u0259d\u0259n d\u00f6y\u00fc\u015f\u0259n ordunun t\u0259rkibind\u0259 xidm\u0259t etmi\u015f m\u00fcharib\u0259 i\u015ftirak\u00e7\u0131lar\u0131n\u0131n \u0259m\u0259k pensiyas\u0131n\u0131n s\u0131\u011forta hiss\u0259sin\u0259 \u0259lav\u0259 \u0259v\u0259zin\u0259 80 manat m\u0259bl\u0259\u011find\u0259 Az\u0259rbaycan Respublikas\u0131 Prezidentinin t\u0259qa\u00fcd\u00fc t\u0259sis edilir.<\/p>\n<p>D\u00f6vl\u0259t ba\u015f\u00e7\u0131s\u0131n\u0131n S\u0259r\u0259ncam\u0131 il\u0259 m\u00fcharib\u0259 \u0259lill\u0259rin\u0259 d\u0259 Prezidentin t\u0259qa\u00fcd\u00fcn\u00fcn m\u0259bl\u0259\u011finin I qrup \u0259lilliy\u0259 g\u00f6r\u0259 182 manatdan 250 manata, II qrup \u0259lilliy\u0259 g\u00f6r\u0259 158 manatdan 230 manata, III qrup \u0259lilliy\u0259 g\u00f6r\u0259 121 manatdan 210 manata \u00e7atd\u0131r\u0131lmas\u0131 t\u0259min edil\u0259c\u0259k. H\u0259m\u00e7inin s\u0259n\u0259d \u0259lillik \u00fcmumi x\u0259st\u0259lik, h\u0259rbi xidm\u0259t d\u00f6vr\u00fcnd\u0259 x\u0259st\u0259l\u0259nm\u0259, \u0259m\u0259k z\u0259d\u0259si v\u0259 pe\u015f\u0259 x\u0259st\u0259liyi, h\u0259rbi \u0259m\u0259liyyatlar ke\u00e7iril\u0259n zonada olmaqla \u0259laq\u0259dar, \u00c7ernob\u0131l AES-d\u0259 q\u0259zan\u0131n l\u0259\u011fvi il\u0259 \u0259laq\u0259dar s\u0259b\u0259bl\u0259rd\u0259n ba\u015f verdikd\u0259 I qrup \u0259lilliy\u0259 g\u00f6r\u0259 sosial m\u00fcavin\u0259t alanlara Prezidentin t\u0259qa\u00fcd\u00fcn\u00fcn \u0259m\u0259k pensiyas\u0131 almaq h\u00fcququ olan I qrup \u0259lill\u0259r\u0259 (g\u00f6zd\u0259n \u0259lill\u0259r istisna olmaqla) d\u0259 \u015famil olunmas\u0131n\u0131 v\u0259 bu t\u0259qa\u00fcd\u00fcn m\u0259bl\u0259\u011finin 73 manatdan 100 manata \u00e7atd\u0131r\u0131lmas\u0131n\u0131 n\u0259z\u0259rd\u0259 tutulur. 1941-1945-ci ill\u0259r B\u00f6y\u00fck V\u0259t\u0259n m\u00fcharib\u0259si i\u015ftirak\u00e7\u0131lar\u0131na, \u0130kinci D\u00fcnya m\u00fcharib\u0259si d\u00f6vr\u00fcnd\u0259 Leninqrad \u015f\u0259h\u0259rinin m\u00fchasir\u0259si zaman\u0131 \u015f\u0259h\u0259rin m\u00fc\u0259ssis\u0259l\u0259rind\u0259, idar\u0259 v\u0259 t\u0259\u015fkilatlar\u0131nda i\u015fl\u0259mi\u015f v\u0259 &#8220;Leninqrad\u0131n m\u00fcdafi\u0259sin\u0259 g\u00f6r\u0259&#8221; medal\u0131, &#8220;Leninqrad m\u00fchasir\u0259sind\u0259 ya\u015fayan&#8221; d\u00f6\u015f ni\u015fan\u0131 il\u0259 t\u0259ltif edilmi\u015f \u015f\u0259xsl\u0259r\u0259 (m\u00fcharib\u0259 \u0259lill\u0259ri istisna olmaqla) Az\u0259rbaycan Respublikas\u0131 Prezidentinin t\u0259qa\u00fcd\u00fcn\u00fcn m\u0259bl\u0259\u011fi haz\u0131rda 121 manatd\u0131r ki, bu m\u0259bl\u0259\u011fin d\u0259 150 manata \u00e7atd\u0131r\u0131lmas\u0131 s\u0259r\u0259ncamda \u0259ksini tap\u0131r.<\/p>\n","protected":false},"excerpt":{"rendered":"<p>Bu g\u00fcnd\u0259n sosial m\u00fcavin\u0259tl\u0259rin m\u0259bl\u0259\u011fi art\u0131r. ARANTV.AZ\u00a0\u00a0Trend-\u0259 istinad\u0259n x\u0259b\u0259r verir ki, aprelin 1-d\u0259n art\u0131mlar t\u0259tbiq olunmaqla, yeni t\u0259qa\u00fcd n\u00f6vl\u0259ri d\u0259 t\u0259sis olunacaq. Eyni zamanda, art\u0131r\u0131lm\u0131\u015f sosial m\u00fcavin\u0259t v\u0259 t\u0259qa\u00fcdl\u0259r el\u0259 aprel ay\u0131nda yeni art\u0131mla birg\u0259 veril\u0259c\u0259k, yeni t\u0259qa\u00fcd n\u00f6vl\u0259rinin d\u0259 \u00f6d\u0259ni\u015fi d\u0259 aydan t\u0259min edil\u0259c\u0259k. Qeyd ed\u0259k ki, Az\u0259rbaycan Respublikas\u0131n\u0131n Prezidenti \u0130lham \u018fliyevin 25 fevral 2019-cu il tarixli s\u0259r\u0259ncam\u0131na uy\u011fun olaraq, 14 kateqoriya \u00fczr\u0259 sosial m\u00fcavin\u0259tl\u0259rin v\u0259 7 kateqoriya \u00fczr\u0259 Prezident t\u0259qa\u00fcdl\u0259rinin orta hesabla 100 faiz art\u0131r\u0131lmas\u0131, h\u0259m\u00e7inin 2 kateqoriya \u00fczr\u0259 yeni Prezident t\u0259qa\u00fcdl\u0259rinin t\u0259sis edilm\u0259si \u00fc\u00e7\u00fcn m\u00fcvafiq normativ aktlar&hellip;<\/p>\n","protected":false},"author":2,"featured_media":48382,"comment_status":"closed","ping_status":"closed","sticky":false,"template":"","format":"standard","meta":{"om_disable_all_campaigns":false,"_monsterinsights_skip_tracking":false,"_monsterinsights_sitenote_active":false,"_monsterinsights_sitenote_note":"","_monsterinsights_sitenote_category":0},"categories":[1],"tags":[],"aioseo_notices":[],"gutentor_comment":0,"rttpg_featured_image_url":{"full":["https:\/\/arantv.az\/wp-content\/uploads\/2019\/04\/korpe_usaq_01788889.jpg",482,361,false],"landscape":["https:\/\/arantv.az\/wp-content\/uploads\/2019\/04\/korpe_usaq_01788889.jpg",482,361,false],"portraits":["https:\/\/arantv.az\/wp-content\/uploads\/2019\/04\/korpe_usaq_01788889.jpg",482,361,false],"thumbnail":["https:\/\/arantv.az\/wp-content\/uploads\/2019\/04\/korpe_usaq_01788889-150x150.jpg",150,150,true],"medium":["https:\/\/arantv.az\/wp-content\/uploads\/2019\/04\/korpe_usaq_01788889-300x225.jpg",300,225,true],"large":["https:\/\/arantv.az\/wp-content\/uploads\/2019\/04\/korpe_usaq_01788889.jpg",482,361,false],"1536x1536":["https:\/\/arantv.az\/wp-content\/uploads\/2019\/04\/korpe_usaq_01788889.jpg",482,361,false],"2048x2048":["https:\/\/arantv.az\/wp-content\/uploads\/2019\/04\/korpe_usaq_01788889.jpg",482,361,false],"post-thumbnail":["https:\/\/arantv.az\/wp-content\/uploads\/2019\/04\/korpe_usaq_01788889-240x172.jpg",240,172,true],"advps-thumb-one":["https:\/\/arantv.az\/wp-content\/uploads\/2019\/04\/korpe_usaq_01788889.jpg",482,361,false]},"rttpg_author":{"display_name":"V\u00fcsal Rafiqo\u011flu","author_link":"https:\/\/arantv.az\/?author=2"},"rttpg_comment":0,"rttpg_category":"<a href=\"https:\/\/arantv.az\/?cat=1\" rel=\"category\">C\u0259miyy\u0259t<\/a>","rttpg_excerpt":"Bu g\u00fcnd\u0259n sosial m\u00fcavin\u0259tl\u0259rin m\u0259bl\u0259\u011fi art\u0131r. ARANTV.AZ\u00a0\u00a0Trend-\u0259 istinad\u0259n x\u0259b\u0259r verir ki, aprelin 1-d\u0259n art\u0131mlar t\u0259tbiq olunmaqla, yeni t\u0259qa\u00fcd n\u00f6vl\u0259ri d\u0259 t\u0259sis olunacaq. Eyni zamanda, art\u0131r\u0131lm\u0131\u015f sosial m\u00fcavin\u0259t v\u0259 t\u0259qa\u00fcdl\u0259r el\u0259 aprel ay\u0131nda yeni art\u0131mla birg\u0259 veril\u0259c\u0259k, yeni t\u0259qa\u00fcd n\u00f6vl\u0259rinin d\u0259 \u00f6d\u0259ni\u015fi d\u0259 aydan t\u0259min edil\u0259c\u0259k. Qeyd ed\u0259k ki, Az\u0259rbaycan Respublikas\u0131n\u0131n Prezidenti \u0130lham \u018fliyevin 25 fevral&hellip;","_links":{"self":[{"href":"https:\/\/arantv.az\/index.php?rest_route=\/wp\/v2\/posts\/48381"}],"collection":[{"href":"https:\/\/arantv.az\/index.php?rest_route=\/wp\/v2\/posts"}],"about":[{"href":"https:\/\/arantv.az\/index.php?rest_route=\/wp\/v2\/types\/post"}],"author":[{"embeddable":true,"href":"https:\/\/arantv.az\/index.php?rest_route=\/wp\/v2\/users\/2"}],"replies":[{"embeddable":true,"href":"https:\/\/arantv.az\/index.php?rest_route=%2Fwp%2Fv2%2Fcomments&post=48381"}],"version-history":[{"count":0,"href":"https:\/\/arantv.az\/index.php?rest_route=\/wp\/v2\/posts\/48381\/revisions"}],"wp:featuredmedia":[{"embeddable":true,"href":"https:\/\/arantv.az\/index.php?rest_route=\/wp\/v2\/media\/48382"}],"wp:attachment":[{"href":"https:\/\/arantv.az\/index.php?rest_route=%2Fwp%2Fv2%2Fmedia&parent=48381"}],"wp:term":[{"taxonomy":"category","embeddable":true,"href":"https:\/\/arantv.az\/index.php?rest_route=%2Fwp%2Fv2%2Fcategories&post=48381"},{"taxonomy":"post_tag","embeddable":true,"href":"https:\/\/arantv.az\/index.php?rest_route=%2Fwp%2Fv2%2Ftags&post=48381"}],"curies":[{"name":"wp","href":"https:\/\/api.w.org\/{rel}","templated":true}]}}