{"id":484712,"date":"2022-06-12T18:40:41","date_gmt":"2022-06-12T15:40:41","guid":{"rendered":"https:\/\/arantv.az\/?p=484712"},"modified":"2022-06-12T18:40:41","modified_gmt":"2022-06-12T15:40:41","slug":"ulu-ond%c9%99rin-%c9%99n-boyuk-arzusu-az%c9%99rbaycani-butov-gorm%c9%99k-idi","status":"publish","type":"post","link":"https:\/\/arantv.az\/?p=484712","title":{"rendered":"Ulu \u00d6nd\u0259rin \u0259n b\u00f6y\u00fck arzusu Az\u0259rbaycan\u0131 b\u00fct\u00f6v g\u00f6rm\u0259k idi"},"content":{"rendered":"<p><em><strong>M\u00fcasir m\u00fcst\u0259qil Az\u0259rbaycan d\u00f6vl\u0259tinin qurucusu, ulu \u00f6nd\u0259r\u00a0\u00a0Heyd\u0259r \u018fliyev 1993-c\u00fc ild\u0259 xalq\u0131n t\u0259kidli t\u0259l\u0259bi \u0259sas\u0131nda hakimiyy\u0259t\u0259\u00a0 qay\u0131d\u0131\u015f\u0131 il\u0259\u00a0 xalq\u0131m\u0131z\u0131n m\u00fcst\u0259qillik tarixinin \u0259n m\u00fch\u00fcm\u00a0s\u0259hif\u0259sini yazd\u0131<\/strong><\/em><\/p>\n<p>Bu g\u00fcn b\u00f6y\u00fck f\u0259xr hissi il\u0259 qeyd edirik ki, h\u0259r \u00f6t\u0259n g\u00fcn Az\u0259rbaycan\u0131n m\u00fcst\u0259qillik\u00a0 tarixin\u0259 u\u011fur s\u0259hif\u0259si kimi yaz\u0131l\u0131r. Amma bu m\u0259qam\u0131 da etiraf etm\u0259k laz\u0131md\u0131r ki, bu u\u011furlar\u0131m\u0131z b\u00f6y\u00fck s\u0259yl\u0259rin, q\u0259tiyy\u0259tin n\u0259tic\u0259sidir. Az\u0259rbaycan 1991-ci ild\u0259 d\u00f6vl\u0259t m\u00fcst\u0259qilliyini yenid\u0259n b\u0259rpa ets\u0259 d\u0259 ilk ill\u0259rd\u0259 ya\u015fananlar xalq\u0131n sabaha \u00fcmidl\u0259rini itirmi\u015fdi. Xalq\u0131m\u0131z azad, firavan ya\u015famaq ist\u0259yin\u0259 yaln\u0131z ulu \u00f6nd\u0259r Heyd\u0259r \u018fliyevin hakimiyy\u0259t\u0259 qay\u0131d\u0131\u015f\u0131ndan sonra nail oldu.<\/p>\n<p>1991-1993-c\u00fc ilin iyununad\u0259k olan d\u00f6vr tariximiz\u0259 xaos, anarxiya, \u00f6zba\u015f\u0131nal\u0131qlar d\u00f6vr\u00fc kimi daxil oldu. O ill\u0259r tariximizin qara s\u0259hif\u0259si kimi xarakteriz\u0259 olunur. Az\u0259rbaycan \u201cOlum, ya \u00f6l\u00fcm!\u201d dilemmas\u0131 qar\u015f\u0131s\u0131nda qalm\u0131\u015fd\u0131r. 1992-ci ild\u0259 hakimiyy\u0259ti zor g\u00fcc\u00fcn\u0259 \u0259l\u0259 ke\u00e7ir\u0259n AXC-M\u00fcsavat c\u00fctl\u00fcy\u00fcn\u00fcn s\u0259ri\u015ft\u0259sizliyi, idar\u0259\u00e7ilik qabiliyy\u0259tl\u0259rinin yoxlu\u011fu, \u015f\u0259xsi ambisiyalar\u0131n\u0131n girovuna \u00e7evrilm\u0259l\u0259ri, \u00fcmumiyy\u0259tl\u0259,\u00a0 normal idar\u0259\u00e7ilik sistemi formala\u015fd\u0131rmaqdan, hadis\u0259l\u0259rd\u0259n d\u00fczg\u00fcn n\u0259tic\u0259 \u00e7\u0131xarmaqdan uzaq olmalar\u0131 v\u0259ziyy\u0259tin h\u0259r an g\u0259rginl\u0259\u015fm\u0259sin\u0259 s\u0259b\u0259b oldu. Az\u0259rbaycan torpaqlar\u0131n\u0131n Erm\u0259nistan silahl\u0131 q\u00fcvv\u0259l\u0259ri t\u0259r\u0259find\u0259n davaml\u0131 i\u015f\u011fal\u0131, getdikc\u0259 g\u0259rginl\u0259\u015f\u0259n siyasi v\u0259ziyy\u0259t, \u0259halinin g\u00fcnd\u0259n-g\u00fcn\u0259 a\u011f\u0131rla\u015fan sosial durumu \u00f6lk\u0259ni bu b\u0259lalardan xilas ed\u0259 bil\u0259c\u0259k, xalq\u0131 \u00f6z arxas\u0131nca aparma\u011fa qadir lider\u0259 ehtiyac oldu\u011funu \u015f\u0259rtl\u0259ndirirdi. C\u0259miyy\u0259tin b\u00fct\u00fcn t\u0259b\u0259q\u0259l\u0259ri \u0259min idi ki, m\u00fcst\u0259qilliyini yenic\u0259 b\u0259rpa etmi\u015f \u00f6lk\u0259ni d\u00fc\u015fd\u00fcy\u00fc a\u011f\u0131r v\u0259 d\u00f6z\u00fclm\u0259z v\u0259ziyy\u0259td\u0259n \u00e7\u0131xarma\u011fa qadir yegan\u0259 \u015f\u0259xsiyy\u0259t m\u0259hz Heyd\u0259r \u018fliyevdir. \u018fslind\u0259, bu, b\u00fct\u00fcn xalq\u0131n \u00fcr\u0259yinin s\u0259si idi. Xalq\u0131m\u0131z Heyd\u0259r \u018fliyevin \u0259traf\u0131nda s\u0131x birl\u0259\u015fm\u0259kl\u0259 \u00f6z g\u0259l\u0259c\u0259k taleyini \u00f6z\u00fc h\u0259ll etm\u0259k niyy\u0259tind\u0259 idi.<\/p>\n<p><img src=\"http:\/\/ikisahil.az\/upload\/\/2020\/06\/15\/\/-ea1818cb159221579717273152011111230.jpg\" alt=\"\" \/><\/p>\n<p>Bel\u0259likl\u0259, 1993-c\u00fc il iyunun 9-da Ulu \u00d6nd\u0259r Heyd\u0259r \u018fliyev xalq\u0131n \u00e7a\u011f\u0131r\u0131\u015f\u0131na s\u0259s ver\u0259r\u0259k Bak\u0131ya qay\u0131td\u0131 v\u0259 Az\u0259rbaycan Xalq C\u00fcmhuriyy\u0259tinin taleyind\u0259n daha d\u0259h\u015f\u0259tli hadis\u0259l\u0259rin g\u00f6zl\u0259nildiyi \u00f6lk\u0259mizi b\u0259lalardan xilas etdi. H\u0259min g\u00fcn, s\u00f6z\u00fcn h\u0259qiqi m\u0259nas\u0131nda, \u00f6lk\u0259mizin taleyind\u0259 d\u00f6n\u00fc\u015f an\u0131 oldu, b\u00f6y\u00fck qurtulu\u015fa do\u011fru m\u00fch\u00fcm add\u0131m at\u0131ld\u0131. Xalq\u0131m\u0131z\u0131 nicata aparan yol bilavasit\u0259 h\u0259min g\u00fcnd\u0259n ba\u015fland\u0131. 1993-c\u00fc il iyunun 15-d\u0259 ulu \u00f6nd\u0259r Heyd\u0259r \u018fliyevin hakimiyy\u0259t\u0259 qay\u0131d\u0131\u015f\u0131 il\u0259 Az\u0259rbaycan d\u0259rin ictimai-siyasi v\u0259 iqtisadi b\u00f6hrandan xilas oldu, inki\u015faf\u0131n sars\u0131lmaz t\u0259m\u0259ll\u0259ri qoyuldu. 1993-c\u00fc\u00a0 il iyunun 15-d\u0259 ulu \u00f6nd\u0259r Heyd\u0259r \u018fliyev Az\u0259rbaycan Respublikas\u0131 Ali Sovetinin \u00a0s\u0259dri se\u00e7ilmi\u015fdir. 1993-c\u00fc il iyunun 24-d\u0259 Milli \u015euran\u0131n q\u0259rar\u0131 il\u0259 Az\u0259rbaycan Respublikas\u0131 Prezidentinin s\u0259lahiyy\u0259tl\u0259ri Ali Sovetin s\u0259dri Heyd\u0259r \u018fliyev\u0259 verilmi\u015fdir. 1997-ci ilin\u00a0 iyun ay\u0131nda Milli M\u0259clis\u00a0 15 iyun g\u00fcn\u00fcn\u00fc bayram elan etmi\u015fdir.<\/p>\n<p>\u00abM\u00fcst\u0259qilliyimiz\u00a0 ulu \u00f6nd\u0259r\u00a0 Heyd\u0259r \u018fliyevin n\u0259sill\u0259r\u0259 \u0259man\u0259tidir.\u00bb Bu, sad\u0259c\u0259 fikir olaraq qeyd edilmir. D\u00f6vl\u0259t m\u00fcst\u0259qilliyimizin yenid\u0259n b\u0259rpas\u0131ndan bizl\u0259ri ay\u0131ran \u00a030 ild\u0259n art\u0131q d\u00f6vr bizl\u0259rd\u0259n ke\u00e7il\u0259n yola\u00a0\u00a0 n\u0259z\u0259r sal\u0131b d\u00fczg\u00fcn d\u0259y\u0259rl\u0259ndirm\u0259 aparma\u011f\u0131 bir t\u0259l\u0259b kimi qar\u015f\u0131m\u0131za qoyur. \u00a0Milli ideyan\u0131 h\u0259yata ke\u00e7irm\u0259k, d\u00fcnya arenas\u0131na m\u00fcst\u0259qil d\u00f6vl\u0259t kimi \u00e7\u0131xmaq, \u00f6z taleyinin sahib olmaq,\u00a0 azad v\u0259 m\u00fcst\u0259qil ya\u015famaq\u00a0 h\u00fcququ qazanmaq asan ba\u015fa g\u0259lm\u0259di. Xalq\u0131m\u0131z ziddiyy\u0259tli, h\u0259y\u0259canl\u0131, \u00e7\u0259tin s\u0131naqlarla dolu tarixi m\u0259rh\u0259l\u0259d\u0259n ke\u00e7m\u0259li oldu. Bu bax\u0131mdan 1993-c\u00fc ilin 15 iyun tarixi g\u00fcn, eyni zamanda, Az\u0259rbaycan\u0131n t\u0259n\u0259zz\u00fcld\u0259n xilas olaraq t\u0259r\u0259qqi yoluna \u00e7\u0131xmas\u0131, d\u00fcnya miqyas\u0131nda m\u00fcst\u0259qil siyas\u0259t h\u0259yata ke\u00e7ir\u0259n d\u00f6vl\u0259t kimi tan\u0131nmas\u0131, beyn\u0259lxalq al\u0259md\u0259 layiqli yerini tutmas\u0131 il\u0259 s\u0259ciyy\u0259l\u0259nir. Ulu \u00d6nd\u0259rin xalq\u0131m\u0131z v\u0259 tariximiz qar\u015f\u0131s\u0131nda \u0259n b\u00f6y\u00fck xidm\u0259tl\u0259ri k\u0259skin geosiyasi ziddiyy\u0259tl\u0259rin m\u00f6vcud oldu\u011fu bir \u015f\u0259raitd\u0259 Az\u0259rbaycan d\u00f6vl\u0259t\u00e7iliyini xilas etm\u0259sind\u0259, \u00f6lk\u0259mizi par\u00e7alan\u0131b yox olmaq t\u0259hl\u00fck\u0259sind\u0259n qurtarmas\u0131nda idi. D\u00f6vl\u0259timizin qorunub saxlanmas\u0131 is\u0259 azadl\u0131\u011f\u0131m\u0131z\u0131n, m\u00fcst\u0259qilliyimizin qorunub saxlanmas\u0131, qurtulu\u015f dem\u0259kdir.<\/p>\n<p><img src=\"http:\/\/ikisahil.az\/upload\/\/2020\/06\/15\/\/-c7a9f13a15922156338038346471025112.jpg\" alt=\"\" \/><\/p>\n<p>Reall\u0131q budur ki,\u00a0 g\u00fccl\u00fc lideri olan mill\u0259tl\u0259r v\u0259 d\u00f6vl\u0259tl\u0259r y\u00fcks\u0259k inki\u015faf yolu ke\u00e7ir, m\u00f6ht\u0259\u015f\u0259m u\u011furlara imza at\u0131rlar. \u00a0Az\u0259rbaycan\u0131n m\u00fcst\u0259qilliyinin ilk ill\u0259rind\u0259 ya\u015fad\u0131qlar\u0131 il\u0259 1993-c\u00fc ild\u0259n ba\u015flanan inki\u015faf yolunu m\u00fcqayis\u0259 etdikd\u0259 bu h\u0259qiq\u0259ti bir daha t\u0259sdiql\u0259mi\u015f oluruq. Zaman hadis\u0259l\u0259r\u0259 d\u0259y\u0259r verm\u0259k bax\u0131m\u0131ndan z\u0259ngin m\u0259nb\u0259dir. \u0130ll\u0259r ke\u00e7dikc\u0259 1993-c\u00fc ilin iyun hadis\u0259l\u0259rinin mahiyy\u0259tini daha d\u0259rind\u0259n d\u0259rk edir, tarix\u0259 Milli Qurtulu\u015f G\u00fcn\u00fc kimi daxil olan 15 iyun 1993-c\u00fc ilin \u00f6lk\u0259mizin h\u0259yat\u0131nda rolu y\u00fcks\u0259k d\u0259y\u0259rl\u0259ndirilir. Qurtulu\u015f \u0259b\u0259s yer\u0259 \u00a0bug\u00fcnk\u00fc u\u011furlar\u0131m\u0131z\u0131n ba\u015flan\u011f\u0131c n\u00f6qt\u0259si kimi d\u0259y\u0259rl\u0259ndirilmir.<\/p>\n<p>Tarix\u0259 n\u0259z\u0259r sald\u0131qda g\u00f6r\u0259rik ki,\u00a0 Az\u0259rbaycan\u0131n \u00a0m\u00fcst\u0259qilliyin\u0259 t\u0259hl\u00fck\u0259 olan \u00a0m\u0259qamlar \u00e7ox olsa da, 1993-c\u00fc ilin \u00a0G\u0259nc\u0259 hadis\u0259l\u0259ri daha m\u00fcr\u0259kk\u0259b xarakteri il\u0259 se\u00e7ilir. C\u0259bh\u0259 hakimiyy\u0259ti t\u0259r\u0259find\u0259n Yevlax Yunun \u0130lkin Emal\u0131 Fabrikinin direktoru v\u0259zif\u0259sind\u0259n \u00a0\u201cpolkovnik\u201d, h\u0259tta Milli Q\u0259hr\u0259man s\u0259viyy\u0259sin\u0259 y\u00fcks\u0259ldil\u0259n Sur\u0259t H\u00fcseynovun qiyam\u00e7\u0131 d\u0259st\u0259l\u0259ri \u00a0m\u00f6vcud AXC-M\u00fcsavat iqtidar\u0131n\u0131 devirm\u0259k \u00fc\u00e7\u00fcn Bak\u0131ya \u00fcz tutdular. H\u0259min ill\u0259rd\u0259 \u00a0Nax\u00e7\u0131van MR Ali M\u0259clisinin S\u0259dri olan \u00fcmummilli lider Heyd\u0259r \u018fliyev \u00a0z\u0259ngin t\u0259cr\u00fcb\u0259sin\u0259 \u0259saslanaraq bu m\u0259qam\u0131 \u00e7ox yax\u015f\u0131 d\u0259rk edirdi ki, paytaxt Bak\u0131da \u00a0yaranan xaosun, anarxiyan\u0131n, \u00f6zba\u015f\u0131nal\u0131qlar\u0131n \u00a0davam\u0131 kimi G\u0259nc\u0259d\u0259 ba\u015f ver\u0259nl\u0259r Az\u0259rbaycan\u0131n h\u0259rt\u0259r\u0259fli m\u0259hvin\u0259 y\u00f6n\u0259ldilmi\u015f cinay\u0259t, AXC-M\u00fcsavat iqtidar\u0131n\u0131n yanl\u0131\u015f \u0259m\u0259ll\u0259rinin, s\u0259ri\u015ft\u0259sizlikl\u0259rinin n\u0259tic\u0259si idi.<\/p>\n<p>Az\u0259rbaycan\u0131n ba\u015f\u0131 \u00fcz\u0259rini qara buludlar alanda da Nax\u00e7\u0131van Muxtar Respublika ictimaiyy\u0259tinin narahatl\u0131\u011f\u0131 Ali M\u0259clisin \u00a0iclas\u0131nda q\u0259bul olunan v\u0259 dahi \u015f\u0259xsiyy\u0259t \u00a0Heyd\u0259r \u018fliyevin siyasi \u0259h\u0259miyy\u0259tli s\u0259n\u0259d hesab etdiyi B\u0259yanatda da \u00f6z \u0259ksini tapm\u0131\u015fd\u0131r.\u00a0 \u00a0\u0130yun ay\u0131n\u0131n 4-d\u0259 G\u0259nc\u0259 \u015f\u0259h\u0259rind\u0259 ba\u015flanan v\u0259 \u00a0davam ed\u0259n hadis\u0259l\u0259rin\u00a0 narahatl\u0131q do\u011furdu\u011funu bildir\u0259n \u00dcmummilli Lider bildirmi\u015fdi ki, \u015f\u0259h\u0259rd\u0259 qan t\u00f6k\u00fcl\u00fcb, normal h\u0259yat pozulub, faktiki olaraq v\u0259t\u0259nda\u015f m\u00fcharib\u0259si ba\u015flan\u0131b. M\u00fcst\u0259qil Az\u0259rbaycan\u0131n indiki a\u011f\u0131r v\u0259 ke\u015fm\u0259ke\u015fli, tarix\u0259n m\u0259suliyy\u0259tli bir d\u00f6vr\u00fcnd\u0259 ba\u015f ver\u0259nl\u0259ri d\u0259h\u015f\u0259tli hadis\u0259 kimi qiym\u0259tl\u0259ndirir, qarda\u015f qan\u0131 t\u00f6k\u00fclm\u0259sini pisl\u0259yirik. Bunlar\u0131n qar\u015f\u0131s\u0131 d\u0259rhal al\u0131nmal\u0131d\u0131r. Ham\u0131n\u0131 bu yolda milli birliy\u0259, v\u0259t\u0259nda\u015f h\u0259mr\u0259yliyin\u0259 d\u0259v\u0259t edirik.<\/p>\n<p>C\u0259mi 1 il hakimiyy\u0259td\u0259 olan qara q\u00fcvv\u0259l\u0259rin iqtidarda oldu\u011fu d\u00f6vr \u00a0Az\u0259rbaycan\u0131n yeni tarixinin \u0259n faci\u0259li \u00a0ill\u0259ri idi.\u00a0 AXC-M\u00fcsavat c\u00fctl\u00fcy\u00fcn\u00fcn hakimiyy\u0259ti \u00f6lk\u0259d\u0259 anarxiya, xaos, \u00f6zba\u015f\u0131nal\u0131\u011f\u0131n t\u00fc\u011fyan etm\u0259si, iqtisadiyyat\u0131n \u00e7\u00f6km\u0259si, \u0259halinin sosial durumunun son d\u0259r\u0259c\u0259 a\u011f\u0131rla\u015fmas\u0131, torpaqlar\u0131n i\u015f\u011fal\u0131 il\u0259 yadda qald\u0131. \u00a0D\u00f6vl\u0259t ba\u015f\u00e7\u0131s\u0131 \u0130lham \u018fliyev 44 g\u00fcnl\u00fck \u0130kinci Qaraba\u011f m\u00fcharib\u0259si d\u00f6vr\u00fcnd\u0259 ist\u0259r xarici m\u0259tbuata \u00e7oxsayl\u0131 m\u00fcsahib\u0259l\u0259rind\u0259, ist\u0259rs\u0259 d\u0259 xalqa m\u00fcraci\u0259tl\u0259rind\u0259 daim h\u0259min ill\u0259rd\u0259 Az\u0259rbaycan\u0131n ya\u015fad\u0131qlar\u0131na diqq\u0259ti y\u00f6n\u0259ld\u0259r\u0259k bildirirdi ki, bug\u00fcnk\u00fc Az\u0259rbaycan h\u0259min ill\u0259rin Az\u0259rbaycan\u0131 deyil. Torpaqlar\u0131m\u0131z i\u015f\u011faldan azad edildikd\u0259n sonra bu \u00e7a\u011f\u0131r\u0131\u015f da s\u0259sl\u0259ndi ki, h\u0259r k\u0259s\u00a0 bilm\u0259lidir, torpaqlar\u0131 satan kimdir, torpaqlar\u0131 \u0259sar\u0259td\u0259n qurtaran kimdir.<\/p>\n<p><img src=\"http:\/\/ikisahil.az\/upload\/\/2019\/09\/19\/\/-86a08a8c156887428376672087410762201.jpg\" alt=\"\" \/><\/p>\n<p>Ulu \u00d6nd\u0259r Heyd\u0259r \u018fliyev \u00f6lk\u0259nin m\u00fcst\u0259qilliyini qorudu, respublikada t\u00fc\u011fyan ed\u0259n ictimai-siyasi b\u00f6hran\u0131 aradan qald\u0131rd\u0131 v\u0259 dayan\u0131ql\u0131 inki\u015faf\u0131n t\u0259m\u0259lini qoydu. Heyd\u0259r \u018fliyevin ad\u0131 tariximiz\u0259 V\u0259t\u0259nin v\u0259 xalq\u0131n xilaskar\u0131 kimi yaz\u0131l\u0131b. \u00dcmummilli lider Heyd\u0259r \u018fliyev\u00a0 probleml\u0259rin h\u0259lli \u00fc\u00e7\u00fcn \u00f6lk\u0259d\u0259 v\u0259t\u0259nda\u015f h\u0259mr\u0259yliyini, sabitliyi son d\u0259r\u0259c\u0259 vacib\u00a0 amil kimi \u00f6n\u0259 \u00e7\u0259kirdi: \u201c\u018fg\u0259r respublikada ictimai-siyasi sabitlik olmasa, sa\u011flam ictimai-siyasi m\u00fchit olmasa, he\u00e7 bir sosial-iqtisadi proqramdan, yaxud probleml\u0259rin h\u0259ll edilm\u0259sind\u0259n s\u00f6hb\u0259t ged\u0259 bilm\u0259z.\u201d\u00a0 Nizami ordu yarad\u0131ld\u0131, Qaraba\u011f m\u00fcharib\u0259sind\u0259 at\u0259\u015fk\u0259s \u0259ld\u0259 edildi, m\u00fcnaqi\u015f\u0259sinin dinc yolla nizama sal\u0131nmas\u0131na dair dan\u0131\u015f\u0131qlara ba\u015fland\u0131. \u0130dar\u0259etm\u0259 sistemi formala\u015fd\u0131r\u0131ld\u0131, insanlara \u00f6z d\u00f6vl\u0259tin\u0259 inam\u0131 qaytar\u0131ld\u0131. Neft m\u00fcqavil\u0259l\u0259ri imzaland\u0131, Az\u0259rbaycan\u0131n iqtisadi dir\u00e7\u0259li\u015finin \u0259sas\u0131 qoyuldu. Qanunsuz silahl\u0131 qrupla\u015fmalar\u0131n d\u00f6vl\u0259t \u00e7evrili\u015fl\u0259ri c\u0259hdl\u0259rin\u0259 son verildi, ilk parlament se\u00e7kil\u0259ri ke\u00e7irildi v\u0259 referendum yolu il\u0259 Konstitusiya q\u0259bul edildi. Az\u0259rbaycan\u0131n beyn\u0259lxalq \u0259laq\u0259l\u0259ri formala\u015fd\u0131r\u0131ld\u0131, \u00f6lk\u0259nin d\u00fcnya birliyin\u0259 inteqrasiyas\u0131 prosesi ba\u015fland\u0131. Siyasi islahatlara start verildi, \u00e7oxpartiyal\u0131 sistem yarand\u0131.<\/p>\n<p>Xalq\u0131m\u0131z\u0131n ulu \u00f6nd\u0259r Heyd\u0259r \u018fliyevi hakimiyy\u0259t\u0259 d\u0259v\u0259ti il\u0259\u00a0 Az\u0259rbaycan\u0131n xilas yolunun, m\u00fcst\u0259qilliyimizin \u0259b\u0259diliyinin t\u0259m\u0259li qoyuldu. \u00a0Tarix\u0259 Milli Qurtulu\u015f G\u00fcn\u00fc \u00a0kimi yaz\u0131lan 15 iyundan ba\u015flanan yol\u00a0 2020-ci ild\u0259 xalq\u0131m\u0131za Z\u0259f\u0259r\u00a0 sevincini ya\u015fatd\u0131. D\u00fc\u015f\u00fcn\u00fclm\u00fc\u015f v\u0259 m\u0259qs\u0259dy\u00f6nl\u00fc siyas\u0259t n\u0259tic\u0259sind\u0259 Az\u0259rbaycana m\u00f6ht\u0259\u015f\u0259m u\u011furlar qazand\u0131ran ulu \u00f6nd\u0259r Heyd\u0259r \u018fliyevin s\u00f6yl\u0259diyi \u00abAz\u0259rbaycan d\u00fcnyaya g\u00fcn\u0259\u015f kimi do\u011facaq!\u00bb tezisi reall\u0131qda \u00f6z \u0259ksini tapd\u0131. Az\u0259rbaycan\u0131n m\u00fcst\u0259qilliyinin daimiliyi v\u0259 \u0259b\u0259diliyi t\u0259min edildi. \u0130mzalar aras\u0131nqda imzalar\u0131 il\u0259\u00a0 se\u00e7il\u0259n\u00a0 m\u00fcasir m\u00fcst\u0259qil \u00a0Az\u0259rbaycan ulu \u00f6nd\u0259r Heyd\u0259r \u018fliyevin \u015fah \u0259s\u0259ri olaraq daim inki\u015faf edir, davaml\u0131 u\u011furlara imza at\u0131r.<\/p>\n<p><img src=\"http:\/\/ikisahil.az\/upload\/\/2021\/12\/24\/\/-c2f59984164037189662942089511038861.jpg\" alt=\"\" \/><\/p>\n<p>Son 18 ild\u0259n art\u0131q d\u00f6vrd\u0259\u00a0 Heyd\u0259r \u018fliyev siyas\u0259tini b\u00fct\u00fcn istiqam\u0259tl\u0259rd\u0259 u\u011furla davam etdir\u0259n Prezident \u0130lham \u018fliyevin g\u00f6rd\u00fcy\u00fc i\u015fl\u0259rin zirv\u0259sind\u0259 ata v\u0259siyy\u0259tini yerin\u0259 yetir\u0259r\u0259k Az\u0259rbaycan\u0131n \u0259razi b\u00fct\u00f6vl\u00fcy\u00fcn\u00fc t\u0259min etm\u0259k,\u00a0 i\u015f\u011faldan azad edilmi\u015f torpaqlar\u0131m\u0131zda \u00fc\u00e7r\u0259ngli bayra\u011f\u0131m\u0131z\u0131n dal\u011falanmas\u0131na nail olmaq idi. Ulu \u00f6nd\u0259r Heyd\u0259r \u018fliyevin\u00a0 \u0259n b\u00f6y\u00fck arzusu Az\u0259rbaycan\u0131 b\u00fct\u00f6v g\u00f6rm\u0259k idi. \u00dcmummilli Liderin m\u0259cburi k\u00f6\u00e7k\u00fcnl\u0259r qar\u015f\u0131s\u0131nda \u00e7\u0131x\u0131\u015flar\u0131n\u0131n birind\u0259 bu \u0259minliyi b\u00f6y\u00fck inamla ifad\u0259 etmi\u015fdir: \u201cArzu edir\u0259m ki, sizinl\u0259 birlikd\u0259 ged\u0259k \u015eu\u015faya. Ged\u0259c\u0259yik, inan\u0131n ki, ged\u0259c\u0259yik. \u015eu\u015fa Az\u0259rbaycan\u0131n g\u00f6z\u00fcd\u00fcr, h\u0259r bir az\u0259rbaycanl\u0131 \u00fc\u00e7\u00fcn iftixar m\u0259nb\u0259yidir. \u015eu\u015fa bizim m\u0259d\u0259niyy\u0259timizin, tariximizin r\u0259mzidir. \u015eu\u015fa ham\u0131 \u00fc\u00e7\u00fcn \u0259zizdir. Amma t\u0259kc\u0259 \u015eu\u015fa yox, La\u00e7\u0131n da\u011flar\u0131 da \u0259zizdir. Biz he\u00e7 vaxt La\u00e7\u0131ns\u0131z ya\u015faya bilm\u0259rik. A\u011fdam kimi g\u00f6z\u0259l bir \u015f\u0259h\u0259r, F\u00fczuli, C\u0259bray\u0131l, Z\u0259ngilan, Qubadl\u0131, K\u0259lb\u0259c\u0259rin o bulaqlar\u0131, K\u0259lb\u0259c\u0259rin o \u0130sti suyu &#8211; biz onlars\u0131z ya\u015faya bilm\u0259rik.\u201d<\/p>\n<p><img src=\"http:\/\/ikisahil.az\/upload\/\/2021\/10\/09\/\/-45cef8e5163377385534844493910936473.jpg\" alt=\"\" \/><\/p>\n<p>\u00d6lk\u0259 Prezidenti,\u00a0 M\u00fcz\u0259ff\u0259r Ali Ba\u015f Komandan \u0130lham \u018fliyev bu arzunu realla\u015fd\u0131rd\u0131.\u00a0 44 g\u00fcnl\u00fck \u0130kinci Qaraba\u011f m\u00fcharib\u0259sind\u0259 30 ilin i\u015f\u011fal\u0131na son qoyuldu, \u0259dal\u0259t b\u0259rpa edildi. Az\u0259rbaycan\u00a0 V\u0259t\u0259n m\u00fcharib\u0259sind\u0259 tarixi Z\u0259f\u0259ri il\u0259 kimin kim oldu\u011funu d\u00fcnyaya b\u0259yan etdi.<\/p>\n<p><img src=\"http:\/\/ikisahil.az\/upload\/\/2022\/06\/11\/\/-fc1c3796165495278666886269811006618.jpg\" alt=\"\" \/><\/p>\n<p>Haz\u0131rda i\u015f\u011faldan azad edilmi\u015f torpaqlar\u0131m\u0131zda h\u0259yat yenid\u0259n canlan\u0131b, b\u0259rpa-quruculuq i\u015fl\u0259ri geni\u015f v\u00fcs\u0259t al\u0131b. B\u00f6y\u00fck Qay\u0131d\u0131\u015f\u0131n ilk add\u0131m\u0131 at\u0131l\u0131r. Bu il ilk olaraq Z\u0259ngilan\u0131n A\u011fal\u0131 sakinl\u0259ri \u00f6z dogma yurd-yuvalar\u0131na qay\u0131dacaqlar. Tezlikl\u0259 Qaraba\u011fl\u0131 v\u0259\u00a0 \u015e\u0259rqi Z\u0259ng\u0259zurlu Az\u0259rbaycan c\u0259nn\u0259t m\u0259kana \u00e7evril\u0259c\u0259k.<\/p>\n<p>D\u00f6vl\u0259t ba\u015f\u00e7\u0131s\u0131, M\u00fcz\u0259ff\u0259r Ali Ba\u015f Komandan bu fikri t\u0259\u0259ss\u00fcf hissi il\u0259 qeyd edir ki,\u00a0 atam bu g\u00fcn\u00fc g\u00f6r\u0259 bilm\u0259di: \u201cOnun kimi y\u00fcz minl\u0259rl\u0259 az\u0259rbaycanl\u0131 bu g\u00fcn\u00fc g\u00f6rm\u0259d\u0259n h\u0259yatdan getdil\u0259r. Biz &#8211; onlar\u0131n davam\u00e7\u0131lar\u0131 onlar\u0131n i\u015fini tamamlad\u0131q, atam\u0131n v\u0259siyy\u0259ti yerin\u0259 yetirildi. Bu g\u00fcn atam\u0131n, bu g\u00fcn\u00fc g\u00f6rm\u0259d\u0259n h\u0259yatdan getmi\u015f y\u00fcz minl\u0259rl\u0259 insan\u0131n, \u015f\u0259hidl\u0259rimizin ruhu \u015fadd\u0131r. Biz onlar\u0131n ruhunu \u015fad el\u0259mi\u015fik.\u201d<\/p>\n<p>Tarixi Z\u0259f\u0259rimizd\u0259n sonra h\u0259r bir tarixi g\u00fcn\u00fc, bayramlar\u0131 i\u015f\u011faldan azad edilmi\u015f torpaqlar\u0131m\u0131zda qeyd ed\u0259n d\u00f6vl\u0259t ba\u015f\u00e7\u0131s\u0131 \u0130lham \u018fliyev ilk d\u0259f\u0259 olaraq M\u00fcst\u0259qillik G\u00fcn\u00fc kimi qeyd olunan 28 May tarixind\u0259 F\u00fczuli, C\u0259bray\u0131l v\u0259 Z\u0259ngilan rayonlar\u0131nda s\u0259f\u0259rd\u0259 olark\u0259n bir daha bu \u0259minliyi ifad\u0259 etmi\u015fdir ki, xalq\u0131m\u0131z art\u0131q 30 ildir ki, azad xalq kimi ya\u015fay\u0131r v\u0259 b\u00fct\u00fcn \u0259ld\u0259 edilmi\u015f n\u0259tic\u0259l\u0259r, o c\u00fcml\u0259d\u0259n \u015eanl\u0131 Q\u0259l\u0259b\u0259miz bu m\u00fcst\u0259qilliyin t\u0259m\u0259lind\u0259dir. Ona g\u00f6r\u0259 m\u00fcst\u0259qillik \u0259n b\u00f6y\u00fck d\u0259y\u0259rimizdir, s\u0259rv\u0259timizdir, qoruyuruq v\u0259 \u0259b\u0259di qoruyaca\u011f\u0131q. Bu g\u00fcn \u201cB\u00f6y\u00fck Qay\u0131d\u0131\u015f\u201d dediyimiz proses\u0259 start verildi. \u201cB\u00f6y\u00fck Qay\u0131d\u0131\u015f\u201d\u0131n birinci ki\u00e7ik add\u0131m\u0131, bax, bu g\u00fcn at\u0131l\u0131r.<\/p>\n<p><img src=\"http:\/\/ikisahil.az\/upload\/\/2021\/03\/20\/\/-fe740745161624233969357899910508069.jpg\" alt=\"\" \/><\/p>\n<p>G\u00f6r\u00fcnd\u00fcy\u00fc kimi, Prezident \u0130lham \u018fliyevin Ulu \u00d6nd\u0259rin siyasi kursunu u\u011furla davam etdirm\u0259si v\u0259 z\u0259nginl\u0259\u015fdirm\u0259si say\u0259sind\u0259 Az\u0259rbaycan d\u00fcnyan\u0131n dinamik inki\u015faf ed\u0259n, modernl\u0259\u015f\u0259n, beyn\u0259lxalq miqyasda n\u00fcfuzu g\u00fcnd\u0259n-g\u00fcn\u0259 artan d\u00f6vl\u0259tin\u0259 \u00e7evrilib. V\u0259t\u0259n m\u00fcharib\u0259sind\u0259 qazan\u0131lan m\u00f6ht\u0259\u015f\u0259m Z\u0259f\u0259r d\u0259 bu u\u011furlar\u0131n m\u0259ntiqi n\u0259tic\u0259sidir. Prezident, M\u00fcz\u0259ff\u0259r Ali Ba\u015f Komandan azad edilmi\u015f torpaqlarda infrastruktur layih\u0259l\u0259rinin t\u0259m\u0259lini qoyur, \u015eu\u015fada Novruz tonqal\u0131 alovland\u0131r\u0131r, B\u00f6y\u00fck Qay\u0131d\u0131\u015f\u0131n realla\u015fd\u0131r\u0131lmas\u0131 istiqam\u0259tind\u0259 t\u0259xir\u0259sal\u0131nmaz t\u0259dbirl\u0259r h\u0259yata ke\u00e7irir. Xalq\u0131m\u0131z \u0259mindir ki, Prezident \u0130lham \u018fliyevin r\u0259hb\u0259rliyi il\u0259 daha uca zirv\u0259l\u0259r f\u0259th edil\u0259c\u0259k, d\u00fc\u015fm\u0259nin yerl\u0259-yeksan etdiyi Qaraba\u011f d\u00fcnyan\u0131n \u0259n g\u00f6z\u0259l gu\u015f\u0259l\u0259rind\u0259n birin\u0259 \u00e7evril\u0259c\u0259k. D\u00f6vl\u0259tinin, xalq\u0131n\u0131n g\u0259l\u0259c\u0259yini d\u00fc\u015f\u00fcn\u0259n Lider\u0259 xalq\u0131n inam\u0131 v\u0259 etimad\u0131 sonsuzdur. Bu fikri h\u0259r zaman b\u00f6y\u00fck q\u00fcrurla v\u0259 f\u0259xrl\u0259 qeyd etm\u0259yi \u00f6z\u00fcm\u00fcz\u0259 borc bilm\u0259liyik ki, ulu \u00f6nd\u0259r Heyd\u0259r \u018fliyev ad\u0131n\u0131 tarix\u0259 Az\u0259rbaycan\u0131n m\u00fcst\u0259qilliyinin, d\u00f6vl\u0259t ba\u015f\u00e7\u0131s\u0131, M\u00fcz\u0259ff\u0259r Ali Ba\u015f Komandan \u0130lham \u018fLiyev torpaqlar\u0131m\u0131z\u0131n xilaskar\u0131 kimi yazd\u0131. M\u00fcst\u0259qil, q\u00fcdr\u0259tli, qalib Az\u0259rbaycan, Milli Qurtulu\u015f G\u00fcn\u00fcn m\u00fcbar\u0259k!<\/p>\n","protected":false},"excerpt":{"rendered":"<p>M\u00fcasir m\u00fcst\u0259qil Az\u0259rbaycan d\u00f6vl\u0259tinin qurucusu, ulu \u00f6nd\u0259r\u00a0\u00a0Heyd\u0259r \u018fliyev 1993-c\u00fc ild\u0259 xalq\u0131n t\u0259kidli t\u0259l\u0259bi \u0259sas\u0131nda hakimiyy\u0259t\u0259\u00a0 qay\u0131d\u0131\u015f\u0131 il\u0259\u00a0 xalq\u0131m\u0131z\u0131n m\u00fcst\u0259qillik tarixinin \u0259n m\u00fch\u00fcm\u00a0s\u0259hif\u0259sini yazd\u0131 Bu g\u00fcn b\u00f6y\u00fck f\u0259xr hissi il\u0259 qeyd edirik ki, h\u0259r \u00f6t\u0259n g\u00fcn Az\u0259rbaycan\u0131n m\u00fcst\u0259qillik\u00a0 tarixin\u0259 u\u011fur s\u0259hif\u0259si kimi yaz\u0131l\u0131r. Amma bu m\u0259qam\u0131 da etiraf etm\u0259k laz\u0131md\u0131r ki, bu u\u011furlar\u0131m\u0131z b\u00f6y\u00fck s\u0259yl\u0259rin, q\u0259tiyy\u0259tin n\u0259tic\u0259sidir. Az\u0259rbaycan 1991-ci ild\u0259 d\u00f6vl\u0259t m\u00fcst\u0259qilliyini yenid\u0259n b\u0259rpa ets\u0259 d\u0259 ilk ill\u0259rd\u0259 ya\u015fananlar xalq\u0131n sabaha \u00fcmidl\u0259rini itirmi\u015fdi. Xalq\u0131m\u0131z azad, firavan ya\u015famaq ist\u0259yin\u0259 yaln\u0131z ulu \u00f6nd\u0259r Heyd\u0259r \u018fliyevin hakimiyy\u0259t\u0259 qay\u0131d\u0131\u015f\u0131ndan sonra nail oldu. 1991-1993-c\u00fc ilin iyununad\u0259k&hellip;<\/p>\n","protected":false},"author":2,"featured_media":484573,"comment_status":"closed","ping_status":"closed","sticky":false,"template":"","format":"standard","meta":{"om_disable_all_campaigns":false,"_monsterinsights_skip_tracking":false,"_monsterinsights_sitenote_active":false,"_monsterinsights_sitenote_note":"","_monsterinsights_sitenote_category":0},"categories":[4],"tags":[],"aioseo_notices":[],"gutentor_comment":0,"rttpg_featured_image_url":{"full":["https:\/\/arantv.az\/wp-content\/uploads\/2022\/06\/heyder_61654935905.jpg",649,446,false],"landscape":["https:\/\/arantv.az\/wp-content\/uploads\/2022\/06\/heyder_61654935905.jpg",649,446,false],"portraits":["https:\/\/arantv.az\/wp-content\/uploads\/2022\/06\/heyder_61654935905.jpg",649,446,false],"thumbnail":["https:\/\/arantv.az\/wp-content\/uploads\/2022\/06\/heyder_61654935905-500x280.jpg",500,280,true],"medium":["https:\/\/arantv.az\/wp-content\/uploads\/2022\/06\/heyder_61654935905-531x365.jpg",531,365,true],"large":["https:\/\/arantv.az\/wp-content\/uploads\/2022\/06\/heyder_61654935905.jpg",640,440,false],"1536x1536":["https:\/\/arantv.az\/wp-content\/uploads\/2022\/06\/heyder_61654935905.jpg",649,446,false],"2048x2048":["https:\/\/arantv.az\/wp-content\/uploads\/2022\/06\/heyder_61654935905.jpg",649,446,false],"post-thumbnail":["https:\/\/arantv.az\/wp-content\/uploads\/2022\/06\/heyder_61654935905-240x172.jpg",240,172,true],"advps-thumb-one":["https:\/\/arantv.az\/wp-content\/uploads\/2022\/06\/heyder_61654935905.jpg",649,446,false]},"rttpg_author":{"display_name":"V\u00fcsal Rafiqo\u011flu","author_link":"https:\/\/arantv.az\/?author=2"},"rttpg_comment":0,"rttpg_category":"<a href=\"https:\/\/arantv.az\/?cat=4\" rel=\"category\">Siyas\u0259t<\/a>","rttpg_excerpt":"M\u00fcasir m\u00fcst\u0259qil Az\u0259rbaycan d\u00f6vl\u0259tinin qurucusu, ulu \u00f6nd\u0259r\u00a0\u00a0Heyd\u0259r \u018fliyev 1993-c\u00fc ild\u0259 xalq\u0131n t\u0259kidli t\u0259l\u0259bi \u0259sas\u0131nda hakimiyy\u0259t\u0259\u00a0 qay\u0131d\u0131\u015f\u0131 il\u0259\u00a0 xalq\u0131m\u0131z\u0131n m\u00fcst\u0259qillik tarixinin \u0259n m\u00fch\u00fcm\u00a0s\u0259hif\u0259sini yazd\u0131 Bu g\u00fcn b\u00f6y\u00fck f\u0259xr hissi il\u0259 qeyd edirik ki, h\u0259r \u00f6t\u0259n g\u00fcn Az\u0259rbaycan\u0131n m\u00fcst\u0259qillik\u00a0 tarixin\u0259 u\u011fur s\u0259hif\u0259si kimi yaz\u0131l\u0131r. Amma bu m\u0259qam\u0131 da etiraf etm\u0259k laz\u0131md\u0131r ki, bu u\u011furlar\u0131m\u0131z b\u00f6y\u00fck s\u0259yl\u0259rin, q\u0259tiyy\u0259tin&hellip;","_links":{"self":[{"href":"https:\/\/arantv.az\/index.php?rest_route=\/wp\/v2\/posts\/484712"}],"collection":[{"href":"https:\/\/arantv.az\/index.php?rest_route=\/wp\/v2\/posts"}],"about":[{"href":"https:\/\/arantv.az\/index.php?rest_route=\/wp\/v2\/types\/post"}],"author":[{"embeddable":true,"href":"https:\/\/arantv.az\/index.php?rest_route=\/wp\/v2\/users\/2"}],"replies":[{"embeddable":true,"href":"https:\/\/arantv.az\/index.php?rest_route=%2Fwp%2Fv2%2Fcomments&post=484712"}],"version-history":[{"count":0,"href":"https:\/\/arantv.az\/index.php?rest_route=\/wp\/v2\/posts\/484712\/revisions"}],"wp:featuredmedia":[{"embeddable":true,"href":"https:\/\/arantv.az\/index.php?rest_route=\/wp\/v2\/media\/484573"}],"wp:attachment":[{"href":"https:\/\/arantv.az\/index.php?rest_route=%2Fwp%2Fv2%2Fmedia&parent=484712"}],"wp:term":[{"taxonomy":"category","embeddable":true,"href":"https:\/\/arantv.az\/index.php?rest_route=%2Fwp%2Fv2%2Fcategories&post=484712"},{"taxonomy":"post_tag","embeddable":true,"href":"https:\/\/arantv.az\/index.php?rest_route=%2Fwp%2Fv2%2Ftags&post=484712"}],"curies":[{"name":"wp","href":"https:\/\/api.w.org\/{rel}","templated":true}]}}