{"id":484717,"date":"2022-06-12T18:42:32","date_gmt":"2022-06-12T15:42:32","guid":{"rendered":"https:\/\/arantv.az\/?p=484717"},"modified":"2022-06-12T18:42:32","modified_gmt":"2022-06-12T15:42:32","slug":"prezident-ilham-%c9%99liyev-rusiya-gunu-munasib%c9%99til%c9%99-vladimir-putini-t%c9%99brik-edib","status":"publish","type":"post","link":"https:\/\/arantv.az\/?p=484717","title":{"rendered":"Prezident \u0130lham \u018fliyev Rusiya G\u00fcn\u00fc m\u00fcnasib\u0259til\u0259 Vladimir Putini t\u0259brik edib"},"content":{"rendered":"<p>Az\u0259rbaycan Prezidenti \u0130lham \u018fliyev Rusiyan\u0131n d\u00f6vl\u0259t ba\u015f\u00e7\u0131s\u0131 Vladimir Putini t\u0259brik edib.<\/p>\n<p><strong>ARANTV.AZ x\u0259b\u0259r verir ki,<\/strong>\u00a0t\u0259brikd\u0259 deyilir:<\/p>\n<p>H\u00f6rm\u0259tli Vladimir Vladimirovi\u00e7.<\/p>\n<p>D\u00f6vl\u0259t bayram\u0131n\u0131z \u2013 Rusiya G\u00fcn\u00fc m\u00fcnasib\u0259til\u0259 s\u0259mimi t\u0259brikl\u0259rimi v\u0259 \u0259n xo\u015f arzular\u0131m\u0131 q\u0259bul edin.<\/p>\n<p>Xalqlar\u0131m\u0131z\u0131 bir-birin\u0259 ba\u011flayan \u00e7ox\u0259srlik dostluq v\u0259 mehriban qon\u015fuluq tell\u0259ri Az\u0259rbaycan-Rusiya strateji t\u0259r\u0259fda\u015fl\u0131\u011f\u0131n\u0131n v\u0259 \u00e7oxplanl\u0131 \u0259m\u0259kda\u015fl\u0131\u011f\u0131n\u0131n davaml\u0131 inki\u015faf\u0131n\u0131n etibarl\u0131 \u0259sas\u0131d\u0131r. \u00d6lk\u0259l\u0259rimizin ikit\u0259r\u0259fli g\u00fcnd\u0259likd\u0259ki m\u0259s\u0259l\u0259l\u0259rin geni\u015f spektri \u00fczr\u0259 qar\u015f\u0131l\u0131ql\u0131 f\u0259aliyy\u0259ti x\u00fcsusi m\u0259mnunluq do\u011furur.<\/p>\n<p>Cari ilin fevral ay\u0131nda M\u00fctt\u0259fiqlik Qar\u015f\u0131l\u0131ql\u0131 F\u0259aliyy\u0259ti bar\u0259d\u0259 B\u0259yannam\u0259nin imzalanmas\u0131 son otuz il \u0259rzind\u0259 yaranm\u0131\u015f d\u00f6vl\u0259tl\u0259raras\u0131 \u0259laq\u0259l\u0259rimizin y\u00fcks\u0259k s\u0259viyy\u0259sini t\u0259sbit edib.<\/p>\n<p>\u018fmin\u0259m ki, Az\u0259rbaycan Respublikas\u0131 il\u0259 Rusiya Federasiyas\u0131 aras\u0131nda m\u00fcnasib\u0259tl\u0259r xalqlar\u0131m\u0131z\u0131n v\u0259 \u00f6lk\u0259l\u0259rimizin rifah\u0131 namin\u0259 birg\u0259 s\u0259yl\u0259rimizl\u0259 bundan sonra da durmadan m\u00f6hk\u0259ml\u0259n\u0259c\u0259k v\u0259 geni\u015fl\u0259n\u0259c\u0259k.<\/p>\n<p>H\u00f6rm\u0259tli Vladimir Vladimirovi\u00e7, bu \u0259lam\u0259tdar g\u00fcnd\u0259 Siz\u0259 m\u00f6hk\u0259m cansa\u011fl\u0131\u011f\u0131, xo\u015fb\u0259xtlik v\u0259 u\u011furlar, Rusiyan\u0131n dost xalq\u0131na \u0259min-amanl\u0131q v\u0259 firavanl\u0131q arzu edir\u0259m.<\/p>\n","protected":false},"excerpt":{"rendered":"<p>Az\u0259rbaycan Prezidenti \u0130lham \u018fliyev Rusiyan\u0131n d\u00f6vl\u0259t ba\u015f\u00e7\u0131s\u0131 Vladimir Putini t\u0259brik edib. ARANTV.AZ x\u0259b\u0259r verir ki,\u00a0t\u0259brikd\u0259 deyilir: H\u00f6rm\u0259tli Vladimir Vladimirovi\u00e7. D\u00f6vl\u0259t bayram\u0131n\u0131z \u2013 Rusiya G\u00fcn\u00fc m\u00fcnasib\u0259til\u0259 s\u0259mimi t\u0259brikl\u0259rimi v\u0259 \u0259n xo\u015f arzular\u0131m\u0131 q\u0259bul edin. Xalqlar\u0131m\u0131z\u0131 bir-birin\u0259 ba\u011flayan \u00e7ox\u0259srlik dostluq v\u0259 mehriban qon\u015fuluq tell\u0259ri Az\u0259rbaycan-Rusiya strateji t\u0259r\u0259fda\u015fl\u0131\u011f\u0131n\u0131n v\u0259 \u00e7oxplanl\u0131 \u0259m\u0259kda\u015fl\u0131\u011f\u0131n\u0131n davaml\u0131 inki\u015faf\u0131n\u0131n etibarl\u0131 \u0259sas\u0131d\u0131r. \u00d6lk\u0259l\u0259rimizin ikit\u0259r\u0259fli g\u00fcnd\u0259likd\u0259ki m\u0259s\u0259l\u0259l\u0259rin geni\u015f spektri \u00fczr\u0259 qar\u015f\u0131l\u0131ql\u0131 f\u0259aliyy\u0259ti x\u00fcsusi m\u0259mnunluq do\u011furur. Cari ilin fevral ay\u0131nda M\u00fctt\u0259fiqlik Qar\u015f\u0131l\u0131ql\u0131 F\u0259aliyy\u0259ti bar\u0259d\u0259 B\u0259yannam\u0259nin imzalanmas\u0131 son otuz il \u0259rzind\u0259 yaranm\u0131\u015f d\u00f6vl\u0259tl\u0259raras\u0131 \u0259laq\u0259l\u0259rimizin y\u00fcks\u0259k s\u0259viyy\u0259sini t\u0259sbit edib. \u018fmin\u0259m ki, Az\u0259rbaycan Respublikas\u0131 il\u0259&hellip;<\/p>\n","protected":false},"author":2,"featured_media":484718,"comment_status":"closed","ping_status":"closed","sticky":false,"template":"","format":"standard","meta":{"om_disable_all_campaigns":false,"_monsterinsights_skip_tracking":false,"_monsterinsights_sitenote_active":false,"_monsterinsights_sitenote_note":"","_monsterinsights_sitenote_category":0},"categories":[4],"tags":[],"aioseo_notices":[],"gutentor_comment":0,"rttpg_featured_image_url":{"full":["https:\/\/arantv.az\/wp-content\/uploads\/2022\/06\/9b7da66e165501493094715161810535805.jpg",975,540,false],"landscape":["https:\/\/arantv.az\/wp-content\/uploads\/2022\/06\/9b7da66e165501493094715161810535805.jpg",975,540,false],"portraits":["https:\/\/arantv.az\/wp-content\/uploads\/2022\/06\/9b7da66e165501493094715161810535805.jpg",975,540,false],"thumbnail":["https:\/\/arantv.az\/wp-content\/uploads\/2022\/06\/9b7da66e165501493094715161810535805-500x280.jpg",500,280,true],"medium":["https:\/\/arantv.az\/wp-content\/uploads\/2022\/06\/9b7da66e165501493094715161810535805-660x365.jpg",660,365,true],"large":["https:\/\/arantv.az\/wp-content\/uploads\/2022\/06\/9b7da66e165501493094715161810535805-840x465.jpg",640,354,true],"1536x1536":["https:\/\/arantv.az\/wp-content\/uploads\/2022\/06\/9b7da66e165501493094715161810535805.jpg",975,540,false],"2048x2048":["https:\/\/arantv.az\/wp-content\/uploads\/2022\/06\/9b7da66e165501493094715161810535805.jpg",975,540,false],"post-thumbnail":["https:\/\/arantv.az\/wp-content\/uploads\/2022\/06\/9b7da66e165501493094715161810535805-240x172.jpg",240,172,true],"advps-thumb-one":["https:\/\/arantv.az\/wp-content\/uploads\/2022\/06\/9b7da66e165501493094715161810535805.jpg",975,540,false]},"rttpg_author":{"display_name":"V\u00fcsal Rafiqo\u011flu","author_link":"https:\/\/arantv.az\/?author=2"},"rttpg_comment":0,"rttpg_category":"<a href=\"https:\/\/arantv.az\/?cat=4\" rel=\"category\">Siyas\u0259t<\/a>","rttpg_excerpt":"Az\u0259rbaycan Prezidenti \u0130lham \u018fliyev Rusiyan\u0131n d\u00f6vl\u0259t ba\u015f\u00e7\u0131s\u0131 Vladimir Putini t\u0259brik edib. ARANTV.AZ x\u0259b\u0259r verir ki,\u00a0t\u0259brikd\u0259 deyilir: H\u00f6rm\u0259tli Vladimir Vladimirovi\u00e7. D\u00f6vl\u0259t bayram\u0131n\u0131z \u2013 Rusiya G\u00fcn\u00fc m\u00fcnasib\u0259til\u0259 s\u0259mimi t\u0259brikl\u0259rimi v\u0259 \u0259n xo\u015f arzular\u0131m\u0131 q\u0259bul edin. Xalqlar\u0131m\u0131z\u0131 bir-birin\u0259 ba\u011flayan \u00e7ox\u0259srlik dostluq v\u0259 mehriban qon\u015fuluq tell\u0259ri Az\u0259rbaycan-Rusiya strateji t\u0259r\u0259fda\u015fl\u0131\u011f\u0131n\u0131n v\u0259 \u00e7oxplanl\u0131 \u0259m\u0259kda\u015fl\u0131\u011f\u0131n\u0131n davaml\u0131 inki\u015faf\u0131n\u0131n etibarl\u0131 \u0259sas\u0131d\u0131r. \u00d6lk\u0259l\u0259rimizin ikit\u0259r\u0259fli g\u00fcnd\u0259likd\u0259ki&hellip;","_links":{"self":[{"href":"https:\/\/arantv.az\/index.php?rest_route=\/wp\/v2\/posts\/484717"}],"collection":[{"href":"https:\/\/arantv.az\/index.php?rest_route=\/wp\/v2\/posts"}],"about":[{"href":"https:\/\/arantv.az\/index.php?rest_route=\/wp\/v2\/types\/post"}],"author":[{"embeddable":true,"href":"https:\/\/arantv.az\/index.php?rest_route=\/wp\/v2\/users\/2"}],"replies":[{"embeddable":true,"href":"https:\/\/arantv.az\/index.php?rest_route=%2Fwp%2Fv2%2Fcomments&post=484717"}],"version-history":[{"count":0,"href":"https:\/\/arantv.az\/index.php?rest_route=\/wp\/v2\/posts\/484717\/revisions"}],"wp:featuredmedia":[{"embeddable":true,"href":"https:\/\/arantv.az\/index.php?rest_route=\/wp\/v2\/media\/484718"}],"wp:attachment":[{"href":"https:\/\/arantv.az\/index.php?rest_route=%2Fwp%2Fv2%2Fmedia&parent=484717"}],"wp:term":[{"taxonomy":"category","embeddable":true,"href":"https:\/\/arantv.az\/index.php?rest_route=%2Fwp%2Fv2%2Fcategories&post=484717"},{"taxonomy":"post_tag","embeddable":true,"href":"https:\/\/arantv.az\/index.php?rest_route=%2Fwp%2Fv2%2Ftags&post=484717"}],"curies":[{"name":"wp","href":"https:\/\/api.w.org\/{rel}","templated":true}]}}