{"id":48512,"date":"2019-04-01T14:46:50","date_gmt":"2019-04-01T11:46:50","guid":{"rendered":"http:\/\/arantv.az\/?p=48512"},"modified":"2019-04-01T14:46:50","modified_gmt":"2019-04-01T11:46:50","slug":"prezidentin-11-ayda-gorduyu-isl%c9%99r-avqust-video","status":"publish","type":"post","link":"https:\/\/arantv.az\/?p=48512","title":{"rendered":"Prezidentin 11 ayda g\u00f6rd\u00fcy\u00fc i\u015fl\u0259r: Avqust \u2013 V\u0130DEO"},"content":{"rendered":"<article class=\"news\">\n<div class=\"news-inner\">\n<p>11 aprel 2019-cu ild\u0259<strong>\u00a0\u0130lham \u018fliyev<\/strong>in n\u00f6vb\u0259ti d\u0259f\u0259 Az\u0259rbaycan prezidenti se\u00e7ilm\u0259sinin bir ili tamam olur.<\/p>\n<p><strong>ARANTV.AZ<\/strong>-\u0131n \u0130lham \u018fliyevin prezidentliyinin 11 ay\u0131nda i\u015ftirak etdiyi t\u0259dbirl\u0259r, imzalad\u0131\u011f\u0131 f\u0259rman v\u0259 s\u0259r\u0259ncamlarla ba\u011fl\u0131 silsil\u0259 m\u0259qal\u0259l\u0259rind\u0259n n\u00f6vb\u0259tisi 2018-ci ilin avqust ay\u0131n\u0131 \u0259hat\u0259 edir.<\/p>\n<p><strong>YEN\u0130 QURUMLARIN YARADILMASI<\/strong><\/p>\n<div id=\"AdributorNativeVideo0\" class=\"AdributorNativeVideo\"><\/div>\n<p>Prezident \u0130lham \u018fliyev avqustun 1-d\u0259 \u00f6lk\u0259d\u0259 sahibkarl\u0131\u011f\u0131n inki\u015faf\u0131na d\u00f6vl\u0259t d\u0259st\u0259yi mexanizminin t\u0259kmill\u0259\u015fdirilm\u0259si haqq\u0131nda f\u0259rman imzalay\u0131b. F\u0259rmana \u0259sas\u0259n, Sahibkarl\u0131\u011fa K\u00f6m\u0259k Milli Fondu l\u0259\u011fv edilib v\u0259 Sahibkarl\u0131\u011f\u0131n \u0130nki\u015faf\u0131 Fondu yarad\u0131l\u0131b.<\/p>\n<p>Bundan ba\u015fqa, prezidentin dig\u0259r s\u0259r\u0259ncam\u0131 il\u0259 Az\u0259rbaycanda \u201cDayan\u0131ql\u0131 v\u0259 Operativ Sosial T\u0259minat Agentliyi\u201d (DOST Agentliyi) publik h\u00fcquqi \u015f\u0259xs yarad\u0131l\u0131b.<\/p>\n<p>\u201cDOST\u201d m\u0259rk\u0259zl\u0259rind\u0259 xidm\u0259tl\u0259rin \u201cbir p\u0259nc\u0259r\u0259\u201d, h\u0259m\u00e7inin, operativlik, v\u0259t\u0259nda\u015f m\u0259mnunlu\u011fu, \u015f\u0259ffafl\u0131q, n\u0259zak\u0259tlilik, m\u0259suliyy\u0259t v\u0259 rahatl\u0131q prinsipl\u0259ri, el\u0259c\u0259 d\u0259, v\u0259t\u0259nda\u015flar\u0131n bilavasit\u0259, telefon v\u0259 ya internet vasit\u0259sil\u0259 m\u00fcraci\u0259tl\u0259ri \u0259sas\u0131nda, s\u0259yyar v\u0259 dig\u0259r \u00fcsullarla h\u0259yata ke\u00e7irilm\u0259si, \u0259m\u0259kda\u015flar \u00fc\u00e7\u00fcn etik kurslar\u0131n t\u0259\u015fkili, v\u0259t\u0259nda\u015f ax\u0131n\u0131n\u0131n idar\u0259 olunmas\u0131, v\u0259t\u0259nda\u015flar\u0131 qar\u015f\u0131lama, dinl\u0259m\u0259, izahetm\u0259 v\u0259 dig\u0259r aidiyy\u0259ti bacar\u0131qlar\u0131 inki\u015faf etdir\u0259n m\u00fcxt\u0259lif t\u0259liml\u0259rin h\u0259yata ke\u00e7irilm\u0259sinin t\u0259min olunmas\u0131 n\u0259z\u0259rd\u0259 tutulub.<\/p>\n<p><strong>QARABA\u011e \u018fL\u0130LL\u018fR\u0130 \u0130L\u018f G\u00d6R\u00dc\u015e<\/strong><\/p>\n<p>Avqustun 1-d\u0259 \u0130lham \u018fliyev Qaraba\u011f, B\u00f6y\u00fck V\u0259t\u0259n m\u00fcharib\u0259l\u0259ri, \u00c7ernob\u0131l \u0259lill\u0259rin\u0259 v\u0259 \u015f\u0259hid ail\u0259l\u0259rin\u0259 m\u0259nzill\u0259rin v\u0259 avtomobill\u0259rin verilm\u0259si m\u0259rasimind\u0259 i\u015ftirak edib. M\u0259rasimd\u0259 L\u00f6kbatan q\u0259s\u0259b\u0259sind\u0259 yeni in\u015fa edilmi\u015f ya\u015fay\u0131\u015f kompleksind\u0259 Qaraba\u011f m\u00fcharib\u0259si \u0259lill\u0259rin\u0259 v\u0259 \u015f\u0259hid ail\u0259l\u0259rin\u0259 35 m\u0259nzil v\u0259 136 minik ma\u015f\u0131n\u0131 verilib.<\/p>\n<div>\n<div><iframe loading=\"lazy\" src=\"https:\/\/player.baku.tv\/embed\/7575\" width=\"560\" height=\"315\" frameborder=\"0\" allowfullscreen=\"allowfullscreen\" data-mce-fragment=\"1\"><\/iframe><\/div>\n<\/div>\n<p>Prezident m\u0259rasimd\u0259 \u00e7\u0131x\u0131\u015f edib. O bildirib ki, ilin sonuna q\u0259d\u0259r d\u00f6rd min k\u00f6\u00e7k\u00fcn ail\u0259si yeni m\u0259nzill\u0259rl\u0259 t\u0259min edil\u0259c\u0259k.<\/p>\n<p>\u0130lham \u018fliyev \u00f6t\u0259n ilin sonu-bu ilin \u0259vv\u0259ll\u0259rind\u0259 Sumqay\u0131t v\u0259 Ab\u015feronda mind\u0259n \u00e7ox m\u0259cburi k\u00f6\u00e7k\u00fcn ail\u0259si \u00fc\u00e7\u00fcn yeni tikilmi\u015f ya\u015fay\u0131\u015f kompleksl\u0259rinin a\u00e7\u0131l\u0131\u015flar\u0131nda i\u015ftirak edib.<\/p>\n<p>Avqustun 2-d\u0259 d\u00f6vl\u0259t ba\u015f\u00e7\u0131s\u0131n\u0131n s\u0259r\u0259ncam\u0131na \u0259sas\u0259n, Az\u0259rbaycan u\u011frunda \u0259lil olmu\u015f \u015f\u0259xsl\u0259rin v\u0259 \u015f\u0259hid ail\u0259l\u0259rinin sosial-m\u0259i\u015f\u0259t \u015f\u0259raitinin yax\u015f\u0131la\u015fd\u0131r\u0131lmas\u0131 \u00fc\u00e7\u00fcn 20 milyon manat ayr\u0131l\u0131b.<\/p>\n<p>&nbsp;<\/p>\n<div id=\"ig-8fca73ee-1f80-b10f-8c8f-791fd4562b76\" class=\"infogram-embed\" data-id=\"0df71fe0-62d0-4eee-813e-9a54c7efef11\" data-title=\"Schedule\" data-type=\"interactive\" data-processed=\"1\">\u00a0<iframe loading=\"lazy\" title=\"Schedule\" src=\"https:\/\/e.infogram.com\/0df71fe0-62d0-4eee-813e-9a54c7efef11?src=embed#async_embed\" width=\"300\" height=\"150\" frameborder=\"0\" scrolling=\"no\" allowfullscreen=\"allowfullscreen\" data-mce-fragment=\"1\"><\/iframe><\/div>\n<p>S\u0259r\u0259ncamlar\u0131n icras\u0131na uy\u011fun olaraq, G\u0259d\u0259b\u0259yd\u0259 yol tikintisi ba\u015fa \u00e7at\u0131b, \u00f6t\u0259n il dekabr\u0131n 14-d\u0259 Bak\u0131 Beyn\u0259lxalq D\u0259niz Ticar\u0259t Liman\u0131n\u0131n k\u00f6\u00e7\u00fcr\u00fclm\u0259sin\u0259 ba\u015flan\u0131l\u0131b, T\u0259z\u0259pir m\u0259scidi kompleksind\u0259 yenid\u0259nqurma i\u015fl\u0259ri, Bab\u0259k prospektinin yenid\u0259n qurulmas\u0131 yekunla\u015f\u0131b, L\u0259nk\u0259ran rayonunda Hirkan-Da\u015ftat\u00fck-Bil\u0259s\u0259r v\u0259 Lerik rayonunda Piran-Hamarat-Vijaker avtomobil yollar\u0131n\u0131n yenid\u0259nqurmadan sonra a\u00e7\u0131l\u0131\u015f\u0131 olub, bu ilin mart\u0131n 7-d\u0259 \u015eamax\u0131da &#8211; 44 m\u0259nzilli binan\u0131n t\u0259m\u0259li qoyulub, fevral\u0131n 11-d\u0259 \u0130smay\u0131ll\u0131da 48 m\u0259nzilli ya\u015fay\u0131\u015f binas\u0131n\u0131n tikintisin\u0259 ba\u015flan\u0131l\u0131b, \u0130smay\u0131ll\u0131 \u015f\u0259h\u0259rind\u0259 yeni u\u015faq ba\u011f\u00e7as\u0131 tikilib.<\/p>\n<p><img src=\"https:\/\/assets.oxu.az\/uploads\/W1siZiIsIjIwMTkvMDMvMjgvMTQvMTEvMzEvMzk1MmExNjAtODU5Mi00ZDg0LWFmYTEtMzFlODgzY2UwN2VmL2zJmW5ryZlyYW4uanBnIl0sWyJwIiwiZW5jb2RlIiwianBnIiwiLXF1YWxpdHkgODAiXSxbInAiLCJ0aHVtYiIsIjU5MHg1OTBcdTAwM2UiXV0?sha=331f60ae8d0ffd1a\" alt=\"\" \/><\/p>\n<p>Bundan ba\u015fqa, yay\u0131lan m\u0259lumatlara g\u00f6r\u0259, Ordubad Su Elektrik Stansiyas\u0131n\u0131n tikinti i\u015fl\u0259ri, Bak\u0131da avtobus park\u0131n\u0131n yenil\u0259nm\u0259si davam edir, S\u0259ng\u0259\u00e7al\u2013\u00c7eyilda\u011f avtomobil yolunun yenid\u0259n qurulmas\u0131 yekunla\u015f\u0131r, Xudat-H\u0259zr\u0259 v\u0259 L\u0259nk\u0259ran-Lerik avtomobil yollar\u0131 yenid\u0259n qurulur v\u0259 \u0130smay\u0131ll\u0131da yeni xal\u00e7a istehsal\u0131 emalatxanas\u0131 tikilir.<\/p>\n<p><strong>X\u018fZ\u018fR KONVENS\u0130YASI<\/strong><\/p>\n<p>\u0130lham \u018fliyev avqustun 12-d\u0259 X\u0259z\u0259ryan\u0131 d\u00f6vl\u0259tl\u0259rin d\u00f6vl\u0259t ba\u015f\u00e7\u0131lar\u0131n\u0131n V Zirv\u0259 toplant\u0131s\u0131nda i\u015ftirak etm\u0259k \u00fc\u00e7\u00fcn Qazax\u0131stan\u0131n Aktau \u015f\u0259h\u0259rin\u0259 s\u0259f\u0259r edib. Toplant\u0131da Aktauda X\u0259z\u0259ryan\u0131 d\u00f6vl\u0259tl\u0259rin ba\u015f\u00e7\u0131lar\u0131 X\u0259z\u0259r d\u0259nizinin h\u00fcquqi statusu haqq\u0131nda Konvensiyan\u0131 imzalay\u0131blar. Daha sonra d\u00f6vl\u0259t ba\u015f\u00e7\u0131lar\u0131 m\u0259tbuata b\u0259yanatlarla \u00e7\u0131x\u0131\u015f edibl\u0259r.<\/p>\n<p><img src=\"https:\/\/assets.oxu.az\/uploads\/W1siZiIsIjIwMTkvMDMvMjgvMTQvMTEvMzIvNmJmZTEwMjctYWRjYi00YWQ5LTllZDktNWZjOWYxOWI1MjgzL3hlemVyLmpwZyJdLFsicCIsImVuY29kZSIsImpwZyIsIi1xdWFsaXR5IDgwIl0sWyJwIiwidGh1bWIiLCI1OTB4NTkwXHUwMDNlIl1d?sha=5e785289b3313573\" alt=\"\" \/><\/p>\n<p>\u0130lham \u018fliyev \u00e7\u0131x\u0131\u015f\u0131 zaman\u0131 bildirib ki, X\u0259z\u0259r d\u0259nizinin h\u00fcquqi statusu haqq\u0131nda Konvensiyan\u0131n imzalanmas\u0131 tarixi \u0259h\u0259miyy\u0259tli s\u0259n\u0259ddir:<\/p>\n<p>\u201c\u018flb\u0259tt\u0259, bug\u00fcnk\u00fc imzalanma m\u0259rasimi qar\u015f\u0131m\u0131zda yeni perspektivl\u0259r a\u00e7\u0131r. Biz \u0259m\u0259kda\u015fl\u0131\u011f\u0131 davam etdirm\u0259k niyy\u0259tind\u0259yik. Az\u0259rbaycan b\u00fct\u00fcn X\u0259z\u0259ryan\u0131 \u00f6lk\u0259l\u0259rl\u0259 \u00e7ox s\u0131x etimada, qar\u015f\u0131l\u0131ql\u0131, b\u0259rab\u0259rh\u00fcquqlu maraqlar\u0131n n\u0259z\u0259r\u0259 al\u0131nmas\u0131na, \u0259razi b\u00fct\u00f6vl\u00fcy\u00fcn\u0259 h\u00f6rm\u0259t\u0259 v\u0259 b\u00fct\u00fcn \u00f6lk\u0259l\u0259rin suverenliyin\u0259 \u0259saslanan m\u00fcnasib\u0259tl\u0259r\u0259 malikdir\u201d.<\/p>\n<p>Bundan ba\u015fqa, prezident Aktauda qazax\u0131stanl\u0131 v\u0259 iranl\u0131 h\u0259mkarlar\u0131 il\u0259 vacib g\u00f6r\u00fc\u015fl\u0259r ke\u00e7irib.<\/p>\n<p><strong>REG\u0130ONLARA S\u018fF\u018fR V\u018f YEN\u0130 A\u00c7ILI\u015eLAR<\/strong><\/p>\n<p>Prezident avqust ay\u0131nda da regionlara s\u0259f\u0259r ed\u0259r\u0259k, bir s\u0131ra m\u00fc\u0259ssis\u0259l\u0259rin v\u0259 yollar\u0131n a\u00e7\u0131l\u0131\u015f\u0131nda i\u015ftirak edib.<\/p>\n<p>Avqustun 25-d\u0259 \u0130lham \u018fliyev \u015eamax\u0131 v\u0259 \u0130smay\u0131ll\u0131 rayonlar\u0131na s\u0259f\u0259r edib.<\/p>\n<p>O, s\u0259f\u0259r \u00e7\u0259r\u00e7iv\u0259sind\u0259 \u015eamax\u0131 rayonunda Meys\u0259ri k\u0259nd tam orta m\u0259kt\u0259binin yeni binas\u0131n\u0131n, \u201c\u015eirvan \u015f\u0259rablar\u0131\u201d MMC-nin \u00fcz\u00fcm\u00e7\u00fcl\u00fck v\u0259 \u015f\u0259rab\u00e7\u0131l\u0131q kompleksinin, Mu\u011fanl\u0131-\u0130smay\u0131ll\u0131-Ming\u0259-Keyv\u0259ndi-\u015e\u0259biyan-B\u0259hliyan avtomobil yolunun, \u0130smay\u0131ll\u0131 rayonunda 1000 ba\u015fl\u0131q m\u00fcasir heyvandarl\u0131q kompleksinin, \u201cAz\u0259rxal\u00e7a\u201d ASC-nin \u0130smay\u0131ll\u0131 filial\u0131n\u0131n, \u201cAz\u0259ri\u015f\u0131q\u201d ASC-nin yenid\u0259n qurulan 110\/35\/10 kilovoltluq \u201c\u0130smay\u0131ll\u0131\u201d yar\u0131mstansiyas\u0131n\u0131n, K\u00fcrdma\u015f\u0131-K\u0259lb\u0259nd-Girk avtomobil yolunun, \u201cButa Qrup\u201d MMC t\u0259r\u0259find\u0259n yarad\u0131lan aqropark\u0131n, \u015eamax\u0131 rayonunda Heyd\u0259r \u018fliyev Fondunun t\u0259\u015f\u0259bb\u00fcs\u00fc il\u0259 in\u015fa edil\u0259n D\u0259mir\u00e7i Arxeologiya Muzeyinin, D\u0259mir\u00e7i-Lah\u0131c avtomobil yolunun, Lah\u0131c q\u0259s\u0259b\u0259sind\u0259 yeni in\u015fa olunan m\u0259kt\u0259b binas\u0131n\u0131n a\u00e7\u0131l\u0131\u015flar\u0131nda, el\u0259c\u0259 d\u0259, Lah\u0131c q\u0259s\u0259b\u0259sin\u0259 t\u0259bii qaz\u0131n verilm\u0259si m\u0259rasimind\u0259 i\u015ftirak edib.<\/p>\n<div><iframe loading=\"lazy\" src=\"https:\/\/www.youtube.com\/embed\/Y_p1ifq0OV0\" width=\"560\" height=\"315\" frameborder=\"0\" allowfullscreen=\"allowfullscreen\" data-mce-fragment=\"1\"><\/iframe><\/div>\n<p><strong>BAKIDA A\u00c7ILI\u015eLAR<\/strong><\/p>\n<p>\u0130lham \u018fliyev avqustun 13-d\u0259 paytaxt\u0131n Qarada\u011f rayonunun L\u00f6kbatan q\u0259s\u0259b\u0259sind\u0259 in\u015fa olunan Ab\u015feron Logistika M\u0259rk\u0259zinin a\u00e7\u0131l\u0131\u015f\u0131 m\u0259rasimin\u0259 qat\u0131l\u0131b v\u0259 m\u0259rk\u0259zin f\u0259aliyy\u0259ti il\u0259 tan\u0131\u015f olub.<\/p>\n<p>Bundan ba\u015fqa, prezident X\u0259tai rayonunda sal\u0131nan idman-\u0259yl\u0259nc\u0259 park kompleksind\u0259 yarad\u0131lan \u015f\u0259raitl\u0259 tan\u0131\u015f olub.<\/p>\n<p>D\u00f6vl\u0259t ba\u015f\u00e7\u0131s\u0131, h\u0259m\u00e7inin, Bak\u0131 Bulvar\u0131nda yenid\u0259n b\u0259rpa edil\u0259n \u201cQu qu\u015flar\u0131\u201d f\u0259vvar\u0259 kompleksinin v\u0259 Heyd\u0259r \u018fliyev Fondunun t\u0259\u015f\u0259bb\u00fcs\u00fc il\u0259 yarad\u0131lan Bak\u0131 Kitab M\u0259rk\u0259zinin a\u00e7\u0131l\u0131\u015f\u0131n\u0131 edib.<\/p>\n<p><img src=\"https:\/\/assets.oxu.az\/uploads\/W1siZiIsIjIwMTkvMDMvMjgvMTQvMTEvMzEvOWMzNTViOGYtOTMyZi00Y2Y0LWJiY2YtZDAzNGIzODQxZjcxL2Jha2lkYSBhY2lsaXMuanBnIl0sWyJwIiwiZW5jb2RlIiwianBnIiwiLXF1YWxpdHkgODAiXSxbInAiLCJ0aHVtYiIsIjU5MHg1OTBcdTAwM2UiXV0?sha=45d52bcba24933ab\" alt=\"\" \/><\/p>\n<p><strong>KANSLER \u0130LK D\u018fF\u018f BAKIDA<\/strong><\/p>\n<p>Avqustun 25-d\u0259 Almaniya kansleri Angela Merkel ilk d\u0259f\u0259 Az\u0259rbaycana r\u0259smi s\u0259f\u0259r\u0259 g\u0259lib. R\u0259smi qar\u015f\u0131lanma m\u0259rasimind\u0259n sonra iki \u00f6lk\u0259 liderl\u0259ri aras\u0131nda geni\u015ft\u0259rkibli g\u00f6r\u00fc\u015f ke\u00e7irilib.<\/p>\n<p>G\u00f6r\u00fc\u015f\u00fcn ard\u0131ndan \u0130lham \u018fliyev v\u0259 Angela Merkel birg\u0259 m\u0259tbuat konfrans\u0131 ke\u00e7iribl\u0259r. Az\u0259rbaycan prezidenti konfransda \u00e7\u0131x\u0131\u015f\u0131 zaman\u0131 Da\u011fl\u0131q Qaraba\u011f m\u00fcnaqi\u015f\u0259si haqq\u0131nda \u0259trafl\u0131 dan\u0131\u015f\u0131b.<\/p>\n<p><img src=\"https:\/\/assets.oxu.az\/uploads\/W1siZiIsIjIwMTkvMDMvMjgvMTQvMTEvMzEvNTJmZWI4YTYtZDZmZi00MzU0LWIxOGMtNDU1ZWI1MWVkY2M2L21lcmtlbC5qcGciXSxbInAiLCJlbmNvZGUiLCJqcGciLCItcXVhbGl0eSA4MCJdLFsicCIsInRodW1iIiwiNTkweDU5MFx1MDAzZSJdXQ?sha=17a64cd686440fb7\" alt=\"\" \/><\/p>\n<p>Bundan ba\u015fqa, prezident deyib ki, son 15 il \u0259rzind\u0259 Az\u0259rbaycana 250 milyard dollar s\u0259rmay\u0259 qoyulub ki, bunun da t\u0259xmin\u0259n yar\u0131s\u0131 xarici s\u0259rmay\u0259dir.<\/p>\n<p>Daha sonra Heyd\u0259r \u018fliyev M\u0259rk\u0259zind\u0259 \u0130lham \u018fliyev v\u0259 Angela Merkelin i\u015f adamlar\u0131 il\u0259 g\u00f6r\u00fc\u015f\u00fc olub.<\/p>\n<p><strong>KADR \u0130SLAHATLARI DAVAM ED\u0130R<\/strong><\/p>\n<p>D\u00f6vl\u0259t ba\u015f\u00e7\u0131s\u0131n\u0131n m\u00fcvafiq s\u0259r\u0259ncamlar\u0131na uy\u011fun olaraq, Elmar V\u0259liyev G\u0259nc\u0259 \u015e\u0259h\u0259r \u0130cra Hakimiyy\u0259ti ba\u015f\u00e7\u0131s\u0131, Niyazi Bayramov Ming\u0259\u00e7evir \u015e\u0259h\u0259r \u0130cra Hakimiyy\u0259ti ba\u015f\u00e7\u0131s\u0131 v\u0259zif\u0259l\u0259rind\u0259n azad edilib.<\/p>\n<p>Dig\u0259r s\u0259r\u0259ncamlarla Niyazi Bayramov G\u0259nc\u0259, Vaqif H\u0259s\u0259nov A\u011fdam v\u0259 \u0130brahim Mustafayev G\u0259d\u0259b\u0259y \u0130cra Hakimiyy\u0259tinin ba\u015f\u00e7\u0131s\u0131 t\u0259yin olunub.<\/p>\n<p>Bundan ba\u015fqa, avqustun 31-d\u0259 prezident Elbrus \u0130sayevin Nax\u00e7\u0131van M\u00fc\u0259lliml\u0259r \u0130nstitutunun rektoru t\u0259yin edilm\u0259si il\u0259 ba\u011fl\u0131 s\u0259r\u0259ncam imzalay\u0131b.<\/p>\n<p><strong>\u00d6LK\u018fN\u0130N B\u0130R\u0130NC\u0130 \u015e\u018fXS\u0130<\/strong><\/p>\n<p>\u00d6t\u0259n il sentyabr\u0131n 1-d\u0259n Az\u0259rbaycanda yeni n\u0259sil elektron \u015f\u0259xsiyy\u0259t v\u0259siq\u0259l\u0259rinin t\u0259tbiqin\u0259 ba\u015flan\u0131b.<\/p>\n<p>Az\u0259rbaycan Respublikas\u0131 v\u0259t\u0259nda\u015f\u0131n\u0131n biometrik g\u00f6st\u0259ricil\u0259rini \u00f6z\u00fcnd\u0259 \u0259ks etdir\u0259n bir n\u00f6mr\u0259li elektron \u015f\u0259xsiyy\u0259t v\u0259siq\u0259si avqustun 31-d\u0259 prezident \u0130lham \u018fliyev\u0259 t\u0259qdim olunub.<\/p>\n<p><img src=\"https:\/\/assets.oxu.az\/uploads\/W1siZiIsIjIwMTkvMDMvMjgvMTQvMTEvMzEvZjJlMTM0YjEtZWZkNi00MmMwLWEwOTAtZWRjZTZkMWE3ZjYyL3Bhc3BvcnQuanBnIl0sWyJwIiwiZW5jb2RlIiwianBnIiwiLXF1YWxpdHkgODAiXSxbInAiLCJ0aHVtYiIsIjU5MHg1OTBcdTAwM2UiXV0?sha=27877c0ab6337018\" alt=\"\" \/><\/p>\n<\/div>\n<\/article>\n<section class=\"related-news\">\n<div class=\"l-center\">\n<h2>oxu.az<\/h2>\n<\/div>\n<\/section>\n","protected":false},"excerpt":{"rendered":"<p>11 aprel 2019-cu ild\u0259\u00a0\u0130lham \u018fliyevin n\u00f6vb\u0259ti d\u0259f\u0259 Az\u0259rbaycan prezidenti se\u00e7ilm\u0259sinin bir ili tamam olur. ARANTV.AZ-\u0131n \u0130lham \u018fliyevin prezidentliyinin 11 ay\u0131nda i\u015ftirak etdiyi t\u0259dbirl\u0259r, imzalad\u0131\u011f\u0131 f\u0259rman v\u0259 s\u0259r\u0259ncamlarla ba\u011fl\u0131 silsil\u0259 m\u0259qal\u0259l\u0259rind\u0259n n\u00f6vb\u0259tisi 2018-ci ilin avqust ay\u0131n\u0131 \u0259hat\u0259 edir. YEN\u0130 QURUMLARIN YARADILMASI Prezident \u0130lham \u018fliyev avqustun 1-d\u0259 \u00f6lk\u0259d\u0259 sahibkarl\u0131\u011f\u0131n inki\u015faf\u0131na d\u00f6vl\u0259t d\u0259st\u0259yi mexanizminin t\u0259kmill\u0259\u015fdirilm\u0259si haqq\u0131nda f\u0259rman imzalay\u0131b. F\u0259rmana \u0259sas\u0259n, Sahibkarl\u0131\u011fa K\u00f6m\u0259k Milli Fondu l\u0259\u011fv edilib v\u0259 Sahibkarl\u0131\u011f\u0131n \u0130nki\u015faf\u0131 Fondu yarad\u0131l\u0131b. Bundan ba\u015fqa, prezidentin dig\u0259r s\u0259r\u0259ncam\u0131 il\u0259 Az\u0259rbaycanda \u201cDayan\u0131ql\u0131 v\u0259 Operativ Sosial T\u0259minat Agentliyi\u201d (DOST Agentliyi) publik h\u00fcquqi \u015f\u0259xs yarad\u0131l\u0131b. \u201cDOST\u201d m\u0259rk\u0259zl\u0259rind\u0259 xidm\u0259tl\u0259rin&hellip;<\/p>\n","protected":false},"author":2,"featured_media":48513,"comment_status":"closed","ping_status":"closed","sticky":false,"template":"","format":"standard","meta":{"om_disable_all_campaigns":false,"_monsterinsights_skip_tracking":false,"_monsterinsights_sitenote_active":false,"_monsterinsights_sitenote_note":"","_monsterinsights_sitenote_category":0},"categories":[4],"tags":[],"aioseo_notices":[],"gutentor_comment":0,"rttpg_featured_image_url":{"full":["https:\/\/arantv.az\/wp-content\/uploads\/2019\/04\/bas.jpg",620,422,false],"landscape":["https:\/\/arantv.az\/wp-content\/uploads\/2019\/04\/bas.jpg",620,422,false],"portraits":["https:\/\/arantv.az\/wp-content\/uploads\/2019\/04\/bas.jpg",620,422,false],"thumbnail":["https:\/\/arantv.az\/wp-content\/uploads\/2019\/04\/bas-150x150.jpg",150,150,true],"medium":["https:\/\/arantv.az\/wp-content\/uploads\/2019\/04\/bas-300x204.jpg",300,204,true],"large":["https:\/\/arantv.az\/wp-content\/uploads\/2019\/04\/bas.jpg",620,422,false],"1536x1536":["https:\/\/arantv.az\/wp-content\/uploads\/2019\/04\/bas.jpg",620,422,false],"2048x2048":["https:\/\/arantv.az\/wp-content\/uploads\/2019\/04\/bas.jpg",620,422,false],"post-thumbnail":["https:\/\/arantv.az\/wp-content\/uploads\/2019\/04\/bas-240x172.jpg",240,172,true],"advps-thumb-one":["https:\/\/arantv.az\/wp-content\/uploads\/2019\/04\/bas.jpg",620,422,false]},"rttpg_author":{"display_name":"V\u00fcsal Rafiqo\u011flu","author_link":"https:\/\/arantv.az\/?author=2"},"rttpg_comment":0,"rttpg_category":"<a href=\"https:\/\/arantv.az\/?cat=4\" rel=\"category\">Siyas\u0259t<\/a>","rttpg_excerpt":"11 aprel 2019-cu ild\u0259\u00a0\u0130lham \u018fliyevin n\u00f6vb\u0259ti d\u0259f\u0259 Az\u0259rbaycan prezidenti se\u00e7ilm\u0259sinin bir ili tamam olur. ARANTV.AZ-\u0131n \u0130lham \u018fliyevin prezidentliyinin 11 ay\u0131nda i\u015ftirak etdiyi t\u0259dbirl\u0259r, imzalad\u0131\u011f\u0131 f\u0259rman v\u0259 s\u0259r\u0259ncamlarla ba\u011fl\u0131 silsil\u0259 m\u0259qal\u0259l\u0259rind\u0259n n\u00f6vb\u0259tisi 2018-ci ilin avqust ay\u0131n\u0131 \u0259hat\u0259 edir. YEN\u0130 QURUMLARIN YARADILMASI Prezident \u0130lham \u018fliyev avqustun 1-d\u0259 \u00f6lk\u0259d\u0259 sahibkarl\u0131\u011f\u0131n inki\u015faf\u0131na d\u00f6vl\u0259t d\u0259st\u0259yi mexanizminin t\u0259kmill\u0259\u015fdirilm\u0259si haqq\u0131nda f\u0259rman imzalay\u0131b.&hellip;","_links":{"self":[{"href":"https:\/\/arantv.az\/index.php?rest_route=\/wp\/v2\/posts\/48512"}],"collection":[{"href":"https:\/\/arantv.az\/index.php?rest_route=\/wp\/v2\/posts"}],"about":[{"href":"https:\/\/arantv.az\/index.php?rest_route=\/wp\/v2\/types\/post"}],"author":[{"embeddable":true,"href":"https:\/\/arantv.az\/index.php?rest_route=\/wp\/v2\/users\/2"}],"replies":[{"embeddable":true,"href":"https:\/\/arantv.az\/index.php?rest_route=%2Fwp%2Fv2%2Fcomments&post=48512"}],"version-history":[{"count":0,"href":"https:\/\/arantv.az\/index.php?rest_route=\/wp\/v2\/posts\/48512\/revisions"}],"wp:featuredmedia":[{"embeddable":true,"href":"https:\/\/arantv.az\/index.php?rest_route=\/wp\/v2\/media\/48513"}],"wp:attachment":[{"href":"https:\/\/arantv.az\/index.php?rest_route=%2Fwp%2Fv2%2Fmedia&parent=48512"}],"wp:term":[{"taxonomy":"category","embeddable":true,"href":"https:\/\/arantv.az\/index.php?rest_route=%2Fwp%2Fv2%2Fcategories&post=48512"},{"taxonomy":"post_tag","embeddable":true,"href":"https:\/\/arantv.az\/index.php?rest_route=%2Fwp%2Fv2%2Ftags&post=48512"}],"curies":[{"name":"wp","href":"https:\/\/api.w.org\/{rel}","templated":true}]}}