{"id":48528,"date":"2019-04-01T14:56:23","date_gmt":"2019-04-01T11:56:23","guid":{"rendered":"http:\/\/arantv.az\/?p=48528"},"modified":"2019-04-01T14:56:23","modified_gmt":"2019-04-01T11:56:23","slug":"muavin%c9%99tl%c9%99rin-artimi-sosial-probleml%c9%99rin-h%c9%99llin%c9%99-nec%c9%99-t%c9%99sir-edib-islahatlarin-1-ili-video","status":"publish","type":"post","link":"https:\/\/arantv.az\/?p=48528","title":{"rendered":"M\u00fcavin\u0259tl\u0259rin art\u0131m\u0131 sosial probleml\u0259rin h\u0259llin\u0259 nec\u0259 t\u0259sir edib? &#8211; \u0130SLAHATLARIN 1 \u0130L\u0130 &#8211; V\u0130DEO"},"content":{"rendered":"<p>Az\u0259rbaycan Prezidenti \u0130lham \u018fliyevin \u201c\u018fhalinin sosial m\u00fcdafi\u0259sinin g\u00fccl\u0259ndirilm\u0259si sah\u0259sind\u0259 \u0259lav\u0259 t\u0259dbirl\u0259r haqq\u0131nda\u201d 25 fevral 2019-cu il tarixli s\u0259r\u0259ncam\u0131 d\u00f6vl\u0259t ba\u015f\u00e7\u0131s\u0131n\u0131n daha bir humanist t\u0259\u015f\u0259bb\u00fcs\u00fcn\u00fcn n\u0259tic\u0259si olmaqla \u0259halinin sosial m\u00fcdafi\u0259sinin g\u00fccl\u0259ndirilm\u0259si sah\u0259sind\u0259 m\u00fch\u00fcm t\u0259dbirl\u0259rin ard\u0131c\u0131l xarakter ald\u0131\u011f\u0131n\u0131 g\u00f6st\u0259rir.<\/p>\n<p><strong>ARANTV.AZ<\/strong> xat\u0131rlad\u0131r ki, s\u0259r\u0259ncam, \u00fcmumilikd\u0259, 576,8 min n\u0259f\u0259r\u0259 y\u00f6n\u0259l\u0259n sosial m\u00fcavin\u0259tl\u0259rin v\u0259 Prezidentin ayl\u0131q t\u0259qa\u00fcdl\u0259rinin \u0259h\u0259miyy\u0259tli d\u0259r\u0259c\u0259d\u0259 art\u0131r\u0131lmas\u0131, el\u0259c\u0259 d\u0259 h\u0259min t\u0259qa\u00fcdl\u0259rin \u0259hat\u0259 dair\u0259sinin daha da geni\u015fl\u0259ndirilm\u0259si m\u0259qs\u0259din\u0259 xidm\u0259t edir.<\/p>\n<p>S\u0259r\u0259ncama uy\u011fun olaraq, sosial m\u00fcavin\u0259tin m\u0259bl\u0259\u011fi ya\u015fa g\u00f6r\u0259 m\u00fcavin\u0259t alanlar \u00fc\u00e7\u00fcn 73 manatdan 130 manata, I qrup \u0259lilliy\u0259 g\u00f6r\u0259 (\u00fcmumi s\u0259b\u0259bd\u0259n \u0259lill\u0259r \u00fc\u00e7\u00fcn 82 manatdan, m\u00fcharib\u0259 \u0259lill\u0259ri \u00fc\u00e7\u00fcn 101 manatdan) 150 manata, sa\u011flaml\u0131q imkanlar\u0131 m\u0259hdud 18 ya\u015f\u0131nad\u0259k u\u015faqlar \u00fc\u00e7\u00fcn 82 manatdan 150 manata \u00e7atd\u0131r\u0131l\u0131b.<\/p>\n<p>H\u0259m\u00e7inin u\u015fa\u011f\u0131n anadan olmas\u0131na g\u00f6r\u0259 109 manatdan 200 manata, d\u0259fn \u00fc\u00e7\u00fcn \u00f6d\u0259nil\u0259n sosial m\u00fcavin\u0259tin m\u0259bl\u0259\u011fi 146 manatdan 300 manata \u00e7atd\u0131r\u0131l\u0131b.<\/p>\n<p><img class=\"imgbcodecent\" src=\"https:\/\/upload.az\/foto\/arxiv\/38280372-ae76-46ba-b41d-26a86ce81aed.jpg\" alt=\"M\u00fcavin\u0259tl\u0259rin art\u0131m\u0131 sosial probleml\u0259rin h\u0259llin\u0259 nec\u0259 t\u0259sir edib? - \u0130SLAHATLARIN 1 \u0130L\u0130 - V\u0130DEO\" \/><\/p>\n<p>S\u0259r\u0259ncamda I qrup \u0259lill\u0259r\u0259 v\u0259 ya sa\u011flaml\u0131q imkanlar\u0131 m\u0259hdud 18 ya\u015f\u0131nad\u0259k \u015f\u0259xsl\u0259r\u0259 qulluq \u00fc\u00e7\u00fcn \u0259m\u0259k pensiyas\u0131n\u0131n s\u0131\u011forta hiss\u0259sin\u0259 \u0259lav\u0259 \u0259v\u0259zin\u0259 I qrup \u0259lilliyi olan \u015f\u0259xsl\u0259r\u0259 qulluq ed\u0259nl\u0259r\u0259 v\u0259 sa\u011flaml\u0131q imkanlar\u0131 m\u0259hdud 18 ya\u015f\u0131nad\u0259k u\u015faqlara qulluq ed\u0259nl\u0259r\u0259 50 manat m\u0259bl\u0259\u011find\u0259, el\u0259c\u0259 d\u0259 d\u00f6y\u00fc\u015f\u0259n ordunun t\u0259rkibind\u0259 xidm\u0259t etmi\u015f m\u00fcharib\u0259 i\u015ftirak\u00e7\u0131lar\u0131n\u0131n \u0259m\u0259k pensiyas\u0131n\u0131n s\u0131\u011forta hiss\u0259sin\u0259 \u0259lav\u0259 \u0259v\u0259zin\u0259 80 manat m\u0259bl\u0259\u011find\u0259 Prezident t\u0259qa\u00fcdl\u0259ri t\u0259sis edilib.<\/p>\n<p>M\u00fcharib\u0259 \u0259lill\u0259rin\u0259 d\u0259 Prezidentin t\u0259qa\u00fcd\u00fcn\u00fcn m\u0259bl\u0259\u011fi I qrup \u0259lilliy\u0259 g\u00f6r\u0259 182 manatdan 250 manata, II qrup \u0259lilliy\u0259 g\u00f6r\u0259 158 manatdan 230 manata, III qrup \u0259lilliy\u0259 g\u00f6r\u0259 121 manatdan 210 manata \u00e7atd\u0131r\u0131lmas\u0131 t\u0259min edil\u0259c\u0259k. Qeyd olunan m\u00fcavin\u0259t v\u0259 t\u0259qa\u00fcdl\u0259rin aprelin 1-d\u0259n art\u0131r\u0131lmas\u0131 n\u0259z\u0259rd\u0259 tutulur.<\/p>\n<p>Mart\u0131n 1-d\u0259n \u00f6lk\u0259d\u0259 minimum \u0259m\u0259k haqq\u0131 38,4 faiz art\u0131r\u0131laraq 180 manata v\u0259 d\u00f6vl\u0259t ba\u015f\u00e7\u0131s\u0131n\u0131n qanunvericilik t\u0259\u015f\u0259bb\u00fcs\u00fc \u0259sas\u0131nda q\u0259bul olunan qanunla \u0259m\u0259k pensiyas\u0131n\u0131n minimum m\u0259bl\u0259\u011fi 38,5 faiz art\u0131r\u0131laraq 160 manata \u00e7atd\u0131r\u0131l\u0131b.<\/p>\n<div id=\"AdviadNativeVideo0\" class=\"AdviadNativeVideo\"><\/div>\n<p>Eyni zamanda Prezident \u0130lham \u018fliyevin \u201cAz\u0259rbaycan Respublikas\u0131n\u0131n ali m\u0259kt\u0259b t\u0259l\u0259b\u0259l\u0259ri \u00fc\u00e7\u00fcn Prezident t\u0259qa\u00fcd\u00fcn\u00fcn t\u0259sis edilm\u0259si haqq\u0131nda\u201d f\u0259rman\u0131na g\u00f6r\u0259, ali m\u0259kt\u0259b t\u0259l\u0259b\u0259l\u0259ri \u00fc\u00e7\u00fcn Prezident t\u0259qa\u00fcd\u00fcn\u00fcn m\u0259bl\u0259\u011fi 210 manat m\u00fc\u0259yy\u0259n edilib. Bu da 110 min\u0259 yax\u0131n t\u0259l\u0259b\u0259y\u0259 \u015famil olunub v\u0259 onlar mart\u0131n 1-d\u0259n etibar\u0259n 20 faiz art\u0131mla t\u0259qa\u00fcdl\u0259rini al\u0131rlar. Xat\u0131rladaq ki, bundan \u0259vv\u0259l Prezident t\u0259qa\u00fcd\u00fc 185 manat olub.<br \/>\n<ins><\/ins><\/p>\n<div id=\"beacon_fe36fb1990\"><img loading=\"lazy\" src=\"https:\/\/ads2.newmedia.az\/www\/delivery\/lg.php?bannerid=0&amp;campaignid=0&amp;zoneid=975&amp;loc=https%3A%2F%2Fbig.az%2F349236-muavinetlerin_artimi_sosial_problemlerin_helline_nece_tesir_edib_-_islahatlarin_1_ili_-_video.html&amp;referer=https%3A%2F%2Fbig.az%2F&amp;cb=fe36fb1990\" alt=\"\" width=\"0\" height=\"0\" \/><\/div>\n<p>V\u0259t\u0259n M\u00fcharib\u0259si \u018flill\u0259ri \u0130ctimai Birliyinin s\u0259dri, I d\u0259r\u0259c\u0259li Qaraba\u011f m\u00fcharib\u0259si \u0259lili Firudin M\u0259mm\u0259dov deyib ki, \u0259vv\u0259ll\u0259r d\u0259 bu q\u0259bild\u0259n olan \u0259lill\u0259rin probleml\u0259ri v\u0259 sosial m\u00fcdafi\u0259 i\u015fl\u0259rinin yax\u015f\u0131la\u015fd\u0131r\u0131lmas\u0131 \u00fc\u00e7\u00fcn t\u0259dbirl\u0259r g\u00f6r\u00fcl\u00fcb: \u201cBu ilin fevral ay\u0131nda bu q\u0259bild\u0259n olan insanlar\u0131n t\u0259qa\u00fcd v\u0259 pensiyalar\u0131n\u0131n art\u0131r\u0131lmas\u0131 il\u0259 ba\u011fl\u0131 f\u0259rman imzaland\u0131. Bu g\u00fcn\u0259 q\u0259d\u0259r olan f\u0259rmanlar\u0131n he\u00e7 birind\u0259 maliyy\u0259 bax\u0131m\u0131ndan bu \u00e7\u0259kid\u0259 f\u0259rman imzalanmam\u0131\u015fd\u0131. Art\u0131m\u0131n \u00fcmumi miqdar\u0131 xeyli oldu. Bu add\u0131m \u0259lill\u0259r aras\u0131nda x\u00fcsusi h\u00f6rm\u0259tl\u0259 qar\u015f\u0131land\u0131 v\u0259 d\u00f6vl\u0259t qay\u011f\u0131s\u0131n\u0131n art\u0131r\u0131lmas\u0131 kimi d\u0259y\u0259rl\u0259ndirildi\u201d.<\/p>\n<p><img class=\"imgbcodecent\" src=\"https:\/\/upload.az\/foto\/arxiv\/1a02d4cd-70c9-4162-9d5b-c4cdfb4602c3.jpg\" alt=\"M\u00fcavin\u0259tl\u0259rin art\u0131m\u0131 sosial probleml\u0259rin h\u0259llin\u0259 nec\u0259 t\u0259sir edib? - \u0130SLAHATLARIN 1 \u0130L\u0130 - V\u0130DEO\" \/><br \/>\nAz\u0259rbaycan Dill\u0259r Universitetinin t\u0259l\u0259b\u0259si Lamiy\u0259 \u018fhm\u0259dzad\u0259 qeyd edib ki, t\u0259l\u0259b\u0259 c\u0259miyy\u0259td\u0259 pula ehtiyac\u0131 olub i\u015fl\u0259y\u0259 bilm\u0259y\u0259n t\u0259b\u0259q\u0259dir: \u201cD\u0259rsl\u0259rin a\u011f\u0131rl\u0131\u011f\u0131 v\u0259 sonradan vaxt\u0131n az qalmas\u0131ndan i\u015f tapmaq \u00e7\u0259tinl\u0259\u015fir. Odur ki, d\u00f6vl\u0259tin bu c\u00fcr add\u0131m atmas\u0131 t\u0259l\u0259b\u0259l\u0259r\u0259 olan qay\u011f\u0131n\u0131n g\u00f6st\u0259ricisidir. T\u0259qa\u00fcd\u00fcn m\u00fc\u0259yy\u0259n m\u0259bl\u0259\u011fd\u0259 artmas\u0131 bel\u0259 t\u0259l\u0259b\u0259y\u0259 b\u00f6y\u00fck k\u00f6m\u0259kdir. Bu art\u0131m t\u0259l\u0259b\u0259nin daha yax\u015f\u0131 ya\u015famas\u0131 \u00fc\u00e7\u00fcn d\u0259st\u0259kdir. \u00c7\u00fcnki \u0259vv\u0259lki t\u0259qa\u00fcd m\u0259bl\u0259\u011fi bir ayl\u0131q dolan\u0131\u015f \u00fc\u00e7\u00fcn o q\u0259d\u0259r d\u0259 b\u0259s etmirdi. Haz\u0131rk\u0131 m\u0259bl\u0259\u011f \u0259ks\u0259r x\u0259rcl\u0259ri qar\u015f\u0131lama\u011fa \u00e7at\u0131r\u201d.<\/p>\n<p><img class=\"imgbcodecent\" src=\"https:\/\/upload.az\/foto\/arxiv\/4ff50647-cbf4-4445-af24-7e5745436ec2.jpg\" alt=\"M\u00fcavin\u0259tl\u0259rin art\u0131m\u0131 sosial probleml\u0259rin h\u0259llin\u0259 nec\u0259 t\u0259sir edib? - \u0130SLAHATLARIN 1 \u0130L\u0130 - V\u0130DEO\" \/><\/p>\n<p>\u018fm\u0259k v\u0259 \u018fhalinin Sosial M\u00fcdafi\u0259si Nazirliyinin Pensiya siyas\u0259ti v\u0259 f\u0259rdi u\u00e7ota n\u0259zar\u0259t \u015f\u00f6b\u0259sinin m\u00fcdir m\u00fcavini Bab\u0259k H\u00fcseynov is\u0259 \u0259lav\u0259 edib ki, Prezident \u0130lham \u018fliyevin h\u0259l\u0259 \u00f6t\u0259n il anons verdiyi sosial-iqtisadi islahatlar \u00e7\u0259r\u00e7iv\u0259sind\u0259 bir \u00e7ox s\u0259n\u0259dl\u0259r imzalan\u0131b: \u201cYeni ild\u0259n minimum \u0259m\u0259khaqq\u0131n\u0131n m\u0259bl\u0259\u011fi 130 manatdan 180 manata \u00e7atd\u0131r\u0131ld\u0131. Bu da 600 mind\u0259n \u00e7ox \u015f\u0259xs\u0259 \u015famil edildi. H\u0259m\u00e7inin \u0259m\u0259k pensiyas\u0131n\u0131n minimum m\u0259bl\u0259\u011fi 160 manata \u00e7atd\u0131r\u0131ld\u0131. Eyni zamanda \u015f\u0259hid ail\u0259l\u0259ri il\u0259 g\u00f6r\u00fc\u015fd\u0259n sonra da bir ne\u00e7\u0259 s\u0259r\u0259ncam imzaland\u0131 v\u0259 bu q\u0259bild\u0259n olan \u015f\u0259xsl\u0259rin ail\u0259 \u00fczvl\u0259rinin sosial m\u00fcdafi\u0259sinin g\u00fccl\u0259ndirilm\u0259si m\u0259qs\u0259dil\u0259 bird\u0259f\u0259lik \u00f6d\u0259m\u0259l\u0259r bu g\u00fcn d\u0259 ail\u0259 \u00fczvl\u0259rin\u0259 t\u0259qdim olunur. \u018fhalinin sosial m\u00fcdafi\u0259sinin g\u00fccl\u0259ndirilm\u0259si \u00fc\u00e7\u00fcn 9 n\u00f6v sosial m\u00fcavin\u0259tin v\u0259 Prezidentin 3 n\u00f6v t\u0259qa\u00fcd\u00fcn\u00fcn m\u0259bl\u0259\u011finin art\u0131r\u0131lmas\u0131, el\u0259c\u0259 d\u0259 2 yeni Prezident t\u0259qa\u00fcd\u00fcn\u00fcn t\u0259sis edil\u0259r\u0259k \u00f6d\u0259nilm\u0259si n\u0259z\u0259rd\u0259 tutulub. Sosial art\u0131mlarla ba\u011fl\u0131 s\u0259r\u0259ncamlar inqilabi xarakter da\u015f\u0131y\u0131r\u201d.<\/p>\n<p>&nbsp;<\/p>\n<div class=\"embed-responsive embed-responsive-16by9\"><iframe loading=\"lazy\" id=\"nmqembedid\" class=\"embed-responsive-item\" title=\"video player\" src=\"https:\/\/izle.az\/embed\/qyyxNbAocDP2KDSKyLEAAA~~\" width=\"600\" height=\"340\" frameborder=\"0\" scrolling=\"no\" allowfullscreen=\"allowfullscreen\" data-mce-fragment=\"1\"><\/iframe><\/div>\n<p><img class=\"imgbcodecent\" src=\"https:\/\/upload.az\/foto\/arxiv\/2f00f045-172c-451e-a0b1-7b459ea08ad6.jpg\" alt=\"M\u00fcavin\u0259tl\u0259rin art\u0131m\u0131 sosial probleml\u0259rin h\u0259llin\u0259 nec\u0259 t\u0259sir edib? - \u0130SLAHATLARIN 1 \u0130L\u0130 - V\u0130DEO\" \/><br \/>\n<img class=\"imgbcodecent\" src=\"https:\/\/upload.az\/foto\/arxiv\/2fc32f52-23b6-4739-8194-0588960623d3.jpg\" alt=\"M\u00fcavin\u0259tl\u0259rin art\u0131m\u0131 sosial probleml\u0259rin h\u0259llin\u0259 nec\u0259 t\u0259sir edib? - \u0130SLAHATLARIN 1 \u0130L\u0130 - V\u0130DEO\" \/><br \/>\n<img class=\"imgbcodecent\" src=\"https:\/\/upload.az\/foto\/arxiv\/3fd33974-d312-4883-a05a-cae55f383889.jpg\" alt=\"M\u00fcavin\u0259tl\u0259rin art\u0131m\u0131 sosial probleml\u0259rin h\u0259llin\u0259 nec\u0259 t\u0259sir edib? - \u0130SLAHATLARIN 1 \u0130L\u0130 - V\u0130DEO\" \/><br \/>\n<img class=\"imgbcodecent\" src=\"https:\/\/upload.az\/foto\/arxiv\/9e3bba2e-ea05-486a-9bbc-391ec8718898.jpg\" alt=\"M\u00fcavin\u0259tl\u0259rin art\u0131m\u0131 sosial probleml\u0259rin h\u0259llin\u0259 nec\u0259 t\u0259sir edib? - \u0130SLAHATLARIN 1 \u0130L\u0130 - V\u0130DEO\" \/><\/p>\n","protected":false},"excerpt":{"rendered":"<p>Az\u0259rbaycan Prezidenti \u0130lham \u018fliyevin \u201c\u018fhalinin sosial m\u00fcdafi\u0259sinin g\u00fccl\u0259ndirilm\u0259si sah\u0259sind\u0259 \u0259lav\u0259 t\u0259dbirl\u0259r haqq\u0131nda\u201d 25 fevral 2019-cu il tarixli s\u0259r\u0259ncam\u0131 d\u00f6vl\u0259t ba\u015f\u00e7\u0131s\u0131n\u0131n daha bir humanist t\u0259\u015f\u0259bb\u00fcs\u00fcn\u00fcn n\u0259tic\u0259si olmaqla \u0259halinin sosial m\u00fcdafi\u0259sinin g\u00fccl\u0259ndirilm\u0259si sah\u0259sind\u0259 m\u00fch\u00fcm t\u0259dbirl\u0259rin ard\u0131c\u0131l xarakter ald\u0131\u011f\u0131n\u0131 g\u00f6st\u0259rir. ARANTV.AZ xat\u0131rlad\u0131r ki, s\u0259r\u0259ncam, \u00fcmumilikd\u0259, 576,8 min n\u0259f\u0259r\u0259 y\u00f6n\u0259l\u0259n sosial m\u00fcavin\u0259tl\u0259rin v\u0259 Prezidentin ayl\u0131q t\u0259qa\u00fcdl\u0259rinin \u0259h\u0259miyy\u0259tli d\u0259r\u0259c\u0259d\u0259 art\u0131r\u0131lmas\u0131, el\u0259c\u0259 d\u0259 h\u0259min t\u0259qa\u00fcdl\u0259rin \u0259hat\u0259 dair\u0259sinin daha da geni\u015fl\u0259ndirilm\u0259si m\u0259qs\u0259din\u0259 xidm\u0259t edir. S\u0259r\u0259ncama uy\u011fun olaraq, sosial m\u00fcavin\u0259tin m\u0259bl\u0259\u011fi ya\u015fa g\u00f6r\u0259 m\u00fcavin\u0259t alanlar \u00fc\u00e7\u00fcn 73 manatdan 130 manata, I qrup \u0259lilliy\u0259 g\u00f6r\u0259 (\u00fcmumi s\u0259b\u0259bd\u0259n \u0259lill\u0259r \u00fc\u00e7\u00fcn&hellip;<\/p>\n","protected":false},"author":2,"featured_media":48529,"comment_status":"closed","ping_status":"closed","sticky":false,"template":"","format":"standard","meta":{"om_disable_all_campaigns":false,"_monsterinsights_skip_tracking":false,"_monsterinsights_sitenote_active":false,"_monsterinsights_sitenote_note":"","_monsterinsights_sitenote_category":0},"categories":[4],"tags":[],"aioseo_notices":[],"gutentor_comment":0,"rttpg_featured_image_url":{"full":["https:\/\/arantv.az\/wp-content\/uploads\/2019\/04\/ec189ea7-f395-4c0f-8b9e-4caf5396d65e.jpg",650,451,false],"landscape":["https:\/\/arantv.az\/wp-content\/uploads\/2019\/04\/ec189ea7-f395-4c0f-8b9e-4caf5396d65e.jpg",650,451,false],"portraits":["https:\/\/arantv.az\/wp-content\/uploads\/2019\/04\/ec189ea7-f395-4c0f-8b9e-4caf5396d65e.jpg",650,451,false],"thumbnail":["https:\/\/arantv.az\/wp-content\/uploads\/2019\/04\/ec189ea7-f395-4c0f-8b9e-4caf5396d65e-150x150.jpg",150,150,true],"medium":["https:\/\/arantv.az\/wp-content\/uploads\/2019\/04\/ec189ea7-f395-4c0f-8b9e-4caf5396d65e-300x208.jpg",300,208,true],"large":["https:\/\/arantv.az\/wp-content\/uploads\/2019\/04\/ec189ea7-f395-4c0f-8b9e-4caf5396d65e.jpg",640,444,false],"1536x1536":["https:\/\/arantv.az\/wp-content\/uploads\/2019\/04\/ec189ea7-f395-4c0f-8b9e-4caf5396d65e.jpg",650,451,false],"2048x2048":["https:\/\/arantv.az\/wp-content\/uploads\/2019\/04\/ec189ea7-f395-4c0f-8b9e-4caf5396d65e.jpg",650,451,false],"post-thumbnail":["https:\/\/arantv.az\/wp-content\/uploads\/2019\/04\/ec189ea7-f395-4c0f-8b9e-4caf5396d65e-240x172.jpg",240,172,true],"advps-thumb-one":["https:\/\/arantv.az\/wp-content\/uploads\/2019\/04\/ec189ea7-f395-4c0f-8b9e-4caf5396d65e.jpg",650,451,false]},"rttpg_author":{"display_name":"V\u00fcsal Rafiqo\u011flu","author_link":"https:\/\/arantv.az\/?author=2"},"rttpg_comment":0,"rttpg_category":"<a href=\"https:\/\/arantv.az\/?cat=4\" rel=\"category\">Siyas\u0259t<\/a>","rttpg_excerpt":"Az\u0259rbaycan Prezidenti \u0130lham \u018fliyevin \u201c\u018fhalinin sosial m\u00fcdafi\u0259sinin g\u00fccl\u0259ndirilm\u0259si sah\u0259sind\u0259 \u0259lav\u0259 t\u0259dbirl\u0259r haqq\u0131nda\u201d 25 fevral 2019-cu il tarixli s\u0259r\u0259ncam\u0131 d\u00f6vl\u0259t ba\u015f\u00e7\u0131s\u0131n\u0131n daha bir humanist t\u0259\u015f\u0259bb\u00fcs\u00fcn\u00fcn n\u0259tic\u0259si olmaqla \u0259halinin sosial m\u00fcdafi\u0259sinin g\u00fccl\u0259ndirilm\u0259si sah\u0259sind\u0259 m\u00fch\u00fcm t\u0259dbirl\u0259rin ard\u0131c\u0131l xarakter ald\u0131\u011f\u0131n\u0131 g\u00f6st\u0259rir. ARANTV.AZ xat\u0131rlad\u0131r ki, s\u0259r\u0259ncam, \u00fcmumilikd\u0259, 576,8 min n\u0259f\u0259r\u0259 y\u00f6n\u0259l\u0259n sosial m\u00fcavin\u0259tl\u0259rin v\u0259 Prezidentin ayl\u0131q t\u0259qa\u00fcdl\u0259rinin \u0259h\u0259miyy\u0259tli d\u0259r\u0259c\u0259d\u0259 art\u0131r\u0131lmas\u0131,&hellip;","_links":{"self":[{"href":"https:\/\/arantv.az\/index.php?rest_route=\/wp\/v2\/posts\/48528"}],"collection":[{"href":"https:\/\/arantv.az\/index.php?rest_route=\/wp\/v2\/posts"}],"about":[{"href":"https:\/\/arantv.az\/index.php?rest_route=\/wp\/v2\/types\/post"}],"author":[{"embeddable":true,"href":"https:\/\/arantv.az\/index.php?rest_route=\/wp\/v2\/users\/2"}],"replies":[{"embeddable":true,"href":"https:\/\/arantv.az\/index.php?rest_route=%2Fwp%2Fv2%2Fcomments&post=48528"}],"version-history":[{"count":0,"href":"https:\/\/arantv.az\/index.php?rest_route=\/wp\/v2\/posts\/48528\/revisions"}],"wp:featuredmedia":[{"embeddable":true,"href":"https:\/\/arantv.az\/index.php?rest_route=\/wp\/v2\/media\/48529"}],"wp:attachment":[{"href":"https:\/\/arantv.az\/index.php?rest_route=%2Fwp%2Fv2%2Fmedia&parent=48528"}],"wp:term":[{"taxonomy":"category","embeddable":true,"href":"https:\/\/arantv.az\/index.php?rest_route=%2Fwp%2Fv2%2Fcategories&post=48528"},{"taxonomy":"post_tag","embeddable":true,"href":"https:\/\/arantv.az\/index.php?rest_route=%2Fwp%2Fv2%2Ftags&post=48528"}],"curies":[{"name":"wp","href":"https:\/\/api.w.org\/{rel}","templated":true}]}}