{"id":48538,"date":"2019-04-01T15:09:50","date_gmt":"2019-04-01T12:09:50","guid":{"rendered":"http:\/\/arantv.az\/?p=48538"},"modified":"2019-04-01T15:09:50","modified_gmt":"2019-04-01T12:09:50","slug":"ilham-%c9%99liyevin-t%c9%99ltif-etdiyi-s%c9%99xs-rusiyada-nazir-t%c9%99yin-edildi","status":"publish","type":"post","link":"https:\/\/arantv.az\/?p=48538","title":{"rendered":"\u0130lham \u018fliyevin t\u0259ltif etdiyi \u015f\u0259xs Rusiyada nazir t\u0259yin edildi"},"content":{"rendered":"<p><strong>Denis Afanasyev H\u0259\u015ft\u0259rxan Vilay\u0259ti S\u0259naye, n\u0259qliyyat v\u0259 t\u0259bii ehtiyatlar naziri t\u0259yin olunub.<\/strong><\/p>\n<p><b>ARANTV.AZ\u00a0\u00a0<\/b>x\u0259b\u0259r verir ki, uzun ill\u0259r Rusiya Federasiyas\u0131n\u0131n H\u0259\u015ft\u0259rxan vilay\u0259tinin beyn\u0259lxalq v\u0259 xarici iqtisadi \u0259laq\u0259l\u0259r naziri v\u0259zif\u0259sind\u0259 f\u0259aliyy\u0259t g\u00f6st\u0259r\u0259n Denis Afanasyev son ill\u0259r \u0259rzind\u0259 Az\u0259rbaycan v\u0259 H\u0259\u015ft\u0259rxan vilay\u0259ti aras\u0131nda dostluq v\u0259 iqtisadi \u0259m\u0259kda\u015fl\u0131\u011f\u0131n y\u00fcks\u0259k templ\u0259 inki\u015faf\u0131na b\u00f6y\u00fck t\u00f6hf\u0259 verib.<\/p>\n<p>Heyd\u0259r \u018fliyev Fondu t\u0259r\u0259find\u0259n H\u0259\u015ft\u0259rxanda h\u0259yata ke\u00e7irilmi\u015f m\u00fcxt\u0259lif geni\u015fmiqyasl\u0131 layih\u0259l\u0259rd\u0259, o c\u00fcml\u0259d\u0259n Ulu \u00f6nd\u0259r Heyd\u0259r \u018fliyevin abid\u0259sinin ucald\u0131lmas\u0131 v\u0259 park\u0131n sal\u0131nmas\u0131, \u00dcmummilli liderin ad\u0131n\u0131 da\u015f\u0131yan 11 n\u00f6mr\u0259li tam orta m\u0259kt\u0259bin rekonstruksiyas\u0131 v\u0259 yeni korpuslar\u0131n tikilm\u0259si, h\u0259min m\u0259kt\u0259bin n\u0259zdind\u0259 yeni u\u015faq ba\u011f\u00e7as\u0131n\u0131n in\u015fas\u0131, Me\u00e7ta u\u015faq \u0259yl\u0259nc\u0259 \u015f\u0259h\u0259rciyinin sal\u0131nmas\u0131 v\u0259 dig\u0259r layih\u0259l\u0259rin h\u0259yata ke\u00e7irilm\u0259sind\u0259 birba\u015fa f\u0259al i\u015ftirak edib.<\/p>\n<p>B\u00fct\u00fcn bunlar\u0131 n\u0259z\u0259r\u0259 alaraq 2017-ci ild\u0259 Az\u0259rbaycan Respublikas\u0131n\u0131n Prezidenti c\u0259nab \u0130lham \u018fliyevin S\u0259r\u0259ncam\u0131 il\u0259 Az\u0259rbaycan Respublikas\u0131 il\u0259 Rusiya Federasiyas\u0131 aras\u0131nda \u0259m\u0259kda\u015fl\u0131\u011f\u0131n inki\u015faf\u0131ndak\u0131 xidm\u0259tl\u0259rin\u0259 g\u00f6r\u0259 D.Afanasyev \u201cT\u0259r\u0259qqi\u201d medal\u0131 il\u0259 t\u0259ltif edilib.<\/p>\n<p>Onun y\u00fcks\u0259k s\u0259m\u0259r\u0259li f\u0259aliyy\u0259tini n\u0259z\u0259r\u0259 alaraq H\u0259\u015ft\u0259rxan vilay\u0259tinin qubernatoru S.Morozov 1 aprel 2019-cu il tarixind\u0259n D.Afansyevi H\u0259\u015ft\u0259rxan vilay\u0259tinin S\u0259naye, n\u0259qliyyat v\u0259 t\u0259bii ehtiyatlar naziri v\u0259zif\u0259sin\u0259 t\u0259yin edib.publika.az<\/p>\n","protected":false},"excerpt":{"rendered":"<p>Denis Afanasyev H\u0259\u015ft\u0259rxan Vilay\u0259ti S\u0259naye, n\u0259qliyyat v\u0259 t\u0259bii ehtiyatlar naziri t\u0259yin olunub. ARANTV.AZ\u00a0\u00a0x\u0259b\u0259r verir ki, uzun ill\u0259r Rusiya Federasiyas\u0131n\u0131n H\u0259\u015ft\u0259rxan vilay\u0259tinin beyn\u0259lxalq v\u0259 xarici iqtisadi \u0259laq\u0259l\u0259r naziri v\u0259zif\u0259sind\u0259 f\u0259aliyy\u0259t g\u00f6st\u0259r\u0259n Denis Afanasyev son ill\u0259r \u0259rzind\u0259 Az\u0259rbaycan v\u0259 H\u0259\u015ft\u0259rxan vilay\u0259ti aras\u0131nda dostluq v\u0259 iqtisadi \u0259m\u0259kda\u015fl\u0131\u011f\u0131n y\u00fcks\u0259k templ\u0259 inki\u015faf\u0131na b\u00f6y\u00fck t\u00f6hf\u0259 verib. Heyd\u0259r \u018fliyev Fondu t\u0259r\u0259find\u0259n H\u0259\u015ft\u0259rxanda h\u0259yata ke\u00e7irilmi\u015f m\u00fcxt\u0259lif geni\u015fmiqyasl\u0131 layih\u0259l\u0259rd\u0259, o c\u00fcml\u0259d\u0259n Ulu \u00f6nd\u0259r Heyd\u0259r \u018fliyevin abid\u0259sinin ucald\u0131lmas\u0131 v\u0259 park\u0131n sal\u0131nmas\u0131, \u00dcmummilli liderin ad\u0131n\u0131 da\u015f\u0131yan 11 n\u00f6mr\u0259li tam orta m\u0259kt\u0259bin rekonstruksiyas\u0131 v\u0259 yeni korpuslar\u0131n tikilm\u0259si, h\u0259min m\u0259kt\u0259bin n\u0259zdind\u0259 yeni u\u015faq&hellip;<\/p>\n","protected":false},"author":2,"featured_media":48539,"comment_status":"closed","ping_status":"closed","sticky":false,"template":"","format":"standard","meta":{"om_disable_all_campaigns":false,"_monsterinsights_skip_tracking":false,"_monsterinsights_sitenote_active":false,"_monsterinsights_sitenote_note":"","_monsterinsights_sitenote_category":0},"categories":[19],"tags":[],"aioseo_notices":[],"gutentor_comment":0,"rttpg_featured_image_url":{"full":["https:\/\/arantv.az\/wp-content\/uploads\/2019\/04\/d.afanasyev.jpg",800,450,false],"landscape":["https:\/\/arantv.az\/wp-content\/uploads\/2019\/04\/d.afanasyev.jpg",800,450,false],"portraits":["https:\/\/arantv.az\/wp-content\/uploads\/2019\/04\/d.afanasyev.jpg",800,450,false],"thumbnail":["https:\/\/arantv.az\/wp-content\/uploads\/2019\/04\/d.afanasyev-150x150.jpg",150,150,true],"medium":["https:\/\/arantv.az\/wp-content\/uploads\/2019\/04\/d.afanasyev-300x169.jpg",300,169,true],"large":["https:\/\/arantv.az\/wp-content\/uploads\/2019\/04\/d.afanasyev.jpg",640,360,false],"1536x1536":["https:\/\/arantv.az\/wp-content\/uploads\/2019\/04\/d.afanasyev.jpg",800,450,false],"2048x2048":["https:\/\/arantv.az\/wp-content\/uploads\/2019\/04\/d.afanasyev.jpg",800,450,false],"post-thumbnail":["https:\/\/arantv.az\/wp-content\/uploads\/2019\/04\/d.afanasyev-240x172.jpg",240,172,true],"advps-thumb-one":["https:\/\/arantv.az\/wp-content\/uploads\/2019\/04\/d.afanasyev.jpg",800,450,false]},"rttpg_author":{"display_name":"V\u00fcsal Rafiqo\u011flu","author_link":"https:\/\/arantv.az\/?author=2"},"rttpg_comment":0,"rttpg_category":"<a href=\"https:\/\/arantv.az\/?cat=19\" rel=\"category\">G\u00fcnd\u0259m<\/a>","rttpg_excerpt":"Denis Afanasyev H\u0259\u015ft\u0259rxan Vilay\u0259ti S\u0259naye, n\u0259qliyyat v\u0259 t\u0259bii ehtiyatlar naziri t\u0259yin olunub. ARANTV.AZ\u00a0\u00a0x\u0259b\u0259r verir ki, uzun ill\u0259r Rusiya Federasiyas\u0131n\u0131n H\u0259\u015ft\u0259rxan vilay\u0259tinin beyn\u0259lxalq v\u0259 xarici iqtisadi \u0259laq\u0259l\u0259r naziri v\u0259zif\u0259sind\u0259 f\u0259aliyy\u0259t g\u00f6st\u0259r\u0259n Denis Afanasyev son ill\u0259r \u0259rzind\u0259 Az\u0259rbaycan v\u0259 H\u0259\u015ft\u0259rxan vilay\u0259ti aras\u0131nda dostluq v\u0259 iqtisadi \u0259m\u0259kda\u015fl\u0131\u011f\u0131n y\u00fcks\u0259k templ\u0259 inki\u015faf\u0131na b\u00f6y\u00fck t\u00f6hf\u0259 verib. Heyd\u0259r \u018fliyev Fondu t\u0259r\u0259find\u0259n H\u0259\u015ft\u0259rxanda&hellip;","_links":{"self":[{"href":"https:\/\/arantv.az\/index.php?rest_route=\/wp\/v2\/posts\/48538"}],"collection":[{"href":"https:\/\/arantv.az\/index.php?rest_route=\/wp\/v2\/posts"}],"about":[{"href":"https:\/\/arantv.az\/index.php?rest_route=\/wp\/v2\/types\/post"}],"author":[{"embeddable":true,"href":"https:\/\/arantv.az\/index.php?rest_route=\/wp\/v2\/users\/2"}],"replies":[{"embeddable":true,"href":"https:\/\/arantv.az\/index.php?rest_route=%2Fwp%2Fv2%2Fcomments&post=48538"}],"version-history":[{"count":0,"href":"https:\/\/arantv.az\/index.php?rest_route=\/wp\/v2\/posts\/48538\/revisions"}],"wp:featuredmedia":[{"embeddable":true,"href":"https:\/\/arantv.az\/index.php?rest_route=\/wp\/v2\/media\/48539"}],"wp:attachment":[{"href":"https:\/\/arantv.az\/index.php?rest_route=%2Fwp%2Fv2%2Fmedia&parent=48538"}],"wp:term":[{"taxonomy":"category","embeddable":true,"href":"https:\/\/arantv.az\/index.php?rest_route=%2Fwp%2Fv2%2Fcategories&post=48538"},{"taxonomy":"post_tag","embeddable":true,"href":"https:\/\/arantv.az\/index.php?rest_route=%2Fwp%2Fv2%2Ftags&post=48538"}],"curies":[{"name":"wp","href":"https:\/\/api.w.org\/{rel}","templated":true}]}}