{"id":48554,"date":"2019-04-01T15:39:39","date_gmt":"2019-04-01T12:39:39","guid":{"rendered":"http:\/\/arantv.az\/?p=48554"},"modified":"2019-04-01T15:39:39","modified_gmt":"2019-04-01T12:39:39","slug":"at%c9%99t-az%c9%99rbaycan-v%c9%99-erm%c9%99nistan-liderl%c9%99rinin-vyanadaki-konstruktiv-gorusunu-alqislayir","status":"publish","type":"post","link":"https:\/\/arantv.az\/?p=48554","title":{"rendered":"AT\u018fT Az\u0259rbaycan v\u0259 Erm\u0259nistan liderl\u0259rinin Vyanadak\u0131 konstruktiv g\u00f6r\u00fc\u015f\u00fcn\u00fc alq\u0131\u015flay\u0131r"},"content":{"rendered":"<p>AT\u018fT-in haz\u0131rk\u0131 s\u0259dri, Slovakiyan\u0131n xarici i\u015fl\u0259r naziri Miroslav Lay\u00e7ak Az\u0259rbaycan v\u0259 Erm\u0259nistan liderl\u0259rinin Vyanadak\u0131 konstruktiv g\u00f6r\u00fc\u015f\u00fcn\u00fc alq\u0131\u015flay\u0131r.<\/p>\n<p><strong>ARANTV.AZ<\/strong> bu bar\u0259d\u0259\u00a0<a href=\"https:\/\/az.trend.az\/\" target=\"_blank\" rel=\"noopener\">Trend<\/a>-\u0259 istinad\u0259n x\u0259b\u0259r verir.<\/p>\n<p>B\u0259yanatda deyilir ki, M.Lay\u00e7ak Bratislavada AT\u018fT-in amerikal\u0131 h\u0259ms\u0259dri Endr\u00fc \u015eoferl\u0259 g\u00f6r\u00fc\u015f\u00fcb.<\/p>\n<p>M.Lay\u00e7ak Az\u0259rbaycan Prezidenti \u0130lham \u018fliyevl\u0259 Erm\u0259nistan\u0131n ba\u015f naziri Nikol Pa\u015finyan aras\u0131nda mart\u0131n 29-da Vyanada ke\u00e7irilmi\u015f ilk g\u00f6r\u00fc\u015f\u00fcn n\u0259tic\u0259l\u0259ri bar\u0259d\u0259 m\u0259lumatland\u0131r\u0131l\u0131b. O, dan\u0131\u015f\u0131qlar\u0131n konstruktiv m\u00fchitini v\u0259 liderl\u0259rin Da\u011fl\u0131q Qaraba\u011f m\u00fcnaqi\u015f\u0259sinin dinc h\u0259ll yollar\u0131n\u0131n axtar\u0131\u015flar\u0131 il\u0259 ba\u011fl\u0131 s\u0259yl\u0259rini alq\u0131\u015flay\u0131b:<\/p>\n<p>&#8220;Biz \u0259vv\u0259lki kimi bu prosesi v\u0259 liderl\u0259rin at\u0259\u015fk\u0259s rejiminin m\u00f6hk\u0259ml\u0259ndirilm\u0259si v\u0259 humantiar sah\u0259d\u0259 t\u0259dbirl\u0259rin g\u00f6r\u00fclm\u0259sin\u0259 sadiqliyini m\u00fcsb\u0259t qiym\u0259tl\u0259ndiririk v\u0259 tam d\u0259st\u0259kl\u0259yirik&#8221;.<\/p>\n<p>Qeyd ed\u0259k ki, Az\u0259rbaycan Prezidenti \u0130lham \u018fliyevin mart\u0131n 29-da Vyanada Erm\u0259nistan-Az\u0259rbaycan m\u00fcnaqi\u015f\u0259sinin h\u0259llini m\u00fczakir\u0259 etm\u0259k \u00fc\u00e7\u00fcn Erm\u0259nistan\u0131n ba\u015f naziri Nikol Pa\u015finyanla g\u00f6r\u00fc\u015f\u00fc olub. T\u0259kb\u0259t\u0259k g\u00f6r\u00fc\u015f iki saatdan art\u0131q davam edib, sonra is\u0259 dan\u0131\u015f\u0131qlar AT\u018fT-in Minsk qrupunun h\u0259ms\u0259drl\u0259rinin v\u0259 iki \u00f6lk\u0259nin xarici i\u015fl\u0259r nazirl\u0259rinin i\u015ftirak\u0131 il\u0259 davam etdirilib.<\/p>\n<p>Az\u0259rbaycan v\u0259 Erm\u0259nistan xarici i\u015fl\u0259r nazirl\u0259ri v\u0259 h\u0259ms\u0259drl\u0259rin g\u00f6r\u00fc\u015f\u00fcn yekunu \u00fczr\u0259 birg\u0259 b\u0259yanat\u0131nda dan\u0131\u015f\u0131qlar prosesinin \u0259sas m\u0259s\u0259l\u0259l\u0259ri, substantiv m\u0259qamlar bar\u0259d\u0259 geni\u015f fikir m\u00fcbadil\u0259sinin apar\u0131ld\u0131\u011f\u0131 qeyd olunur. H\u0259m\u00e7inin s\u00fclh prosesinin ir\u0259li apar\u0131lmas\u0131 \u00fc\u00e7\u00fcn m\u00fcnasib v\u0259 m\u00fcnbit \u015f\u0259raitin yarad\u0131lmas\u0131n\u0131n, dan\u0131\u015f\u0131qlar prosesind\u0259 konkret v\u0259 n\u0259tic\u0259 y\u00f6n\u00fcml\u00fc add\u0131mlar\u0131n at\u0131lmas\u0131n\u0131n vacibliyi kimi m\u0259qamlar vur\u011fulan\u0131r.<\/p>\n","protected":false},"excerpt":{"rendered":"<p>AT\u018fT-in haz\u0131rk\u0131 s\u0259dri, Slovakiyan\u0131n xarici i\u015fl\u0259r naziri Miroslav Lay\u00e7ak Az\u0259rbaycan v\u0259 Erm\u0259nistan liderl\u0259rinin Vyanadak\u0131 konstruktiv g\u00f6r\u00fc\u015f\u00fcn\u00fc alq\u0131\u015flay\u0131r. ARANTV.AZ bu bar\u0259d\u0259\u00a0Trend-\u0259 istinad\u0259n x\u0259b\u0259r verir. B\u0259yanatda deyilir ki, M.Lay\u00e7ak Bratislavada AT\u018fT-in amerikal\u0131 h\u0259ms\u0259dri Endr\u00fc \u015eoferl\u0259 g\u00f6r\u00fc\u015f\u00fcb. M.Lay\u00e7ak Az\u0259rbaycan Prezidenti \u0130lham \u018fliyevl\u0259 Erm\u0259nistan\u0131n ba\u015f naziri Nikol Pa\u015finyan aras\u0131nda mart\u0131n 29-da Vyanada ke\u00e7irilmi\u015f ilk g\u00f6r\u00fc\u015f\u00fcn n\u0259tic\u0259l\u0259ri bar\u0259d\u0259 m\u0259lumatland\u0131r\u0131l\u0131b. O, dan\u0131\u015f\u0131qlar\u0131n konstruktiv m\u00fchitini v\u0259 liderl\u0259rin Da\u011fl\u0131q Qaraba\u011f m\u00fcnaqi\u015f\u0259sinin dinc h\u0259ll yollar\u0131n\u0131n axtar\u0131\u015flar\u0131 il\u0259 ba\u011fl\u0131 s\u0259yl\u0259rini alq\u0131\u015flay\u0131b: &#8220;Biz \u0259vv\u0259lki kimi bu prosesi v\u0259 liderl\u0259rin at\u0259\u015fk\u0259s rejiminin m\u00f6hk\u0259ml\u0259ndirilm\u0259si v\u0259 humantiar sah\u0259d\u0259 t\u0259dbirl\u0259rin g\u00f6r\u00fclm\u0259sin\u0259 sadiqliyini m\u00fcsb\u0259t qiym\u0259tl\u0259ndiririk v\u0259&hellip;<\/p>\n","protected":false},"author":2,"featured_media":48555,"comment_status":"closed","ping_status":"closed","sticky":false,"template":"","format":"standard","meta":{"om_disable_all_campaigns":false,"_monsterinsights_skip_tracking":false,"_monsterinsights_sitenote_active":false,"_monsterinsights_sitenote_note":"","_monsterinsights_sitenote_category":0},"categories":[4],"tags":[],"aioseo_notices":[],"gutentor_comment":0,"rttpg_featured_image_url":{"full":["https:\/\/arantv.az\/wp-content\/uploads\/2019\/04\/743372.jpg",800,600,false],"landscape":["https:\/\/arantv.az\/wp-content\/uploads\/2019\/04\/743372.jpg",800,600,false],"portraits":["https:\/\/arantv.az\/wp-content\/uploads\/2019\/04\/743372.jpg",800,600,false],"thumbnail":["https:\/\/arantv.az\/wp-content\/uploads\/2019\/04\/743372-150x150.jpg",150,150,true],"medium":["https:\/\/arantv.az\/wp-content\/uploads\/2019\/04\/743372-300x225.jpg",300,225,true],"large":["https:\/\/arantv.az\/wp-content\/uploads\/2019\/04\/743372.jpg",640,480,false],"1536x1536":["https:\/\/arantv.az\/wp-content\/uploads\/2019\/04\/743372.jpg",800,600,false],"2048x2048":["https:\/\/arantv.az\/wp-content\/uploads\/2019\/04\/743372.jpg",800,600,false],"post-thumbnail":["https:\/\/arantv.az\/wp-content\/uploads\/2019\/04\/743372-240x172.jpg",240,172,true],"advps-thumb-one":["https:\/\/arantv.az\/wp-content\/uploads\/2019\/04\/743372.jpg",800,600,false]},"rttpg_author":{"display_name":"V\u00fcsal Rafiqo\u011flu","author_link":"https:\/\/arantv.az\/?author=2"},"rttpg_comment":0,"rttpg_category":"<a href=\"https:\/\/arantv.az\/?cat=4\" rel=\"category\">Siyas\u0259t<\/a>","rttpg_excerpt":"AT\u018fT-in haz\u0131rk\u0131 s\u0259dri, Slovakiyan\u0131n xarici i\u015fl\u0259r naziri Miroslav Lay\u00e7ak Az\u0259rbaycan v\u0259 Erm\u0259nistan liderl\u0259rinin Vyanadak\u0131 konstruktiv g\u00f6r\u00fc\u015f\u00fcn\u00fc alq\u0131\u015flay\u0131r. ARANTV.AZ bu bar\u0259d\u0259\u00a0Trend-\u0259 istinad\u0259n x\u0259b\u0259r verir. B\u0259yanatda deyilir ki, M.Lay\u00e7ak Bratislavada AT\u018fT-in amerikal\u0131 h\u0259ms\u0259dri Endr\u00fc \u015eoferl\u0259 g\u00f6r\u00fc\u015f\u00fcb. M.Lay\u00e7ak Az\u0259rbaycan Prezidenti \u0130lham \u018fliyevl\u0259 Erm\u0259nistan\u0131n ba\u015f naziri Nikol Pa\u015finyan aras\u0131nda mart\u0131n 29-da Vyanada ke\u00e7irilmi\u015f ilk g\u00f6r\u00fc\u015f\u00fcn n\u0259tic\u0259l\u0259ri bar\u0259d\u0259 m\u0259lumatland\u0131r\u0131l\u0131b. O,&hellip;","_links":{"self":[{"href":"https:\/\/arantv.az\/index.php?rest_route=\/wp\/v2\/posts\/48554"}],"collection":[{"href":"https:\/\/arantv.az\/index.php?rest_route=\/wp\/v2\/posts"}],"about":[{"href":"https:\/\/arantv.az\/index.php?rest_route=\/wp\/v2\/types\/post"}],"author":[{"embeddable":true,"href":"https:\/\/arantv.az\/index.php?rest_route=\/wp\/v2\/users\/2"}],"replies":[{"embeddable":true,"href":"https:\/\/arantv.az\/index.php?rest_route=%2Fwp%2Fv2%2Fcomments&post=48554"}],"version-history":[{"count":0,"href":"https:\/\/arantv.az\/index.php?rest_route=\/wp\/v2\/posts\/48554\/revisions"}],"wp:featuredmedia":[{"embeddable":true,"href":"https:\/\/arantv.az\/index.php?rest_route=\/wp\/v2\/media\/48555"}],"wp:attachment":[{"href":"https:\/\/arantv.az\/index.php?rest_route=%2Fwp%2Fv2%2Fmedia&parent=48554"}],"wp:term":[{"taxonomy":"category","embeddable":true,"href":"https:\/\/arantv.az\/index.php?rest_route=%2Fwp%2Fv2%2Fcategories&post=48554"},{"taxonomy":"post_tag","embeddable":true,"href":"https:\/\/arantv.az\/index.php?rest_route=%2Fwp%2Fv2%2Ftags&post=48554"}],"curies":[{"name":"wp","href":"https:\/\/api.w.org\/{rel}","templated":true}]}}