{"id":48557,"date":"2019-04-01T15:41:17","date_gmt":"2019-04-01T12:41:17","guid":{"rendered":"http:\/\/arantv.az\/?p=48557"},"modified":"2019-04-01T15:41:17","modified_gmt":"2019-04-01T12:41:17","slug":"avropa-oyunlarinda-az%c9%99rbaycana-ilk-medali-qazandirmis-idmanci-minskd%c9%99-olmayacaq","status":"publish","type":"post","link":"https:\/\/arantv.az\/?p=48557","title":{"rendered":"Avropa Oyunlar\u0131nda Az\u0259rbaycana ilk medal\u0131 qazand\u0131rm\u0131\u015f idman\u00e7\u0131 Minskd\u0259 olmayacaq"},"content":{"rendered":"<p>Karate \u00fczr\u0259 Az\u0259rbaycan milli komandas\u0131 28-31 mart tarixl\u0259rind\u0259 \u0130spaniyan\u0131n Quadalaxara \u015f\u0259h\u0259rind\u0259 ke\u00e7iril\u0259n Avropa \u00e7empionat\u0131n\u0131 bir q\u0131z\u0131l v\u0259 bir g\u00fcm\u00fc\u015f, el\u0259c\u0259 d\u0259, iki b\u00fcr\u00fcnc medalla ba\u015fa vurub.<\/p>\n<p><b>ARANTV.AZ\u00a0<\/b>x\u0259b\u0259r verir ki, para-karate yar\u0131\u015flar\u0131n\u0131n g\u00f6zd\u0259n z\u0259if idman\u00e7\u0131lar kateqoriyas\u0131nda Sahib \u018fh\u0259dov Avropa \u00e7empionu olub.<\/p>\n<p>F\u0259rdi kumite yar\u0131\u015flar\u0131nda Rafael A\u011fayev (-75 kq) g\u00fcm\u00fc\u015f medala, Asiman Qurbanl\u0131 (+84 kq) is\u0259 b\u00fcr\u00fcnc m\u00fckafata sahib olub. Karatemizin \u201cBrilyant o\u011flan\u201d\u0131 bunad\u0259k d\u00f6rdqat Avropa \u00e7empionu olmu\u015f italiyal\u0131 Luici Buzaya uduzub. \u201cYuko\u201d xal\u0131 il\u0259 0:1 uduzmaqla Rafael bununla da 12-ci d\u0259f\u0259 Avropan\u0131n \u0259n g\u00fccl\u00fcs\u00fc olmaq imkan\u0131n\u0131 \u0259ld\u0259n verib.<\/p>\n<p>Daha bir b\u00fcr\u00fcnc medal\u0131 Roman Heyd\u0259rov (kata) qazan\u0131b. O ard\u0131c\u0131l d\u00f6rd\u00fcnc\u00fc d\u0259f\u0259 Avropa \u00fc\u00e7\u00fcnc\u00fcs\u00fc olub.<\/p>\n<p>Nuran\u0259 \u018fliyeva (-50 kq), h\u0259m\u00e7inin\u00a0 \u0130smay\u0131l Quliyev, Tural Balcanl\u0131 v\u0259 R\u00f6v\u015f\u0259n \u018fliyevd\u0259n ibar\u0259t kata milli komandas\u0131 b\u00fcr\u00fcnc medal u\u011frunda g\u00f6r\u00fc\u015fd\u0259 q\u0259l\u0259b\u0259ni \u0259ld\u0259n verib. Rafiz H\u0259s\u0259nov (-67 kq) v\u0259 Ayxan Mamayev (-84 kq) t\u0259s\u0259lliverici d\u00f6y\u00fc\u015fl\u0259r\u0259 qat\u0131lsalar da, m\u00fckafat\u00e7\u0131lar aras\u0131na d\u00fc\u015f\u0259 bilm\u0259yibl\u0259r.<\/p>\n<p>B\u00f6y\u00fckl\u0259rin 54-c\u00fc Avropa \u00e7empionat\u0131nda Az\u0259rbaycan medal qazana bil\u0259n 26 \u00f6lk\u0259 aras\u0131nda 10-cu yeri tutub. N\u0259tic\u0259l\u0259rd\u0259n ba\u015fqa, m\u0259rh\u0259l\u0259 ke\u00e7\u0259n idman\u00e7\u0131lar\u0131m\u0131z d\u00fcnya reytinq c\u0259dv\u0259li il\u0259 birg\u0259, II Avropa oyunlar\u0131 v\u0259 2020-ci ild\u0259 Yay Olimpiya Oyunlar\u0131na lisenziyalar u\u011frunda reytinq xallar\u0131n\u0131 art\u0131r\u0131b. Yax\u0131n g\u00fcnl\u0259rd\u0259 II Avropa Oyunlar\u0131na v\u0259siq\u0259 qazanan karate\u00e7il\u0259rin siyah\u0131s\u0131 a\u00e7\u0131qlanacaq.<\/p>\n<p>Bununla bel\u0259,\u00a0Oxu.Az\u00a0art\u0131q indid\u0259n hans\u0131 idman\u00e7\u0131lar\u0131m\u0131z\u0131n Minskd\u0259 ke\u00e7iril\u0259c\u0259k Avropa Oyunlar\u0131na v\u0259siq\u0259 qazand\u0131\u011f\u0131n\u0131 m\u00fc\u0259yy\u0259nl\u0259\u015fdir\u0259 bilib. Bunu \u00f6t\u0259n reytinq c\u0259dv\u0259lin\u0259 \u0259sas\u0259n m\u00fc\u0259yy\u0259nl\u0259\u015fdirm\u0259k m\u00fcmk\u00fcnd\u00fcr.<\/p>\n<p>Bel\u0259likl\u0259, ki\u015fil\u0259r katada Roman Heyd\u0259rov (6-c\u0131 yer, 1155 xal), 67 kq-da Rafiz H\u0259s\u0259nov (6-c\u0131 yer, 1785 xal), 75 kq-da Rafael A\u011fayev (1-2-ci yer, 4755 xal), +84 kq-da Asiman Qurbanl\u0131 (8-ci yer, 1725 xal), qad\u0131nlar 50 kq-da Nuran\u0259 \u018fliyeva (8-ci yer, 1365 xal) v\u0259 68 kq-da \u0130rina Zaretskaya (2-ci yer, 4800 xal) Az\u0259rbaycan\u0131 Avropa Oyunlar\u0131nda t\u0259msil ed\u0259c\u0259k.<\/p>\n<p>60 kq-da Firdovsi F\u0259rz\u0259liyev (3-c\u00fc yer, 2640 xal), 84 kq-da Ayxan Mamayev (10-cu yer, 1500 xal) Avropa \u00e7empionat\u0131nda q\u0259l\u0259b\u0259 qazanmad\u0131\u011f\u0131ndan, onlar\u0131n Minskd\u0259 i\u015ftirak ed\u0259c\u0259yi sual alt\u0131ndad\u0131r.<\/p>\n<p>Ancaq Firdovsi F\u0259rz\u0259liyevin reytinqi y\u00fcks\u0259k oldu\u011fundan, b\u00f6y\u00fck ehtimalla, o da xo\u015fb\u0259xt yeddinci idman\u00e7\u0131m\u0131z olacaq. +68 kq-da F\u0259rid\u0259 \u018fliyevan\u0131n (23-c\u00fc yer, 735 xal) reytinqi \u00e7ox a\u015fa\u011f\u0131 idi. Bununla bel\u0259, o, qit\u0259 \u00e7empionat\u0131n\u0131n \u00fc\u00e7 g\u00f6r\u00fc\u015f\u00fcnd\u0259 qalib g\u0259lib, m\u00fcbariz\u0259ni dayand\u0131rd\u0131\u011f\u0131ndan, onun da c\u00fczi d\u0259 olsa Avropa Oyunlar\u0131nda i\u015ftirak etm\u0259k \u015fans\u0131 var.<\/p>\n<p>Avropa \u00e7empionat\u0131na apar\u0131lmayan iranl\u0131 qad\u0131n kata\u00e7\u0131m\u0131z Neda Rezai, o c\u00fcml\u0259d\u0259n Bak\u0131dak\u0131 Avropa Oyunlar\u0131nda Az\u0259rbaycana ilk medal\u0131 qazand\u0131rm\u0131\u015f \u0130lah\u0259 Qas\u0131mova (-55 kq) v\u0259 F\u0259rid\u0259 Abiyevan\u0131n (-61 kq) reytinqi a\u015fa\u011f\u0131 oldu\u011fundan v\u0259 qit\u0259 birinciliyind\u0259 m\u00fcbariz\u0259ni erk\u0259n dayand\u0131rd\u0131\u011f\u0131ndan, onlar\u0131n m\u00f6t\u0259b\u0259r turnird\u0259 i\u015ftirak\u0131n\u0131n \u00fcst\u00fcnd\u0259n x\u0259tt \u00e7\u0259kilib.<\/p>\n<p>Qeyd ed\u0259k ki, Avropa Oyunlar\u0131na h\u0259r kateqoriyadan reytinqd\u0259 ilk \u201conluq\u201dda yer alan idman\u00e7\u0131lar v\u0259siq\u0259 qazan\u0131r.<\/p>\n","protected":false},"excerpt":{"rendered":"<p>Karate \u00fczr\u0259 Az\u0259rbaycan milli komandas\u0131 28-31 mart tarixl\u0259rind\u0259 \u0130spaniyan\u0131n Quadalaxara \u015f\u0259h\u0259rind\u0259 ke\u00e7iril\u0259n Avropa \u00e7empionat\u0131n\u0131 bir q\u0131z\u0131l v\u0259 bir g\u00fcm\u00fc\u015f, el\u0259c\u0259 d\u0259, iki b\u00fcr\u00fcnc medalla ba\u015fa vurub. ARANTV.AZ\u00a0x\u0259b\u0259r verir ki, para-karate yar\u0131\u015flar\u0131n\u0131n g\u00f6zd\u0259n z\u0259if idman\u00e7\u0131lar kateqoriyas\u0131nda Sahib \u018fh\u0259dov Avropa \u00e7empionu olub. F\u0259rdi kumite yar\u0131\u015flar\u0131nda Rafael A\u011fayev (-75 kq) g\u00fcm\u00fc\u015f medala, Asiman Qurbanl\u0131 (+84 kq) is\u0259 b\u00fcr\u00fcnc m\u00fckafata sahib olub. Karatemizin \u201cBrilyant o\u011flan\u201d\u0131 bunad\u0259k d\u00f6rdqat Avropa \u00e7empionu olmu\u015f italiyal\u0131 Luici Buzaya uduzub. \u201cYuko\u201d xal\u0131 il\u0259 0:1 uduzmaqla Rafael bununla da 12-ci d\u0259f\u0259 Avropan\u0131n \u0259n g\u00fccl\u00fcs\u00fc olmaq imkan\u0131n\u0131 \u0259ld\u0259n verib. Daha bir b\u00fcr\u00fcnc&hellip;<\/p>\n","protected":false},"author":2,"featured_media":48558,"comment_status":"closed","ping_status":"closed","sticky":false,"template":"","format":"standard","meta":{"om_disable_all_campaigns":false,"_monsterinsights_skip_tracking":false,"_monsterinsights_sitenote_active":false,"_monsterinsights_sitenote_note":"","_monsterinsights_sitenote_category":0},"categories":[6],"tags":[],"aioseo_notices":[],"gutentor_comment":0,"rttpg_featured_image_url":{"full":["https:\/\/arantv.az\/wp-content\/uploads\/2019\/04\/1494661596_5.jpg",620,414,false],"landscape":["https:\/\/arantv.az\/wp-content\/uploads\/2019\/04\/1494661596_5.jpg",620,414,false],"portraits":["https:\/\/arantv.az\/wp-content\/uploads\/2019\/04\/1494661596_5.jpg",620,414,false],"thumbnail":["https:\/\/arantv.az\/wp-content\/uploads\/2019\/04\/1494661596_5-150x150.jpg",150,150,true],"medium":["https:\/\/arantv.az\/wp-content\/uploads\/2019\/04\/1494661596_5-300x200.jpg",300,200,true],"large":["https:\/\/arantv.az\/wp-content\/uploads\/2019\/04\/1494661596_5.jpg",620,414,false],"1536x1536":["https:\/\/arantv.az\/wp-content\/uploads\/2019\/04\/1494661596_5.jpg",620,414,false],"2048x2048":["https:\/\/arantv.az\/wp-content\/uploads\/2019\/04\/1494661596_5.jpg",620,414,false],"post-thumbnail":["https:\/\/arantv.az\/wp-content\/uploads\/2019\/04\/1494661596_5-240x172.jpg",240,172,true],"advps-thumb-one":["https:\/\/arantv.az\/wp-content\/uploads\/2019\/04\/1494661596_5.jpg",620,414,false]},"rttpg_author":{"display_name":"V\u00fcsal Rafiqo\u011flu","author_link":"https:\/\/arantv.az\/?author=2"},"rttpg_comment":0,"rttpg_category":"<a href=\"https:\/\/arantv.az\/?cat=6\" rel=\"category\">\u0130dman<\/a>","rttpg_excerpt":"Karate \u00fczr\u0259 Az\u0259rbaycan milli komandas\u0131 28-31 mart tarixl\u0259rind\u0259 \u0130spaniyan\u0131n Quadalaxara \u015f\u0259h\u0259rind\u0259 ke\u00e7iril\u0259n Avropa \u00e7empionat\u0131n\u0131 bir q\u0131z\u0131l v\u0259 bir g\u00fcm\u00fc\u015f, el\u0259c\u0259 d\u0259, iki b\u00fcr\u00fcnc medalla ba\u015fa vurub. ARANTV.AZ\u00a0x\u0259b\u0259r verir ki, para-karate yar\u0131\u015flar\u0131n\u0131n g\u00f6zd\u0259n z\u0259if idman\u00e7\u0131lar kateqoriyas\u0131nda Sahib \u018fh\u0259dov Avropa \u00e7empionu olub. F\u0259rdi kumite yar\u0131\u015flar\u0131nda Rafael A\u011fayev (-75 kq) g\u00fcm\u00fc\u015f medala, Asiman Qurbanl\u0131 (+84 kq) is\u0259 b\u00fcr\u00fcnc&hellip;","_links":{"self":[{"href":"https:\/\/arantv.az\/index.php?rest_route=\/wp\/v2\/posts\/48557"}],"collection":[{"href":"https:\/\/arantv.az\/index.php?rest_route=\/wp\/v2\/posts"}],"about":[{"href":"https:\/\/arantv.az\/index.php?rest_route=\/wp\/v2\/types\/post"}],"author":[{"embeddable":true,"href":"https:\/\/arantv.az\/index.php?rest_route=\/wp\/v2\/users\/2"}],"replies":[{"embeddable":true,"href":"https:\/\/arantv.az\/index.php?rest_route=%2Fwp%2Fv2%2Fcomments&post=48557"}],"version-history":[{"count":0,"href":"https:\/\/arantv.az\/index.php?rest_route=\/wp\/v2\/posts\/48557\/revisions"}],"wp:featuredmedia":[{"embeddable":true,"href":"https:\/\/arantv.az\/index.php?rest_route=\/wp\/v2\/media\/48558"}],"wp:attachment":[{"href":"https:\/\/arantv.az\/index.php?rest_route=%2Fwp%2Fv2%2Fmedia&parent=48557"}],"wp:term":[{"taxonomy":"category","embeddable":true,"href":"https:\/\/arantv.az\/index.php?rest_route=%2Fwp%2Fv2%2Fcategories&post=48557"},{"taxonomy":"post_tag","embeddable":true,"href":"https:\/\/arantv.az\/index.php?rest_route=%2Fwp%2Fv2%2Ftags&post=48557"}],"curies":[{"name":"wp","href":"https:\/\/api.w.org\/{rel}","templated":true}]}}