{"id":48563,"date":"2019-04-01T15:50:13","date_gmt":"2019-04-01T12:50:13","guid":{"rendered":"http:\/\/arantv.az\/?p=48563"},"modified":"2019-04-01T15:50:13","modified_gmt":"2019-04-01T12:50:13","slug":"prezident-ilham-%c9%99liyev-cecenistan-respublikasi-bascisinin-musavirini-q%c9%99bul-edib","status":"publish","type":"post","link":"https:\/\/arantv.az\/?p=48563","title":{"rendered":"Prezident \u0130lham \u018fliyev \u00c7e\u00e7enistan Respublikas\u0131 ba\u015f\u00e7\u0131s\u0131n\u0131n m\u00fc\u015favirini q\u0259bul edib"},"content":{"rendered":"<p>Az\u0259rbaycan Respublikas\u0131n\u0131n Prezidenti \u0130lham \u018fliyev aprelin 1-d\u0259 Rusiya Federasiyas\u0131 \u00c7e\u00e7enistan Respublikas\u0131 ba\u015f\u00e7\u0131s\u0131n\u0131n m\u00fc\u015faviri, Rusiya D\u00f6vl\u0259t Dumas\u0131n\u0131n deputat\u0131 Adam Delimxanovu q\u0259bul edib.<\/p>\n<p><strong>ARANTV.AZ<\/strong> az\u0259rtac-a istinad\u0259n x\u0259b\u0259r verir ki, Adam Delimxanov \u00c7e\u00e7enistan Respublikas\u0131n\u0131n ba\u015f\u00e7\u0131s\u0131 Ramzan Kad\u0131rovun salamlar\u0131n\u0131 d\u00f6vl\u0259timizin ba\u015f\u00e7\u0131s\u0131na \u00e7atd\u0131rd\u0131 v\u0259 bildirdi ki, Ramzan Kad\u0131rov Prezident \u0130lham \u018fliyevi \u00f6z\u00fcn\u0259 qarda\u015f hesab edir. \u00c7e\u00e7en xalq\u0131n\u0131n Az\u0259rbaycan xalq\u0131n\u0131n \u00fcmummilli lideri Heyd\u0259r \u018fliyevi he\u00e7 vaxt unutmayaca\u011f\u0131n\u0131 vur\u011fulayan Adam Delimxanov \u0259n \u00e7\u0259tin vaxtlarda Heyd\u0259r \u018fliyevin onlara g\u00f6st\u0259rdiyi qay\u011f\u0131 v\u0259 d\u0259st\u0259yi b\u00f6y\u00fck ehtiramla xat\u0131rlad\u0131. O, xalqlar\u0131m\u0131z aras\u0131nda sars\u0131lmaz dostluq v\u0259 qarda\u015fl\u0131q m\u00fcnasib\u0259tl\u0259rinin m\u00f6vcud oldu\u011funu dedi.<\/p>\n<p>Prezident \u0130lham \u018fliyev \u00c7e\u00e7enistan Respublikas\u0131n\u0131n ba\u015f\u00e7\u0131s\u0131 Ramzan Kad\u0131rovun salamlar\u0131na g\u00f6r\u0259 minn\u0259tdarl\u0131\u011f\u0131n\u0131 bildirdi, onun da salamlar\u0131n\u0131 Ramzan Kad\u0131rova \u00e7atd\u0131rma\u011f\u0131 xahi\u015f etdi v\u0259 qeyd etdi ki, onu Ramzan Kad\u0131rovla qarda\u015fl\u0131q \u0259laq\u0259l\u0259ri ba\u011flay\u0131r. D\u00f6vl\u0259timizin ba\u015f\u00e7\u0131s\u0131 bildirdi ki, Az\u0259rbaycan v\u0259 \u00e7e\u00e7en xalqlar\u0131 aras\u0131nda dostluq v\u0259 qarda\u015fl\u0131q \u0259laq\u0259l\u0259rinin d\u0259rin tarixi k\u00f6kl\u0259ri var v\u0259 tarix boyu bu \u0259laq\u0259l\u0259r daim m\u00f6hk\u0259ml\u0259nib.<\/p>\n<p>Prezident \u0130lham \u018fliyev Ramzan Kad\u0131rovun bu yax\u0131nlarda \u00f6lk\u0259miz\u0259 s\u0259f\u0259rini m\u0259mnunluqla xat\u0131rlayaraq Ramzan Kad\u0131rovun \u00e7e\u00e7en xalq\u0131n\u0131n lideri Hac\u0131 \u018fhm\u0259d Kad\u0131rovun siyas\u0259tini u\u011furla davam etdirdiyini, \u00c7e\u00e7enistanda sabitliyin v\u0259 \u0259min-amanl\u0131\u011f\u0131n b\u0259rq\u0259rar oldu\u011funu, geni\u015fmiqyasl\u0131 quruculuq i\u015fl\u0259rinin h\u0259yata ke\u00e7irildiyini qeyd etdi.<\/p>\n<p>S\u00f6hb\u0259t zaman\u0131 Az\u0259rbaycan il\u0259 \u00c7e\u00e7enistan Respublikas\u0131 aras\u0131nda \u0259laq\u0259l\u0259rin Az\u0259rbaycan-Rusiya ikit\u0259r\u0259fli m\u00fcnasib\u0259tl\u0259rinin daha da inki\u015faf\u0131 bax\u0131m\u0131ndan \u0259h\u0259miyy\u0259ti vur\u011fuland\u0131.<\/p>\n","protected":false},"excerpt":{"rendered":"<p>Az\u0259rbaycan Respublikas\u0131n\u0131n Prezidenti \u0130lham \u018fliyev aprelin 1-d\u0259 Rusiya Federasiyas\u0131 \u00c7e\u00e7enistan Respublikas\u0131 ba\u015f\u00e7\u0131s\u0131n\u0131n m\u00fc\u015faviri, Rusiya D\u00f6vl\u0259t Dumas\u0131n\u0131n deputat\u0131 Adam Delimxanovu q\u0259bul edib. ARANTV.AZ az\u0259rtac-a istinad\u0259n x\u0259b\u0259r verir ki, Adam Delimxanov \u00c7e\u00e7enistan Respublikas\u0131n\u0131n ba\u015f\u00e7\u0131s\u0131 Ramzan Kad\u0131rovun salamlar\u0131n\u0131 d\u00f6vl\u0259timizin ba\u015f\u00e7\u0131s\u0131na \u00e7atd\u0131rd\u0131 v\u0259 bildirdi ki, Ramzan Kad\u0131rov Prezident \u0130lham \u018fliyevi \u00f6z\u00fcn\u0259 qarda\u015f hesab edir. \u00c7e\u00e7en xalq\u0131n\u0131n Az\u0259rbaycan xalq\u0131n\u0131n \u00fcmummilli lideri Heyd\u0259r \u018fliyevi he\u00e7 vaxt unutmayaca\u011f\u0131n\u0131 vur\u011fulayan Adam Delimxanov \u0259n \u00e7\u0259tin vaxtlarda Heyd\u0259r \u018fliyevin onlara g\u00f6st\u0259rdiyi qay\u011f\u0131 v\u0259 d\u0259st\u0259yi b\u00f6y\u00fck ehtiramla xat\u0131rlad\u0131. O, xalqlar\u0131m\u0131z aras\u0131nda sars\u0131lmaz dostluq v\u0259 qarda\u015fl\u0131q m\u00fcnasib\u0259tl\u0259rinin m\u00f6vcud oldu\u011funu dedi. Prezident \u0130lham&hellip;<\/p>\n","protected":false},"author":2,"featured_media":48564,"comment_status":"closed","ping_status":"closed","sticky":false,"template":"","format":"standard","meta":{"om_disable_all_campaigns":false,"_monsterinsights_skip_tracking":false,"_monsterinsights_sitenote_active":false,"_monsterinsights_sitenote_note":"","_monsterinsights_sitenote_category":0},"categories":[4],"tags":[],"aioseo_notices":[],"gutentor_comment":0,"rttpg_featured_image_url":{"full":["https:\/\/arantv.az\/wp-content\/uploads\/2019\/04\/743375.jpg",800,600,false],"landscape":["https:\/\/arantv.az\/wp-content\/uploads\/2019\/04\/743375.jpg",800,600,false],"portraits":["https:\/\/arantv.az\/wp-content\/uploads\/2019\/04\/743375.jpg",800,600,false],"thumbnail":["https:\/\/arantv.az\/wp-content\/uploads\/2019\/04\/743375-150x150.jpg",150,150,true],"medium":["https:\/\/arantv.az\/wp-content\/uploads\/2019\/04\/743375-300x225.jpg",300,225,true],"large":["https:\/\/arantv.az\/wp-content\/uploads\/2019\/04\/743375.jpg",640,480,false],"1536x1536":["https:\/\/arantv.az\/wp-content\/uploads\/2019\/04\/743375.jpg",800,600,false],"2048x2048":["https:\/\/arantv.az\/wp-content\/uploads\/2019\/04\/743375.jpg",800,600,false],"post-thumbnail":["https:\/\/arantv.az\/wp-content\/uploads\/2019\/04\/743375-240x172.jpg",240,172,true],"advps-thumb-one":["https:\/\/arantv.az\/wp-content\/uploads\/2019\/04\/743375.jpg",800,600,false]},"rttpg_author":{"display_name":"V\u00fcsal Rafiqo\u011flu","author_link":"https:\/\/arantv.az\/?author=2"},"rttpg_comment":0,"rttpg_category":"<a href=\"https:\/\/arantv.az\/?cat=4\" rel=\"category\">Siyas\u0259t<\/a>","rttpg_excerpt":"Az\u0259rbaycan Respublikas\u0131n\u0131n Prezidenti \u0130lham \u018fliyev aprelin 1-d\u0259 Rusiya Federasiyas\u0131 \u00c7e\u00e7enistan Respublikas\u0131 ba\u015f\u00e7\u0131s\u0131n\u0131n m\u00fc\u015faviri, Rusiya D\u00f6vl\u0259t Dumas\u0131n\u0131n deputat\u0131 Adam Delimxanovu q\u0259bul edib. ARANTV.AZ az\u0259rtac-a istinad\u0259n x\u0259b\u0259r verir ki, Adam Delimxanov \u00c7e\u00e7enistan Respublikas\u0131n\u0131n ba\u015f\u00e7\u0131s\u0131 Ramzan Kad\u0131rovun salamlar\u0131n\u0131 d\u00f6vl\u0259timizin ba\u015f\u00e7\u0131s\u0131na \u00e7atd\u0131rd\u0131 v\u0259 bildirdi ki, Ramzan Kad\u0131rov Prezident \u0130lham \u018fliyevi \u00f6z\u00fcn\u0259 qarda\u015f hesab edir. \u00c7e\u00e7en xalq\u0131n\u0131n Az\u0259rbaycan xalq\u0131n\u0131n \u00fcmummilli&hellip;","_links":{"self":[{"href":"https:\/\/arantv.az\/index.php?rest_route=\/wp\/v2\/posts\/48563"}],"collection":[{"href":"https:\/\/arantv.az\/index.php?rest_route=\/wp\/v2\/posts"}],"about":[{"href":"https:\/\/arantv.az\/index.php?rest_route=\/wp\/v2\/types\/post"}],"author":[{"embeddable":true,"href":"https:\/\/arantv.az\/index.php?rest_route=\/wp\/v2\/users\/2"}],"replies":[{"embeddable":true,"href":"https:\/\/arantv.az\/index.php?rest_route=%2Fwp%2Fv2%2Fcomments&post=48563"}],"version-history":[{"count":0,"href":"https:\/\/arantv.az\/index.php?rest_route=\/wp\/v2\/posts\/48563\/revisions"}],"wp:featuredmedia":[{"embeddable":true,"href":"https:\/\/arantv.az\/index.php?rest_route=\/wp\/v2\/media\/48564"}],"wp:attachment":[{"href":"https:\/\/arantv.az\/index.php?rest_route=%2Fwp%2Fv2%2Fmedia&parent=48563"}],"wp:term":[{"taxonomy":"category","embeddable":true,"href":"https:\/\/arantv.az\/index.php?rest_route=%2Fwp%2Fv2%2Fcategories&post=48563"},{"taxonomy":"post_tag","embeddable":true,"href":"https:\/\/arantv.az\/index.php?rest_route=%2Fwp%2Fv2%2Ftags&post=48563"}],"curies":[{"name":"wp","href":"https:\/\/api.w.org\/{rel}","templated":true}]}}