{"id":48567,"date":"2019-04-01T15:51:36","date_gmt":"2019-04-01T12:51:36","guid":{"rendered":"http:\/\/arantv.az\/?p=48567"},"modified":"2019-04-01T15:51:36","modified_gmt":"2019-04-01T12:51:36","slug":"rovs%c9%99n-rzayev-m%c9%99cburi-kockunl%c9%99r%c9%99-m%c9%99nzill%c9%99rin-verilm%c9%99si-tam-s%c9%99ffaf-s%c9%99kild%c9%99-h%c9%99yata-kecirilir","status":"publish","type":"post","link":"https:\/\/arantv.az\/?p=48567","title":{"rendered":"R\u00f6v\u015f\u0259n Rzayev: &#8220;M\u0259cburi k\u00f6\u00e7k\u00fcnl\u0259r\u0259 m\u0259nzill\u0259rin verilm\u0259si tam \u015f\u0259ffaf \u015f\u0259kild\u0259 h\u0259yata ke\u00e7irilir&#8221;"},"content":{"rendered":"<p>&#8220;D\u00fcnyada yaln\u0131z Az\u0259rbaycanda m\u0259cburi k\u00f6\u00e7k\u00fcnl\u0259r \u00fc\u00e7\u00fcn d\u00f6vl\u0259t t\u0259r\u0259find\u0259n m\u0259nzill\u0259r tikilir v\u0259 pulsuz paylan\u0131l\u0131r&#8221;.<\/p>\n<p><strong>ARANTV.AZ\u00a0\u00a0<\/strong><a href=\"https:\/\/az.trend.az\/\" target=\"_blank\" rel=\"noopener\"><span style=\"color: #000000;\">Trend<\/span><\/a>-\u0259 istinad\u0259n x\u0259b\u0259r verir ki, bunu Qa\u00e7q\u0131nlar\u0131n v\u0259 M\u0259cburi K\u00f6\u00e7k\u00fcnl\u0259rin \u0130\u015fl\u0259ri \u00fczr\u0259 D\u00f6vl\u0259t Komit\u0259sinin s\u0259dri R\u00f6v\u015f\u0259n Rzayev deyib.<\/p>\n<p>R.Rzayev bildirib ki, Az\u0259rbaycan d\u00f6vl\u0259ti indiy\u0259 q\u0259d\u0259r bu i\u015fi h\u0259yata ke\u00e7irib v\u0259 bundan sonra da h\u0259yata ke\u00e7iril\u0259c\u0259k:<\/p>\n<p>&#8220;M\u0259nzill\u0259rin verilm\u0259si tam \u015f\u0259ffaf \u015f\u0259kild\u0259 h\u0259yata ke\u00e7irilir. T\u0259kc\u0259 son bir il \u0259rzind\u0259 m\u0259cburi k\u00f6\u00e7k\u00fcnl\u0259r\u0259 \u00fc\u00e7 mind\u0259n \u00e7ox m\u0259nzil verilib. M\u0259nzill\u0259rin verilm\u0259si il\u0259 ba\u011fl\u0131 x\u00fcsusi komissiya yarad\u0131l\u0131b v\u0259 tam \u0259minlikl\u0259 dey\u0259 bil\u0259r\u0259m ki, komissiya \u015f\u0259ffaf \u015f\u0259kild\u0259 f\u0259aliyy\u0259t g\u00f6st\u0259rir. T\u0259\u0259ss\u00fcfl\u0259r olsun ki, b\u0259zil\u0259ri bizim haqq\u0131m\u0131zda ba\u015fqa c\u00fcr dan\u0131\u015f\u0131r, ancaq onlar\u0131n da m\u0259qs\u0259di biz\u0259 ayd\u0131nd\u0131r&#8221;.<\/p>\n<div id=\"AdributorNativeVideo0\" class=\"AdributorNativeVideo\"><\/div>\n<p>Komit\u0259 s\u0259dri vur\u011fulay\u0131b ki, Prezident \u0130lham \u018fliyev qa\u00e7\u0131n v\u0259 m\u0259cburi k\u00f6\u00e7k\u00fcnl\u0259r\u0259 daim diqq\u0259t g\u00f6st\u0259rir:<\/p>\n<p>&#8220;M\u0259cburi k\u00f6\u00e7k\u00fcnl\u0259r\u0259 veril\u0259n m\u00fcavin\u0259tl\u0259r 50 faiz art\u0131r\u0131l\u0131b v\u0259 aprel ay\u0131ndan etibar\u0259n m\u0259cburi k\u00f6\u00e7k\u00fcnl\u0259r m\u00fcavin\u0259tl\u0259ri art\u0131mla alacaqlar. Eyni zamanda, m\u0259cburi k\u00f6\u00e7k\u00fcnl\u0259r \u00fc\u00e7\u00fcn \u0259m\u0259k yarmarkalar\u0131, tibbi m\u00fcayin\u0259l\u0259r ke\u00e7irlir. \u018flb\u0259tt\u0259, bizim \u0259sas ist\u0259yimiz torpaqlar\u0131m\u0131z\u0131n erm\u0259ni i\u015f\u011fal\u0131ndan azad edilm\u0259sidir. \u018fmin\u0259m ki, c\u0259nab Prezident \u0130lham \u018fliyevin r\u0259hb\u0259rliyi il\u0259 buna nail olaca\u011f\u0131q&#8221;.<\/p>\n","protected":false},"excerpt":{"rendered":"<p>&#8220;D\u00fcnyada yaln\u0131z Az\u0259rbaycanda m\u0259cburi k\u00f6\u00e7k\u00fcnl\u0259r \u00fc\u00e7\u00fcn d\u00f6vl\u0259t t\u0259r\u0259find\u0259n m\u0259nzill\u0259r tikilir v\u0259 pulsuz paylan\u0131l\u0131r&#8221;. ARANTV.AZ\u00a0\u00a0Trend-\u0259 istinad\u0259n x\u0259b\u0259r verir ki, bunu Qa\u00e7q\u0131nlar\u0131n v\u0259 M\u0259cburi K\u00f6\u00e7k\u00fcnl\u0259rin \u0130\u015fl\u0259ri \u00fczr\u0259 D\u00f6vl\u0259t Komit\u0259sinin s\u0259dri R\u00f6v\u015f\u0259n Rzayev deyib. R.Rzayev bildirib ki, Az\u0259rbaycan d\u00f6vl\u0259ti indiy\u0259 q\u0259d\u0259r bu i\u015fi h\u0259yata ke\u00e7irib v\u0259 bundan sonra da h\u0259yata ke\u00e7iril\u0259c\u0259k: &#8220;M\u0259nzill\u0259rin verilm\u0259si tam \u015f\u0259ffaf \u015f\u0259kild\u0259 h\u0259yata ke\u00e7irilir. T\u0259kc\u0259 son bir il \u0259rzind\u0259 m\u0259cburi k\u00f6\u00e7k\u00fcnl\u0259r\u0259 \u00fc\u00e7 mind\u0259n \u00e7ox m\u0259nzil verilib. M\u0259nzill\u0259rin verilm\u0259si il\u0259 ba\u011fl\u0131 x\u00fcsusi komissiya yarad\u0131l\u0131b v\u0259 tam \u0259minlikl\u0259 dey\u0259 bil\u0259r\u0259m ki, komissiya \u015f\u0259ffaf \u015f\u0259kild\u0259 f\u0259aliyy\u0259t g\u00f6st\u0259rir. T\u0259\u0259ss\u00fcfl\u0259r olsun ki, b\u0259zil\u0259ri bizim&hellip;<\/p>\n","protected":false},"author":2,"featured_media":48568,"comment_status":"closed","ping_status":"closed","sticky":false,"template":"","format":"standard","meta":{"om_disable_all_campaigns":false,"_monsterinsights_skip_tracking":false,"_monsterinsights_sitenote_active":false,"_monsterinsights_sitenote_note":"","_monsterinsights_sitenote_category":0},"categories":[1],"tags":[],"aioseo_notices":[],"gutentor_comment":0,"rttpg_featured_image_url":{"full":["https:\/\/arantv.az\/wp-content\/uploads\/2019\/04\/743363.jpg",1200,900,false],"landscape":["https:\/\/arantv.az\/wp-content\/uploads\/2019\/04\/743363.jpg",1200,900,false],"portraits":["https:\/\/arantv.az\/wp-content\/uploads\/2019\/04\/743363.jpg",1200,900,false],"thumbnail":["https:\/\/arantv.az\/wp-content\/uploads\/2019\/04\/743363-150x150.jpg",150,150,true],"medium":["https:\/\/arantv.az\/wp-content\/uploads\/2019\/04\/743363-300x225.jpg",300,225,true],"large":["https:\/\/arantv.az\/wp-content\/uploads\/2019\/04\/743363-1024x768.jpg",640,480,true],"1536x1536":["https:\/\/arantv.az\/wp-content\/uploads\/2019\/04\/743363.jpg",1200,900,false],"2048x2048":["https:\/\/arantv.az\/wp-content\/uploads\/2019\/04\/743363.jpg",1200,900,false],"post-thumbnail":["https:\/\/arantv.az\/wp-content\/uploads\/2019\/04\/743363-240x172.jpg",240,172,true],"advps-thumb-one":["https:\/\/arantv.az\/wp-content\/uploads\/2019\/04\/743363-1200x620.jpg",1200,620,true]},"rttpg_author":{"display_name":"V\u00fcsal Rafiqo\u011flu","author_link":"https:\/\/arantv.az\/?author=2"},"rttpg_comment":0,"rttpg_category":"<a href=\"https:\/\/arantv.az\/?cat=1\" rel=\"category\">C\u0259miyy\u0259t<\/a>","rttpg_excerpt":"&#8220;D\u00fcnyada yaln\u0131z Az\u0259rbaycanda m\u0259cburi k\u00f6\u00e7k\u00fcnl\u0259r \u00fc\u00e7\u00fcn d\u00f6vl\u0259t t\u0259r\u0259find\u0259n m\u0259nzill\u0259r tikilir v\u0259 pulsuz paylan\u0131l\u0131r&#8221;. ARANTV.AZ\u00a0\u00a0Trend-\u0259 istinad\u0259n x\u0259b\u0259r verir ki, bunu Qa\u00e7q\u0131nlar\u0131n v\u0259 M\u0259cburi K\u00f6\u00e7k\u00fcnl\u0259rin \u0130\u015fl\u0259ri \u00fczr\u0259 D\u00f6vl\u0259t Komit\u0259sinin s\u0259dri R\u00f6v\u015f\u0259n Rzayev deyib. R.Rzayev bildirib ki, Az\u0259rbaycan d\u00f6vl\u0259ti indiy\u0259 q\u0259d\u0259r bu i\u015fi h\u0259yata ke\u00e7irib v\u0259 bundan sonra da h\u0259yata ke\u00e7iril\u0259c\u0259k: &#8220;M\u0259nzill\u0259rin verilm\u0259si tam \u015f\u0259ffaf \u015f\u0259kild\u0259 h\u0259yata ke\u00e7irilir.&hellip;","_links":{"self":[{"href":"https:\/\/arantv.az\/index.php?rest_route=\/wp\/v2\/posts\/48567"}],"collection":[{"href":"https:\/\/arantv.az\/index.php?rest_route=\/wp\/v2\/posts"}],"about":[{"href":"https:\/\/arantv.az\/index.php?rest_route=\/wp\/v2\/types\/post"}],"author":[{"embeddable":true,"href":"https:\/\/arantv.az\/index.php?rest_route=\/wp\/v2\/users\/2"}],"replies":[{"embeddable":true,"href":"https:\/\/arantv.az\/index.php?rest_route=%2Fwp%2Fv2%2Fcomments&post=48567"}],"version-history":[{"count":0,"href":"https:\/\/arantv.az\/index.php?rest_route=\/wp\/v2\/posts\/48567\/revisions"}],"wp:featuredmedia":[{"embeddable":true,"href":"https:\/\/arantv.az\/index.php?rest_route=\/wp\/v2\/media\/48568"}],"wp:attachment":[{"href":"https:\/\/arantv.az\/index.php?rest_route=%2Fwp%2Fv2%2Fmedia&parent=48567"}],"wp:term":[{"taxonomy":"category","embeddable":true,"href":"https:\/\/arantv.az\/index.php?rest_route=%2Fwp%2Fv2%2Fcategories&post=48567"},{"taxonomy":"post_tag","embeddable":true,"href":"https:\/\/arantv.az\/index.php?rest_route=%2Fwp%2Fv2%2Ftags&post=48567"}],"curies":[{"name":"wp","href":"https:\/\/api.w.org\/{rel}","templated":true}]}}