{"id":48574,"date":"2019-04-01T16:02:17","date_gmt":"2019-04-01T13:02:17","guid":{"rendered":"http:\/\/arantv.az\/?p=48574"},"modified":"2019-04-01T16:02:17","modified_gmt":"2019-04-01T13:02:17","slug":"mill%c9%99t-v%c9%99kilind%c9%99n-g%c9%99nc-qizlara-cagiris-h%c9%99yatinizla-bagli-diqq%c9%99tli-olun","status":"publish","type":"post","link":"https:\/\/arantv.az\/?p=48574","title":{"rendered":"Mill\u0259t v\u0259kilind\u0259n g\u0259nc q\u0131zlara \u00e7a\u011f\u0131r\u0131\u015f: &#8220;H\u0259yat\u0131n\u0131zla ba\u011fl\u0131 diqq\u0259tli olun&#8221;"},"content":{"rendered":"<p><strong>&#8220;L\u00fct q\u0131zlar\u0131n b\u00fct\u00fcn sosial \u015f\u0259b\u0259k\u0259l\u0259rd\u0259 yay\u0131lm\u0131\u015f videosu v\u0259 m\u0259lumatlar\u0131 b\u00f6y\u00fck \u00fcz\u00fcnt\u00fc v\u0259 a\u011fr\u0131 i\u00e7ind\u0259 izl\u0259dim, oxudum v\u0259 bunu \u00e7\u0259k\u0259n v\u0259 yayan adam layiq oldu\u011fu c\u0259zan\u0131 almal\u0131d\u0131r&#8221;.<\/strong><\/p>\n<p><b>ARANTV.AZ\u00a0<\/b>x\u0259b\u0259r verir ki, bu s\u00f6zl\u0259ri mill\u0259t v\u0259kili Q\u0259nir\u0259 Pa\u015fayeva deyib.<\/p>\n<p>Mill\u0259t v\u0259kili bildirib ki, valideynl\u0259r \u00f6vladlar\u0131na daha ciddi n\u0259zar\u0259t etm\u0259lidir:<\/p>\n<p>&#8220;H\u00fcquq-m\u00fchafiz\u0259 orqanlar\u0131 ciddi ara\u015fd\u0131rma apar\u0131r v\u0259 inan\u0131r\u0131q ki, c\u0259miyy\u0259ti ciddi narahat ed\u0259n bu m\u0259s\u0259l\u0259 il\u0259 ba\u011fl\u0131 ciddi t\u0259dbirl\u0259r g\u00f6r\u00fcl\u0259c\u0259k. Bu videonu \u00e7\u0259k\u0259n v\u0259 yayanlar h\u0259m d\u0259 ictimai q\u0131naq c\u0259zas\u0131n\u0131 ciddi almal\u0131d\u0131rlar. Bu videonu \u00e7\u0259k\u0259nl\u0259r, yayanlar bizim mill\u0259tin \u00f6vlad\u0131 ola bilm\u0259z deyir\u0259m \u00f6z i\u00e7imd\u0259. V\u0259t\u0259n \u00fc\u00e7\u00fcn can\u0131n\u0131 ver\u0259n o\u011fullar\u0131n ruhu inciyir bel\u0259l\u0259rinin varl\u0131\u011f\u0131ndan. G\u0259nc q\u0131zlara is\u0259 \u00e7a\u011f\u0131r\u0131\u015f ed\u0259r\u0259k \u00f6z h\u0259yat\u0131n\u0131zla ba\u011fl\u0131 diqq\u0259tli olun dem\u0259k ist\u0259yir\u0259m. Do\u011fru ya\u015fama\u011fa \u00e7al\u0131\u015f\u0131n, g\u0259nc ya\u015fda \u00f6z\u00fcn\u00fcz\u00fc bu c\u00fcr u\u00e7uruma atmay\u0131n dem\u0259k ist\u0259yir\u0259m. Ail\u0259l\u0259r\u0259 is\u0259 b\u00f6y\u00fcy\u0259n \u00f6vladlar\u0131m\u0131za daha ciddi diqq\u0259t v\u0259 n\u0259zar\u0259t etm\u0259liyik \u00e7a\u011f\u0131r\u0131\u015f\u0131n\u0131 s\u0259sl\u0259ndirm\u0259k ist\u0259yir\u0259m. C\u0259miyy\u0259timiz\u0259 is\u0259, ham\u0131m\u0131za is\u0259 bu m\u0259s\u0259l\u0259l\u0259rl\u0259 ba\u011fl\u0131 daha d\u0259rind\u0259n d\u00fc\u015f\u00fcnm\u0259yi&#8230;&#8221;<\/p>\n<p>publika.az<\/p>\n","protected":false},"excerpt":{"rendered":"<p>&#8220;L\u00fct q\u0131zlar\u0131n b\u00fct\u00fcn sosial \u015f\u0259b\u0259k\u0259l\u0259rd\u0259 yay\u0131lm\u0131\u015f videosu v\u0259 m\u0259lumatlar\u0131 b\u00f6y\u00fck \u00fcz\u00fcnt\u00fc v\u0259 a\u011fr\u0131 i\u00e7ind\u0259 izl\u0259dim, oxudum v\u0259 bunu \u00e7\u0259k\u0259n v\u0259 yayan adam layiq oldu\u011fu c\u0259zan\u0131 almal\u0131d\u0131r&#8221;. ARANTV.AZ\u00a0x\u0259b\u0259r verir ki, bu s\u00f6zl\u0259ri mill\u0259t v\u0259kili Q\u0259nir\u0259 Pa\u015fayeva deyib. Mill\u0259t v\u0259kili bildirib ki, valideynl\u0259r \u00f6vladlar\u0131na daha ciddi n\u0259zar\u0259t etm\u0259lidir: &#8220;H\u00fcquq-m\u00fchafiz\u0259 orqanlar\u0131 ciddi ara\u015fd\u0131rma apar\u0131r v\u0259 inan\u0131r\u0131q ki, c\u0259miyy\u0259ti ciddi narahat ed\u0259n bu m\u0259s\u0259l\u0259 il\u0259 ba\u011fl\u0131 ciddi t\u0259dbirl\u0259r g\u00f6r\u00fcl\u0259c\u0259k. Bu videonu \u00e7\u0259k\u0259n v\u0259 yayanlar h\u0259m d\u0259 ictimai q\u0131naq c\u0259zas\u0131n\u0131 ciddi almal\u0131d\u0131rlar. Bu videonu \u00e7\u0259k\u0259nl\u0259r, yayanlar bizim mill\u0259tin \u00f6vlad\u0131 ola bilm\u0259z deyir\u0259m \u00f6z i\u00e7imd\u0259. V\u0259t\u0259n&hellip;<\/p>\n","protected":false},"author":2,"featured_media":48575,"comment_status":"closed","ping_status":"closed","sticky":false,"template":"","format":"standard","meta":{"om_disable_all_campaigns":false,"_monsterinsights_skip_tracking":false,"_monsterinsights_sitenote_active":false,"_monsterinsights_sitenote_note":"","_monsterinsights_sitenote_category":0},"categories":[1],"tags":[],"aioseo_notices":[],"gutentor_comment":0,"rttpg_featured_image_url":{"full":["https:\/\/arantv.az\/wp-content\/uploads\/2019\/04\/qenire_gif.gif",800,450,false],"landscape":["https:\/\/arantv.az\/wp-content\/uploads\/2019\/04\/qenire_gif.gif",800,450,false],"portraits":["https:\/\/arantv.az\/wp-content\/uploads\/2019\/04\/qenire_gif.gif",800,450,false],"thumbnail":["https:\/\/arantv.az\/wp-content\/uploads\/2019\/04\/qenire_gif-150x150.gif",150,150,true],"medium":["https:\/\/arantv.az\/wp-content\/uploads\/2019\/04\/qenire_gif-300x169.gif",300,169,true],"large":["https:\/\/arantv.az\/wp-content\/uploads\/2019\/04\/qenire_gif.gif",640,360,false],"1536x1536":["https:\/\/arantv.az\/wp-content\/uploads\/2019\/04\/qenire_gif.gif",800,450,false],"2048x2048":["https:\/\/arantv.az\/wp-content\/uploads\/2019\/04\/qenire_gif.gif",800,450,false],"post-thumbnail":["https:\/\/arantv.az\/wp-content\/uploads\/2019\/04\/qenire_gif-240x172.gif",240,172,true],"advps-thumb-one":["https:\/\/arantv.az\/wp-content\/uploads\/2019\/04\/qenire_gif.gif",800,450,false]},"rttpg_author":{"display_name":"V\u00fcsal Rafiqo\u011flu","author_link":"https:\/\/arantv.az\/?author=2"},"rttpg_comment":0,"rttpg_category":"<a href=\"https:\/\/arantv.az\/?cat=1\" rel=\"category\">C\u0259miyy\u0259t<\/a>","rttpg_excerpt":"&#8220;L\u00fct q\u0131zlar\u0131n b\u00fct\u00fcn sosial \u015f\u0259b\u0259k\u0259l\u0259rd\u0259 yay\u0131lm\u0131\u015f videosu v\u0259 m\u0259lumatlar\u0131 b\u00f6y\u00fck \u00fcz\u00fcnt\u00fc v\u0259 a\u011fr\u0131 i\u00e7ind\u0259 izl\u0259dim, oxudum v\u0259 bunu \u00e7\u0259k\u0259n v\u0259 yayan adam layiq oldu\u011fu c\u0259zan\u0131 almal\u0131d\u0131r&#8221;. ARANTV.AZ\u00a0x\u0259b\u0259r verir ki, bu s\u00f6zl\u0259ri mill\u0259t v\u0259kili Q\u0259nir\u0259 Pa\u015fayeva deyib. Mill\u0259t v\u0259kili bildirib ki, valideynl\u0259r \u00f6vladlar\u0131na daha ciddi n\u0259zar\u0259t etm\u0259lidir: &#8220;H\u00fcquq-m\u00fchafiz\u0259 orqanlar\u0131 ciddi ara\u015fd\u0131rma apar\u0131r v\u0259 inan\u0131r\u0131q ki, c\u0259miyy\u0259ti&hellip;","_links":{"self":[{"href":"https:\/\/arantv.az\/index.php?rest_route=\/wp\/v2\/posts\/48574"}],"collection":[{"href":"https:\/\/arantv.az\/index.php?rest_route=\/wp\/v2\/posts"}],"about":[{"href":"https:\/\/arantv.az\/index.php?rest_route=\/wp\/v2\/types\/post"}],"author":[{"embeddable":true,"href":"https:\/\/arantv.az\/index.php?rest_route=\/wp\/v2\/users\/2"}],"replies":[{"embeddable":true,"href":"https:\/\/arantv.az\/index.php?rest_route=%2Fwp%2Fv2%2Fcomments&post=48574"}],"version-history":[{"count":0,"href":"https:\/\/arantv.az\/index.php?rest_route=\/wp\/v2\/posts\/48574\/revisions"}],"wp:featuredmedia":[{"embeddable":true,"href":"https:\/\/arantv.az\/index.php?rest_route=\/wp\/v2\/media\/48575"}],"wp:attachment":[{"href":"https:\/\/arantv.az\/index.php?rest_route=%2Fwp%2Fv2%2Fmedia&parent=48574"}],"wp:term":[{"taxonomy":"category","embeddable":true,"href":"https:\/\/arantv.az\/index.php?rest_route=%2Fwp%2Fv2%2Fcategories&post=48574"},{"taxonomy":"post_tag","embeddable":true,"href":"https:\/\/arantv.az\/index.php?rest_route=%2Fwp%2Fv2%2Ftags&post=48574"}],"curies":[{"name":"wp","href":"https:\/\/api.w.org\/{rel}","templated":true}]}}