{"id":48583,"date":"2019-04-01T16:11:44","date_gmt":"2019-04-01T13:11:44","guid":{"rendered":"http:\/\/arantv.az\/?p=48583"},"modified":"2019-04-01T16:11:44","modified_gmt":"2019-04-01T13:11:44","slug":"polis-zabitinin-olumu-il%c9%99-bagli-r%c9%99smi-m%c9%99lumat","status":"publish","type":"post","link":"https:\/\/arantv.az\/?p=48583","title":{"rendered":"Polis zabitinin \u00f6l\u00fcm\u00fc il\u0259 ba\u011fl\u0131 R\u018fSM\u0130 M\u018fLUMAT"},"content":{"rendered":"<p>Daxili \u0130\u015fl\u0259r Nazirliyi Yard\u0131ml\u0131da ba\u015f vermi\u015f a\u011f\u0131r yol q\u0259zas\u0131 il\u0259 ba\u011fl\u0131 m\u0259lumat yay\u0131b.<\/p>\n<p><strong>ARANTV.AZ\u00a0<\/strong> x\u0259b\u0259r verir ki, mart\u0131n 30-da saat 23 rad\u0259l\u0259rind\u0259 Yard\u0131ml\u0131 rayonunun Osna Qaran k\u0259ndi \u0259razisind\u0259 \u015eahin N\u0259sirov idar\u0259 etdiyi \u201cChevrolet-Niva\u201d markal\u0131 avtomobili d\u0259r\u0259y\u0259 a\u015f\u0131r\u0131b. N\u0259tic\u0259d\u0259 s\u00fcr\u00fcc\u00fc hadis\u0259 yerind\u0259 \u00f6l\u00fcb.<\/p>\n<p>Yard\u0131ml\u0131 RP\u015e t\u0259r\u0259find\u0259n ara\u015fd\u0131rma apar\u0131l\u0131r.<\/p>\n<p>Qeyd ed\u0259k ki, q\u0259zada v\u0259fat ed\u0259n \u015e.N\u0259sirov polis zabiti &#8211; \u0259m\u0259liyyat\u00e7\u0131 olub. O, 90 AP 928 d\u00f6vl\u0259t qeydiyyat ni\u015fanl\u0131 xidm\u0259ti avtomobill\u0259 q\u0259zaya d\u00fc\u015f\u00fcb.publika.az<\/p>\n","protected":false},"excerpt":{"rendered":"<p>Daxili \u0130\u015fl\u0259r Nazirliyi Yard\u0131ml\u0131da ba\u015f vermi\u015f a\u011f\u0131r yol q\u0259zas\u0131 il\u0259 ba\u011fl\u0131 m\u0259lumat yay\u0131b. ARANTV.AZ\u00a0 x\u0259b\u0259r verir ki, mart\u0131n 30-da saat 23 rad\u0259l\u0259rind\u0259 Yard\u0131ml\u0131 rayonunun Osna Qaran k\u0259ndi \u0259razisind\u0259 \u015eahin N\u0259sirov idar\u0259 etdiyi \u201cChevrolet-Niva\u201d markal\u0131 avtomobili d\u0259r\u0259y\u0259 a\u015f\u0131r\u0131b. N\u0259tic\u0259d\u0259 s\u00fcr\u00fcc\u00fc hadis\u0259 yerind\u0259 \u00f6l\u00fcb. Yard\u0131ml\u0131 RP\u015e t\u0259r\u0259find\u0259n ara\u015fd\u0131rma apar\u0131l\u0131r. Qeyd ed\u0259k ki, q\u0259zada v\u0259fat ed\u0259n \u015e.N\u0259sirov polis zabiti &#8211; \u0259m\u0259liyyat\u00e7\u0131 olub. O, 90 AP 928 d\u00f6vl\u0259t qeydiyyat ni\u015fanl\u0131 xidm\u0259ti avtomobill\u0259 q\u0259zaya d\u00fc\u015f\u00fcb.publika.az<\/p>\n","protected":false},"author":2,"featured_media":48584,"comment_status":"closed","ping_status":"closed","sticky":false,"template":"","format":"standard","meta":{"om_disable_all_campaigns":false,"_monsterinsights_skip_tracking":false,"_monsterinsights_sitenote_active":false,"_monsterinsights_sitenote_note":"","_monsterinsights_sitenote_category":0},"categories":[5],"tags":[],"aioseo_notices":[],"gutentor_comment":0,"rttpg_featured_image_url":{"full":["https:\/\/arantv.az\/wp-content\/uploads\/2019\/04\/meyit.jpg",800,450,false],"landscape":["https:\/\/arantv.az\/wp-content\/uploads\/2019\/04\/meyit.jpg",800,450,false],"portraits":["https:\/\/arantv.az\/wp-content\/uploads\/2019\/04\/meyit.jpg",800,450,false],"thumbnail":["https:\/\/arantv.az\/wp-content\/uploads\/2019\/04\/meyit-150x150.jpg",150,150,true],"medium":["https:\/\/arantv.az\/wp-content\/uploads\/2019\/04\/meyit-300x169.jpg",300,169,true],"large":["https:\/\/arantv.az\/wp-content\/uploads\/2019\/04\/meyit.jpg",640,360,false],"1536x1536":["https:\/\/arantv.az\/wp-content\/uploads\/2019\/04\/meyit.jpg",800,450,false],"2048x2048":["https:\/\/arantv.az\/wp-content\/uploads\/2019\/04\/meyit.jpg",800,450,false],"post-thumbnail":["https:\/\/arantv.az\/wp-content\/uploads\/2019\/04\/meyit-240x172.jpg",240,172,true],"advps-thumb-one":["https:\/\/arantv.az\/wp-content\/uploads\/2019\/04\/meyit.jpg",800,450,false]},"rttpg_author":{"display_name":"V\u00fcsal Rafiqo\u011flu","author_link":"https:\/\/arantv.az\/?author=2"},"rttpg_comment":0,"rttpg_category":"<a href=\"https:\/\/arantv.az\/?cat=5\" rel=\"category\">Hadis\u0259<\/a>","rttpg_excerpt":"Daxili \u0130\u015fl\u0259r Nazirliyi Yard\u0131ml\u0131da ba\u015f vermi\u015f a\u011f\u0131r yol q\u0259zas\u0131 il\u0259 ba\u011fl\u0131 m\u0259lumat yay\u0131b. ARANTV.AZ\u00a0 x\u0259b\u0259r verir ki, mart\u0131n 30-da saat 23 rad\u0259l\u0259rind\u0259 Yard\u0131ml\u0131 rayonunun Osna Qaran k\u0259ndi \u0259razisind\u0259 \u015eahin N\u0259sirov idar\u0259 etdiyi \u201cChevrolet-Niva\u201d markal\u0131 avtomobili d\u0259r\u0259y\u0259 a\u015f\u0131r\u0131b. N\u0259tic\u0259d\u0259 s\u00fcr\u00fcc\u00fc hadis\u0259 yerind\u0259 \u00f6l\u00fcb. Yard\u0131ml\u0131 RP\u015e t\u0259r\u0259find\u0259n ara\u015fd\u0131rma apar\u0131l\u0131r. Qeyd ed\u0259k ki, q\u0259zada v\u0259fat ed\u0259n \u015e.N\u0259sirov polis&hellip;","_links":{"self":[{"href":"https:\/\/arantv.az\/index.php?rest_route=\/wp\/v2\/posts\/48583"}],"collection":[{"href":"https:\/\/arantv.az\/index.php?rest_route=\/wp\/v2\/posts"}],"about":[{"href":"https:\/\/arantv.az\/index.php?rest_route=\/wp\/v2\/types\/post"}],"author":[{"embeddable":true,"href":"https:\/\/arantv.az\/index.php?rest_route=\/wp\/v2\/users\/2"}],"replies":[{"embeddable":true,"href":"https:\/\/arantv.az\/index.php?rest_route=%2Fwp%2Fv2%2Fcomments&post=48583"}],"version-history":[{"count":0,"href":"https:\/\/arantv.az\/index.php?rest_route=\/wp\/v2\/posts\/48583\/revisions"}],"wp:featuredmedia":[{"embeddable":true,"href":"https:\/\/arantv.az\/index.php?rest_route=\/wp\/v2\/media\/48584"}],"wp:attachment":[{"href":"https:\/\/arantv.az\/index.php?rest_route=%2Fwp%2Fv2%2Fmedia&parent=48583"}],"wp:term":[{"taxonomy":"category","embeddable":true,"href":"https:\/\/arantv.az\/index.php?rest_route=%2Fwp%2Fv2%2Fcategories&post=48583"},{"taxonomy":"post_tag","embeddable":true,"href":"https:\/\/arantv.az\/index.php?rest_route=%2Fwp%2Fv2%2Ftags&post=48583"}],"curies":[{"name":"wp","href":"https:\/\/api.w.org\/{rel}","templated":true}]}}