{"id":48590,"date":"2019-04-01T16:14:46","date_gmt":"2019-04-01T13:14:46","guid":{"rendered":"http:\/\/arantv.az\/?p=48590"},"modified":"2019-04-01T16:14:46","modified_gmt":"2019-04-01T13:14:46","slug":"meyit-h%c9%99l%c9%99-d%c9%99fn-olunmayib-19-yasli-s%c9%99bn%c9%99min-intiharinin-t%c9%99f%c9%99rruati","status":"publish","type":"post","link":"https:\/\/arantv.az\/?p=48590","title":{"rendered":"&#8220;Meyit h\u0259l\u0259 d\u0259fn olunmay\u0131b&#8230;&#8221; &#8211; 19 ya\u015fl\u0131 \u015e\u0259bn\u0259min intihar\u0131n\u0131n t\u0259f\u0259rr\u00fcat\u0131"},"content":{"rendered":"<p>A\u011fdam rayonu Qarada\u011fl\u0131 k\u0259ndind\u0259 19 ya\u015fl\u0131 \u015e\u0259bn\u0259m El\u015f\u0259n q\u0131z\u0131 X\u0259lilovan\u0131n intihar\u0131 il\u0259 ba\u011fl\u0131 b\u0259zi t\u0259f\u0259rr\u00fcatlar b\u0259lli olub.<\/p>\n<p>Qarada\u011fl\u0131 k\u0259nd b\u0259l\u0259diyy\u0259sinin r\u0259smisi Muradov Arzuman yenicag.az-a a\u00e7\u0131qlamas\u0131nda hadis\u0259 il\u0259 ba\u011fl\u0131 bunlar\u0131 deyib:<\/p>\n<div id=\"AdviadNativeVideo0\" class=\"AdviadNativeVideo\"><\/div>\n<p>\u201cHadis\u0259nin \u0259sl s\u0259b\u0259bi m\u0259lum deyil. Q\u0131z varl\u0131, h\u0259m d\u0259 t\u0259rbiy\u0259li ail\u0259nin q\u0131z\u0131 olub. \u0130ki qarda\u015f\u0131n bir bac\u0131s\u0131d\u0131r. S\u0259h\u0259r anas\u0131 i\u015f\u0259 gedib. Saat 12 rad\u0259l\u0259rind\u0259 n\u0259n\u0259si zirz\u0259miy\u0259 ged\u0259nd\u0259 g\u00f6r\u00fcb ki, q\u0131z \u00f6z\u00fcn\u00fc as\u0131b. Hay-haray d\u00fc\u015f\u00fcb, t\u0259cili tibbi yard\u0131m ma\u015f\u0131n\u0131 \u00e7a\u011f\u0131r\u0131blar. Amma h\u0259kiml\u0259r g\u0259l\u0259nd\u0259 g\u00f6r\u00fcbl\u0259r ki, art\u0131q gecdir\u201d.<br \/>\n<ins><\/ins><\/p>\n<div id=\"beacon_8fa51ffc6f\"><img loading=\"lazy\" src=\"https:\/\/ads2.newmedia.az\/www\/delivery\/lg.php?bannerid=0&amp;campaignid=0&amp;zoneid=975&amp;loc=https%3A%2F%2Fbig.az%2F349255-meyit_hele_defn_olunmayib..._-_19_yasli_sebnemin_intiharinin_teferruati.html&amp;referer=https%3A%2F%2Fbig.az%2F&amp;cb=8fa51ffc6f\" alt=\"\" width=\"0\" height=\"0\" \/><\/div>\n<p>B\u0259l\u0259diyy\u0259 r\u0259smisi meyitin ekspertiza olundu\u011funu v\u0259 h\u0259l\u0259 d\u0259fn edilm\u0259diyini bildirib:<\/p>\n<p>\u201cMeyit h\u0259l\u0259 d\u0259fn olunmay\u0131b. H\u00fcquq-m\u00fchafiz\u0259 orqanlar\u0131 bu saat m\u0259rhumun ail\u0259 \u00fczvl\u0259rini dindirir. Q\u0131z m\u0259ktub da qoymay\u0131b\u201d.<\/p>\n<p>&nbsp;<\/p>\n","protected":false},"excerpt":{"rendered":"<p>A\u011fdam rayonu Qarada\u011fl\u0131 k\u0259ndind\u0259 19 ya\u015fl\u0131 \u015e\u0259bn\u0259m El\u015f\u0259n q\u0131z\u0131 X\u0259lilovan\u0131n intihar\u0131 il\u0259 ba\u011fl\u0131 b\u0259zi t\u0259f\u0259rr\u00fcatlar b\u0259lli olub. Qarada\u011fl\u0131 k\u0259nd b\u0259l\u0259diyy\u0259sinin r\u0259smisi Muradov Arzuman yenicag.az-a a\u00e7\u0131qlamas\u0131nda hadis\u0259 il\u0259 ba\u011fl\u0131 bunlar\u0131 deyib: \u201cHadis\u0259nin \u0259sl s\u0259b\u0259bi m\u0259lum deyil. Q\u0131z varl\u0131, h\u0259m d\u0259 t\u0259rbiy\u0259li ail\u0259nin q\u0131z\u0131 olub. \u0130ki qarda\u015f\u0131n bir bac\u0131s\u0131d\u0131r. S\u0259h\u0259r anas\u0131 i\u015f\u0259 gedib. Saat 12 rad\u0259l\u0259rind\u0259 n\u0259n\u0259si zirz\u0259miy\u0259 ged\u0259nd\u0259 g\u00f6r\u00fcb ki, q\u0131z \u00f6z\u00fcn\u00fc as\u0131b. Hay-haray d\u00fc\u015f\u00fcb, t\u0259cili tibbi yard\u0131m ma\u015f\u0131n\u0131 \u00e7a\u011f\u0131r\u0131blar. Amma h\u0259kiml\u0259r g\u0259l\u0259nd\u0259 g\u00f6r\u00fcbl\u0259r ki, art\u0131q gecdir\u201d. B\u0259l\u0259diyy\u0259 r\u0259smisi meyitin ekspertiza olundu\u011funu v\u0259 h\u0259l\u0259 d\u0259fn edilm\u0259diyini bildirib: \u201cMeyit h\u0259l\u0259 d\u0259fn olunmay\u0131b.&hellip;<\/p>\n","protected":false},"author":2,"featured_media":48591,"comment_status":"closed","ping_status":"closed","sticky":false,"template":"","format":"standard","meta":{"om_disable_all_campaigns":false,"_monsterinsights_skip_tracking":false,"_monsterinsights_sitenote_active":false,"_monsterinsights_sitenote_note":"","_monsterinsights_sitenote_category":0},"categories":[5],"tags":[],"aioseo_notices":[],"gutentor_comment":0,"rttpg_featured_image_url":{"full":["https:\/\/arantv.az\/wp-content\/uploads\/2019\/04\/inti_71554123482.jpg",649,365,false],"landscape":["https:\/\/arantv.az\/wp-content\/uploads\/2019\/04\/inti_71554123482.jpg",649,365,false],"portraits":["https:\/\/arantv.az\/wp-content\/uploads\/2019\/04\/inti_71554123482.jpg",649,365,false],"thumbnail":["https:\/\/arantv.az\/wp-content\/uploads\/2019\/04\/inti_71554123482-150x150.jpg",150,150,true],"medium":["https:\/\/arantv.az\/wp-content\/uploads\/2019\/04\/inti_71554123482-300x169.jpg",300,169,true],"large":["https:\/\/arantv.az\/wp-content\/uploads\/2019\/04\/inti_71554123482.jpg",640,360,false],"1536x1536":["https:\/\/arantv.az\/wp-content\/uploads\/2019\/04\/inti_71554123482.jpg",649,365,false],"2048x2048":["https:\/\/arantv.az\/wp-content\/uploads\/2019\/04\/inti_71554123482.jpg",649,365,false],"post-thumbnail":["https:\/\/arantv.az\/wp-content\/uploads\/2019\/04\/inti_71554123482-240x172.jpg",240,172,true],"advps-thumb-one":["https:\/\/arantv.az\/wp-content\/uploads\/2019\/04\/inti_71554123482.jpg",649,365,false]},"rttpg_author":{"display_name":"V\u00fcsal Rafiqo\u011flu","author_link":"https:\/\/arantv.az\/?author=2"},"rttpg_comment":0,"rttpg_category":"<a href=\"https:\/\/arantv.az\/?cat=5\" rel=\"category\">Hadis\u0259<\/a>","rttpg_excerpt":"A\u011fdam rayonu Qarada\u011fl\u0131 k\u0259ndind\u0259 19 ya\u015fl\u0131 \u015e\u0259bn\u0259m El\u015f\u0259n q\u0131z\u0131 X\u0259lilovan\u0131n intihar\u0131 il\u0259 ba\u011fl\u0131 b\u0259zi t\u0259f\u0259rr\u00fcatlar b\u0259lli olub. Qarada\u011fl\u0131 k\u0259nd b\u0259l\u0259diyy\u0259sinin r\u0259smisi Muradov Arzuman yenicag.az-a a\u00e7\u0131qlamas\u0131nda hadis\u0259 il\u0259 ba\u011fl\u0131 bunlar\u0131 deyib: \u201cHadis\u0259nin \u0259sl s\u0259b\u0259bi m\u0259lum deyil. Q\u0131z varl\u0131, h\u0259m d\u0259 t\u0259rbiy\u0259li ail\u0259nin q\u0131z\u0131 olub. \u0130ki qarda\u015f\u0131n bir bac\u0131s\u0131d\u0131r. S\u0259h\u0259r anas\u0131 i\u015f\u0259 gedib. Saat 12 rad\u0259l\u0259rind\u0259 n\u0259n\u0259si&hellip;","_links":{"self":[{"href":"https:\/\/arantv.az\/index.php?rest_route=\/wp\/v2\/posts\/48590"}],"collection":[{"href":"https:\/\/arantv.az\/index.php?rest_route=\/wp\/v2\/posts"}],"about":[{"href":"https:\/\/arantv.az\/index.php?rest_route=\/wp\/v2\/types\/post"}],"author":[{"embeddable":true,"href":"https:\/\/arantv.az\/index.php?rest_route=\/wp\/v2\/users\/2"}],"replies":[{"embeddable":true,"href":"https:\/\/arantv.az\/index.php?rest_route=%2Fwp%2Fv2%2Fcomments&post=48590"}],"version-history":[{"count":0,"href":"https:\/\/arantv.az\/index.php?rest_route=\/wp\/v2\/posts\/48590\/revisions"}],"wp:featuredmedia":[{"embeddable":true,"href":"https:\/\/arantv.az\/index.php?rest_route=\/wp\/v2\/media\/48591"}],"wp:attachment":[{"href":"https:\/\/arantv.az\/index.php?rest_route=%2Fwp%2Fv2%2Fmedia&parent=48590"}],"wp:term":[{"taxonomy":"category","embeddable":true,"href":"https:\/\/arantv.az\/index.php?rest_route=%2Fwp%2Fv2%2Fcategories&post=48590"},{"taxonomy":"post_tag","embeddable":true,"href":"https:\/\/arantv.az\/index.php?rest_route=%2Fwp%2Fv2%2Ftags&post=48590"}],"curies":[{"name":"wp","href":"https:\/\/api.w.org\/{rel}","templated":true}]}}