{"id":48593,"date":"2019-04-01T16:27:08","date_gmt":"2019-04-01T13:27:08","guid":{"rendered":"http:\/\/arantv.az\/?p=48593"},"modified":"2019-04-01T16:27:08","modified_gmt":"2019-04-01T13:27:08","slug":"ekspert-prezident-ilham-%c9%99liyevin-vyanaya-s%c9%99f%c9%99ri-az%c9%99rbaycan-avstriya-%c9%99laq%c9%99l%c9%99rinin-g%c9%99l%c9%99c%c9%99k-inkisafi-baximindan-xususi-on%c9%99m-k%c9%99sb-edir","status":"publish","type":"post","link":"https:\/\/arantv.az\/?p=48593","title":{"rendered":"Ekspert: &#8220;Prezident \u0130lham \u018fliyevin Vyanaya s\u0259f\u0259ri Az\u0259rbaycan-Avstriya \u0259laq\u0259l\u0259rinin g\u0259l\u0259c\u0259k inki\u015faf\u0131 bax\u0131m\u0131ndan x\u00fcsusi \u00f6n\u0259m k\u0259sb edir&#8221;"},"content":{"rendered":"<p><strong>Prezident \u0130lham \u018fliyevin Vyanaya s\u0259f\u0259ri Az\u0259rbaycan-Avstriya m\u00fcnasib\u0259tl\u0259rinin g\u0259l\u0259c\u0259k inki\u015faf\u0131 bax\u0131m\u0131ndan x\u00fcsusi \u00f6n\u0259m k\u0259sb edir.<\/strong><\/p>\n<p>Bunu Milli.Az-a\u00a0Yeni Az\u0259rbaycan Partiyas\u0131n\u0131n (YAP) Siyasi \u015euras\u0131n\u0131n \u00fczv\u00fc, &#8220;\u0130ki sahil&#8221; q\u0259zetinin ba\u015f redaktoru\u00a0<strong>V\u00fcqar R\u0259himzad\u0259<\/strong>\u00a0deyib.<\/p>\n<p>O qeyd edib ki, bu g\u00fcn s\u00fcr\u0259tl\u0259 Avropaya inteqrasiya ed\u0259n Az\u0259rbaycan qit\u0259 d\u00f6vl\u0259tl\u0259ri il\u0259 qar\u015f\u0131l\u0131ql\u0131 faydal\u0131 m\u00fcnasib\u0259tl\u0259r qurur: &#8220;M\u00fcxt\u0259lif sah\u0259l\u0259ri \u0259hat\u0259 ed\u0259n bu m\u00fcnasib\u0259tl\u0259r qar\u015f\u0131l\u0131ql\u0131 s\u0259f\u0259rl\u0259r, ke\u00e7iril\u0259n g\u00f6r\u00fc\u015fl\u0259r, imzalanan s\u0259n\u0259dl\u0259rl\u0259 daha da m\u00f6hk\u0259ml\u0259nir v\u0259 geni\u015fl\u0259nir. Bu m\u0259nada Az\u0259rbaycan Prezidenti c\u0259nab \u0130lham \u018fliyevin bu g\u00fcnl\u0259rd\u0259 Avstriyaya i\u015fg\u00fczar s\u0259f\u0259rini y\u00fcks\u0259k qiym\u0259tl\u0259ndirm\u0259k laz\u0131md\u0131r. S\u0259f\u0259r zaman\u0131 d\u00f6vl\u0259timizin ba\u015f\u00e7\u0131s\u0131 Avstriyan\u0131n Federal Kansleri, Prezidenti v\u0259 vitse-kansleri il\u0259 g\u00f6r\u00fc\u015fl\u0259r ke\u00e7irdi, iki \u00f6lk\u0259nin t\u0259\u015f\u0259bb\u00fcs\u00fc il\u0259 Birg\u0259 \u018fm\u0259kda\u015fl\u0131q \u015euras\u0131 adl\u0131 yeni \u0259m\u0259kda\u015fl\u0131q format\u0131 yarad\u0131ld\u0131. Hesab edir\u0259m ki, bu s\u0259f\u0259r Az\u0259rbaycan-Avstriya m\u00fcnasib\u0259tl\u0259rinin g\u0259l\u0259c\u0259k inki\u015faf\u0131 bax\u0131m\u0131ndan x\u00fcsusi \u00f6n\u0259m k\u0259sb edir&#8221;.<\/p>\n<p>V.R\u0259himzad\u0259 bildirib ki, haz\u0131rda \u00f6lk\u0259mizl\u0259 Avstriya aras\u0131ndak\u0131 siyasi v\u0259 iqtisadi \u0259laq\u0259l\u0259r y\u00fcks\u0259k s\u0259viyy\u0259d\u0259dir: &#8220;Az\u0259rbaycan Avstriya il\u0259 m\u00fcxt\u0259lif sah\u0259l\u0259rd\u0259 \u0259m\u0259kda\u015fl\u0131q edir. Avstriya \u015firk\u0259tl\u0259ri \u00f6lk\u0259mizd\u0259 \u00f6z f\u0259aliyy\u0259tl\u0259rini u\u011furla davam etdirirl\u0259r. Bu da onu dem\u0259y\u0259 \u0259sas verir ki, Az\u0259rbaycan C\u0259nubi Qafqaz regionunda Avstriyan\u0131n \u0259sas iqtisadi t\u0259r\u0259fda\u015f\u0131d\u0131r. B\u00fct\u00fcn bu m\u0259qamlar m\u00f6ht\u0259r\u0259m Prezidentimizin Avstriyada ke\u00e7irdiyi g\u00f6r\u00fc\u015fl\u0259rd\u0259 \u0259sas m\u00fczakir\u0259 m\u00f6vzular\u0131 olub. Avstriya r\u0259hb\u0259rliyi d\u0259 \u00f6z n\u00f6vb\u0259sind\u0259, \u00f6lk\u0259sinin Az\u0259rbaycanla \u0259m\u0259kda\u015fl\u0131qda v\u0259 m\u00f6vcud \u0259laq\u0259l\u0259rinin daha da geni\u015fl\u0259ndirilm\u0259sind\u0259 maraql\u0131 oldu\u011funu bildirib&#8221;.<\/p>\n<p>Ekspert vur\u011fulay\u0131b ki, Az\u0259rbaycan Prezidenti c\u0259nab \u0130lham \u018fliyevin Avstriyaya i\u015fg\u00fczar s\u0259f\u0259ri zaman\u0131 \u0259sas m\u0259qamlardan biri d\u0259 Erm\u0259nistan ba\u015f naziri il\u0259 ke\u00e7iril\u0259n g\u00f6r\u00fc\u015f idi: &#8220;Bel\u0259 ki, Az\u0259rbaycan Prezidenti il\u0259 Erm\u0259nistan ba\u015f naziri aras\u0131nda n\u00f6vb\u0259ti g\u00f6r\u00fc\u015f Vyanada ba\u015f tutdu. Bu g\u00f6r\u00fc\u015f bir daha g\u00f6st\u0259rdi ki, dan\u0131\u015f\u0131qlar yaln\u0131z Az\u0259rbaycanla Erm\u0259nistan aras\u0131nda apar\u0131l\u0131r v\u0259 format d\u0259yi\u015fm\u0259z olaraq qal\u0131r. Qeyd ed\u0259k ki, bir m\u00fcdd\u0259t \u0259vv\u0259l Erm\u0259nistan dan\u0131\u015f\u0131qlar\u0131n format\u0131n\u0131n d\u0259yi\u015fdirilm\u0259si il\u0259 \u0259laq\u0259dar \u0259sass\u0131z iddialar ir\u0259li s\u00fcr\u00fcr, bununla da qeyri-konstruktiv m\u00f6vqe s\u0259rgil\u0259m\u0259kd\u0259 davam edirdi. Ancaq mart\u0131n \u0259vv\u0259lind\u0259 AT\u018fT-in Minsk qrupunun h\u0259ms\u0259drl\u0259ri b\u0259yanatla \u00e7\u0131x\u0131\u015f ed\u0259r\u0259k format\u0131n d\u0259yi\u015fdirilm\u0259sinin q\u0259buledilm\u0259z oldu\u011funu a\u00e7\u0131qlad\u0131lar. Hesab edir\u0259m ki, bu b\u0259yanat Erm\u0259nistana konkret cavab oldu v\u0259 dan\u0131\u015f\u0131qlar\u0131n bundan sonrak\u0131 m\u0259rh\u0259l\u0259sind\u0259 m\u00fch\u00fcm \u0259h\u0259miyy\u0259t k\u0259sb ed\u0259c\u0259k&#8221;.<\/p>\n<p>V.R\u0259himzad\u0259 \u0259lav\u0259 edib ki, h\u0259r bir halda Da\u011fl\u0131q Qaraba\u011f m\u00fcnaqi\u015f\u0259sinin h\u0259lli il\u0259 ba\u011fl\u0131 Az\u0259rbaycan\u0131n m\u00f6vqeyi q\u0259tiyy\u0259tli v\u0259 d\u0259yi\u015fm\u0259zdir: &#8220;Y\u0259ni BMT T\u0259hl\u00fck\u0259sizlik \u015euras\u0131n\u0131n q\u0259tnam\u0259l\u0259rinin t\u0259l\u0259bl\u0259rin\u0259 uy\u011fun olaraq Erm\u0259nistan qo\u015funlar\u0131 Az\u0259rbaycan\u0131n i\u015f\u011fal olunmu\u015f \u0259razil\u0259rind\u0259n \u00e7\u0131xar\u0131lmal\u0131 v\u0259 Az\u0259rbaycan\u0131n \u0259razi b\u00fct\u00f6vl\u00fcy\u00fc, suverenliyi t\u0259min olunmal\u0131d\u0131r&#8221;.<\/p>\n","protected":false},"excerpt":{"rendered":"<p>Prezident \u0130lham \u018fliyevin Vyanaya s\u0259f\u0259ri Az\u0259rbaycan-Avstriya m\u00fcnasib\u0259tl\u0259rinin g\u0259l\u0259c\u0259k inki\u015faf\u0131 bax\u0131m\u0131ndan x\u00fcsusi \u00f6n\u0259m k\u0259sb edir. Bunu Milli.Az-a\u00a0Yeni Az\u0259rbaycan Partiyas\u0131n\u0131n (YAP) Siyasi \u015euras\u0131n\u0131n \u00fczv\u00fc, &#8220;\u0130ki sahil&#8221; q\u0259zetinin ba\u015f redaktoru\u00a0V\u00fcqar R\u0259himzad\u0259\u00a0deyib. O qeyd edib ki, bu g\u00fcn s\u00fcr\u0259tl\u0259 Avropaya inteqrasiya ed\u0259n Az\u0259rbaycan qit\u0259 d\u00f6vl\u0259tl\u0259ri il\u0259 qar\u015f\u0131l\u0131ql\u0131 faydal\u0131 m\u00fcnasib\u0259tl\u0259r qurur: &#8220;M\u00fcxt\u0259lif sah\u0259l\u0259ri \u0259hat\u0259 ed\u0259n bu m\u00fcnasib\u0259tl\u0259r qar\u015f\u0131l\u0131ql\u0131 s\u0259f\u0259rl\u0259r, ke\u00e7iril\u0259n g\u00f6r\u00fc\u015fl\u0259r, imzalanan s\u0259n\u0259dl\u0259rl\u0259 daha da m\u00f6hk\u0259ml\u0259nir v\u0259 geni\u015fl\u0259nir. Bu m\u0259nada Az\u0259rbaycan Prezidenti c\u0259nab \u0130lham \u018fliyevin bu g\u00fcnl\u0259rd\u0259 Avstriyaya i\u015fg\u00fczar s\u0259f\u0259rini y\u00fcks\u0259k qiym\u0259tl\u0259ndirm\u0259k laz\u0131md\u0131r. S\u0259f\u0259r zaman\u0131 d\u00f6vl\u0259timizin ba\u015f\u00e7\u0131s\u0131 Avstriyan\u0131n Federal Kansleri, Prezidenti v\u0259 vitse-kansleri il\u0259 g\u00f6r\u00fc\u015fl\u0259r&hellip;<\/p>\n","protected":false},"author":2,"featured_media":48594,"comment_status":"closed","ping_status":"closed","sticky":false,"template":"","format":"standard","meta":{"om_disable_all_campaigns":false,"_monsterinsights_skip_tracking":false,"_monsterinsights_sitenote_active":false,"_monsterinsights_sitenote_note":"","_monsterinsights_sitenote_category":0},"categories":[1],"tags":[],"aioseo_notices":[],"gutentor_comment":0,"rttpg_featured_image_url":{"full":["https:\/\/arantv.az\/wp-content\/uploads\/2019\/04\/743389.jpg",800,600,false],"landscape":["https:\/\/arantv.az\/wp-content\/uploads\/2019\/04\/743389.jpg",800,600,false],"portraits":["https:\/\/arantv.az\/wp-content\/uploads\/2019\/04\/743389.jpg",800,600,false],"thumbnail":["https:\/\/arantv.az\/wp-content\/uploads\/2019\/04\/743389-150x150.jpg",150,150,true],"medium":["https:\/\/arantv.az\/wp-content\/uploads\/2019\/04\/743389-300x225.jpg",300,225,true],"large":["https:\/\/arantv.az\/wp-content\/uploads\/2019\/04\/743389.jpg",640,480,false],"1536x1536":["https:\/\/arantv.az\/wp-content\/uploads\/2019\/04\/743389.jpg",800,600,false],"2048x2048":["https:\/\/arantv.az\/wp-content\/uploads\/2019\/04\/743389.jpg",800,600,false],"post-thumbnail":["https:\/\/arantv.az\/wp-content\/uploads\/2019\/04\/743389-240x172.jpg",240,172,true],"advps-thumb-one":["https:\/\/arantv.az\/wp-content\/uploads\/2019\/04\/743389.jpg",800,600,false]},"rttpg_author":{"display_name":"V\u00fcsal Rafiqo\u011flu","author_link":"https:\/\/arantv.az\/?author=2"},"rttpg_comment":0,"rttpg_category":"<a href=\"https:\/\/arantv.az\/?cat=1\" rel=\"category\">C\u0259miyy\u0259t<\/a>","rttpg_excerpt":"Prezident \u0130lham \u018fliyevin Vyanaya s\u0259f\u0259ri Az\u0259rbaycan-Avstriya m\u00fcnasib\u0259tl\u0259rinin g\u0259l\u0259c\u0259k inki\u015faf\u0131 bax\u0131m\u0131ndan x\u00fcsusi \u00f6n\u0259m k\u0259sb edir. Bunu Milli.Az-a\u00a0Yeni Az\u0259rbaycan Partiyas\u0131n\u0131n (YAP) Siyasi \u015euras\u0131n\u0131n \u00fczv\u00fc, &#8220;\u0130ki sahil&#8221; q\u0259zetinin ba\u015f redaktoru\u00a0V\u00fcqar R\u0259himzad\u0259\u00a0deyib. O qeyd edib ki, bu g\u00fcn s\u00fcr\u0259tl\u0259 Avropaya inteqrasiya ed\u0259n Az\u0259rbaycan qit\u0259 d\u00f6vl\u0259tl\u0259ri il\u0259 qar\u015f\u0131l\u0131ql\u0131 faydal\u0131 m\u00fcnasib\u0259tl\u0259r qurur: &#8220;M\u00fcxt\u0259lif sah\u0259l\u0259ri \u0259hat\u0259 ed\u0259n bu m\u00fcnasib\u0259tl\u0259r qar\u015f\u0131l\u0131ql\u0131 s\u0259f\u0259rl\u0259r, ke\u00e7iril\u0259n&hellip;","_links":{"self":[{"href":"https:\/\/arantv.az\/index.php?rest_route=\/wp\/v2\/posts\/48593"}],"collection":[{"href":"https:\/\/arantv.az\/index.php?rest_route=\/wp\/v2\/posts"}],"about":[{"href":"https:\/\/arantv.az\/index.php?rest_route=\/wp\/v2\/types\/post"}],"author":[{"embeddable":true,"href":"https:\/\/arantv.az\/index.php?rest_route=\/wp\/v2\/users\/2"}],"replies":[{"embeddable":true,"href":"https:\/\/arantv.az\/index.php?rest_route=%2Fwp%2Fv2%2Fcomments&post=48593"}],"version-history":[{"count":0,"href":"https:\/\/arantv.az\/index.php?rest_route=\/wp\/v2\/posts\/48593\/revisions"}],"wp:featuredmedia":[{"embeddable":true,"href":"https:\/\/arantv.az\/index.php?rest_route=\/wp\/v2\/media\/48594"}],"wp:attachment":[{"href":"https:\/\/arantv.az\/index.php?rest_route=%2Fwp%2Fv2%2Fmedia&parent=48593"}],"wp:term":[{"taxonomy":"category","embeddable":true,"href":"https:\/\/arantv.az\/index.php?rest_route=%2Fwp%2Fv2%2Fcategories&post=48593"},{"taxonomy":"post_tag","embeddable":true,"href":"https:\/\/arantv.az\/index.php?rest_route=%2Fwp%2Fv2%2Ftags&post=48593"}],"curies":[{"name":"wp","href":"https:\/\/api.w.org\/{rel}","templated":true}]}}