{"id":48596,"date":"2019-04-01T16:29:10","date_gmt":"2019-04-01T13:29:10","guid":{"rendered":"http:\/\/arantv.az\/?p=48596"},"modified":"2019-04-01T16:29:10","modified_gmt":"2019-04-01T13:29:10","slug":"milli-depozit-m%c9%99rk%c9%99zinin-r%c9%99hb%c9%99rliyind%c9%99-d%c9%99yisiklikl%c9%99r","status":"publish","type":"post","link":"https:\/\/arantv.az\/?p=48596","title":{"rendered":"Milli Depozit M\u0259rk\u0259zinin r\u0259hb\u0259rliyind\u0259 D\u018fY\u0130\u015e\u0130KL\u0130KL\u018fR"},"content":{"rendered":"<p><strong>Milli Depozit M\u0259rk\u0259zinin (MDM) M\u00fc\u015fahid\u0259 \u015euras\u0131n\u0131n n\u00f6vb\u0259ti iclas\u0131 ke\u00e7irilib.<\/strong><\/p>\n<p><strong>ARANTV.AZ\u00a0<\/strong>\u00a0<a href=\"https:\/\/az.trend.az\/\" target=\"_blank\" rel=\"noopener\"><span style=\"color: #000000;\">Trend<\/span><\/a>-\u0259 istinad\u0259n x\u0259b\u0259r verir ki, iclas\u0131n g\u00fcnd\u0259liyind\u0259 duran \u0259sas m\u0259s\u0259l\u0259 \u015euran\u0131n t\u0259rkibind\u0259 d\u0259yi\u015fiklikl\u0259rin edilm\u0259si olub. Bel\u0259 ki, MDM-in \u00fczv\u00fc olan &#8220;Pa\u015fa Kapital \u0130nvestisiya \u015eirk\u0259ti&#8221; QSC-nin direktor m\u00fcavini T\u0259l\u0259t Kalayev \u015euran\u0131n \u00fczv\u00fc, \u018fman\u0259tl\u0259rin S\u0131\u011fortalanmas\u0131 Fondunun maliyy\u0259 direktoru M\u0259mm\u0259dov Orxan \u018fl\u0259kb\u0259r o\u011flu m\u00fcst\u0259qil \u00fczv\u00fc se\u00e7ilib.<\/p>\n<div id=\"AdributorNativeVideo0\" class=\"AdributorNativeVideo\"><\/div>\n<p>Qeyd ed\u0259k ki, MDM-in M\u00fc\u015fahid\u0259 \u015euras\u0131 be\u015f n\u0259f\u0259rd\u0259n ibar\u0259tdir v\u0259 onun t\u0259rkibin\u0259 Az\u0259rbaycan Maliyy\u0259 Bazarlar\u0131na N\u0259zar\u0259t Palatas\u0131n\u0131n iki n\u00fcmay\u0259nd\u0259si, M\u0259rk\u0259zin \u00fczvl\u0259rinin iki n\u00fcmay\u0259nd\u0259si v\u0259 bir m\u00fcst\u0259qil \u00fczv daxildir.<\/p>\n","protected":false},"excerpt":{"rendered":"<p>Milli Depozit M\u0259rk\u0259zinin (MDM) M\u00fc\u015fahid\u0259 \u015euras\u0131n\u0131n n\u00f6vb\u0259ti iclas\u0131 ke\u00e7irilib. ARANTV.AZ\u00a0\u00a0Trend-\u0259 istinad\u0259n x\u0259b\u0259r verir ki, iclas\u0131n g\u00fcnd\u0259liyind\u0259 duran \u0259sas m\u0259s\u0259l\u0259 \u015euran\u0131n t\u0259rkibind\u0259 d\u0259yi\u015fiklikl\u0259rin edilm\u0259si olub. Bel\u0259 ki, MDM-in \u00fczv\u00fc olan &#8220;Pa\u015fa Kapital \u0130nvestisiya \u015eirk\u0259ti&#8221; QSC-nin direktor m\u00fcavini T\u0259l\u0259t Kalayev \u015euran\u0131n \u00fczv\u00fc, \u018fman\u0259tl\u0259rin S\u0131\u011fortalanmas\u0131 Fondunun maliyy\u0259 direktoru M\u0259mm\u0259dov Orxan \u018fl\u0259kb\u0259r o\u011flu m\u00fcst\u0259qil \u00fczv\u00fc se\u00e7ilib. Qeyd ed\u0259k ki, MDM-in M\u00fc\u015fahid\u0259 \u015euras\u0131 be\u015f n\u0259f\u0259rd\u0259n ibar\u0259tdir v\u0259 onun t\u0259rkibin\u0259 Az\u0259rbaycan Maliyy\u0259 Bazarlar\u0131na N\u0259zar\u0259t Palatas\u0131n\u0131n iki n\u00fcmay\u0259nd\u0259si, M\u0259rk\u0259zin \u00fczvl\u0259rinin iki n\u00fcmay\u0259nd\u0259si v\u0259 bir m\u00fcst\u0259qil \u00fczv daxildir.<\/p>\n","protected":false},"author":2,"featured_media":48597,"comment_status":"closed","ping_status":"closed","sticky":false,"template":"","format":"standard","meta":{"om_disable_all_campaigns":false,"_monsterinsights_skip_tracking":false,"_monsterinsights_sitenote_active":false,"_monsterinsights_sitenote_note":"","_monsterinsights_sitenote_category":0},"categories":[1],"tags":[],"aioseo_notices":[],"gutentor_comment":0,"rttpg_featured_image_url":{"full":["https:\/\/arantv.az\/wp-content\/uploads\/2019\/04\/kreslo_0256.jpg",800,600,false],"landscape":["https:\/\/arantv.az\/wp-content\/uploads\/2019\/04\/kreslo_0256.jpg",800,600,false],"portraits":["https:\/\/arantv.az\/wp-content\/uploads\/2019\/04\/kreslo_0256.jpg",800,600,false],"thumbnail":["https:\/\/arantv.az\/wp-content\/uploads\/2019\/04\/kreslo_0256-150x150.jpg",150,150,true],"medium":["https:\/\/arantv.az\/wp-content\/uploads\/2019\/04\/kreslo_0256-300x225.jpg",300,225,true],"large":["https:\/\/arantv.az\/wp-content\/uploads\/2019\/04\/kreslo_0256.jpg",640,480,false],"1536x1536":["https:\/\/arantv.az\/wp-content\/uploads\/2019\/04\/kreslo_0256.jpg",800,600,false],"2048x2048":["https:\/\/arantv.az\/wp-content\/uploads\/2019\/04\/kreslo_0256.jpg",800,600,false],"post-thumbnail":["https:\/\/arantv.az\/wp-content\/uploads\/2019\/04\/kreslo_0256-240x172.jpg",240,172,true],"advps-thumb-one":["https:\/\/arantv.az\/wp-content\/uploads\/2019\/04\/kreslo_0256.jpg",800,600,false]},"rttpg_author":{"display_name":"V\u00fcsal Rafiqo\u011flu","author_link":"https:\/\/arantv.az\/?author=2"},"rttpg_comment":0,"rttpg_category":"<a href=\"https:\/\/arantv.az\/?cat=1\" rel=\"category\">C\u0259miyy\u0259t<\/a>","rttpg_excerpt":"Milli Depozit M\u0259rk\u0259zinin (MDM) M\u00fc\u015fahid\u0259 \u015euras\u0131n\u0131n n\u00f6vb\u0259ti iclas\u0131 ke\u00e7irilib. ARANTV.AZ\u00a0\u00a0Trend-\u0259 istinad\u0259n x\u0259b\u0259r verir ki, iclas\u0131n g\u00fcnd\u0259liyind\u0259 duran \u0259sas m\u0259s\u0259l\u0259 \u015euran\u0131n t\u0259rkibind\u0259 d\u0259yi\u015fiklikl\u0259rin edilm\u0259si olub. Bel\u0259 ki, MDM-in \u00fczv\u00fc olan &#8220;Pa\u015fa Kapital \u0130nvestisiya \u015eirk\u0259ti&#8221; QSC-nin direktor m\u00fcavini T\u0259l\u0259t Kalayev \u015euran\u0131n \u00fczv\u00fc, \u018fman\u0259tl\u0259rin S\u0131\u011fortalanmas\u0131 Fondunun maliyy\u0259 direktoru M\u0259mm\u0259dov Orxan \u018fl\u0259kb\u0259r o\u011flu m\u00fcst\u0259qil \u00fczv\u00fc se\u00e7ilib. Qeyd ed\u0259k ki,&hellip;","_links":{"self":[{"href":"https:\/\/arantv.az\/index.php?rest_route=\/wp\/v2\/posts\/48596"}],"collection":[{"href":"https:\/\/arantv.az\/index.php?rest_route=\/wp\/v2\/posts"}],"about":[{"href":"https:\/\/arantv.az\/index.php?rest_route=\/wp\/v2\/types\/post"}],"author":[{"embeddable":true,"href":"https:\/\/arantv.az\/index.php?rest_route=\/wp\/v2\/users\/2"}],"replies":[{"embeddable":true,"href":"https:\/\/arantv.az\/index.php?rest_route=%2Fwp%2Fv2%2Fcomments&post=48596"}],"version-history":[{"count":0,"href":"https:\/\/arantv.az\/index.php?rest_route=\/wp\/v2\/posts\/48596\/revisions"}],"wp:featuredmedia":[{"embeddable":true,"href":"https:\/\/arantv.az\/index.php?rest_route=\/wp\/v2\/media\/48597"}],"wp:attachment":[{"href":"https:\/\/arantv.az\/index.php?rest_route=%2Fwp%2Fv2%2Fmedia&parent=48596"}],"wp:term":[{"taxonomy":"category","embeddable":true,"href":"https:\/\/arantv.az\/index.php?rest_route=%2Fwp%2Fv2%2Fcategories&post=48596"},{"taxonomy":"post_tag","embeddable":true,"href":"https:\/\/arantv.az\/index.php?rest_route=%2Fwp%2Fv2%2Ftags&post=48596"}],"curies":[{"name":"wp","href":"https:\/\/api.w.org\/{rel}","templated":true}]}}