{"id":48605,"date":"2019-04-01T16:36:26","date_gmt":"2019-04-01T13:36:26","guid":{"rendered":"http:\/\/arantv.az\/?p=48605"},"modified":"2019-04-01T16:36:26","modified_gmt":"2019-04-01T13:36:26","slug":"f%c9%99day%c9%99-lacinin-v%c9%99kili-m%c9%99hk%c9%99m%c9%99d%c9%99n-vaxt-ist%c9%99di","status":"publish","type":"post","link":"https:\/\/arantv.az\/?p=48605","title":{"rendered":"F\u0259day\u0259 La\u00e7\u0131n\u0131n v\u0259kili m\u0259hk\u0259m\u0259d\u0259n vaxt ist\u0259di"},"content":{"rendered":"<p>Bu g\u00fcn Bak\u0131 Apellyasiya M\u0259hk\u0259m\u0259sind\u0259 m\u0259hbuslar\u0131n n\u0259zar\u0259t alt\u0131ndan qa\u00e7mas\u0131nda t\u0259qsirl\u0259ndiril\u0259r\u0259k 5 il azadl\u0131qdan m\u0259hrum edil\u0259n m\u00fc\u011f\u0259nni F\u0259day\u0259 La\u00e7\u0131n v\u0259 onunla birlikd\u0259 t\u0259qsirl\u0259ndiril\u0259n 12 n\u0259f\u0259rin Bak\u0131 A\u011f\u0131r Cinay\u0259tl\u0259r M\u0259hk\u0259m\u0259sinin h\u00f6km\u00fcnd\u0259n verdikl\u0259ri apellyasiya \u015fikay\u0259ti \u00fczr\u0259 n\u00f6vb\u0259ti m\u0259hk\u0259m\u0259 prosesi ke\u00e7irilib.<\/p>\n<p><strong>ARANTV.AZ<\/strong> x\u0259b\u0259r verir ki, F.La\u00e7\u0131n\u0131n v\u0259kili Nur\u0259ngiz Qarayeva\u00a0<a href=\"https:\/\/az.trend.az\/\" target=\"_blank\" rel=\"noopener\">Trend<\/a>-\u0259 a\u00e7\u0131qlamas\u0131nda bildirib ki, prosesd\u0259 v\u0259kill\u0259r \u00e7\u0131x\u0131\u015f edibl\u0259r: &#8220;T\u0259qsirl\u0259ndiril\u0259n \u015f\u0259xsl\u0259rin v\u0259kill\u0259ri \u015fikay\u0259tl\u0259ri \u00fczr\u0259 \u00e7\u0131x\u0131\u015flar etdil\u0259r. M\u0259n is\u0259 \u00e7\u0131x\u0131\u015fa haz\u0131rla\u015fmaq \u00fc\u00e7\u00fcn m\u0259hk\u0259m\u0259d\u0259n bir h\u0259ft\u0259 vaxt ist\u0259dim&#8221;.<\/p>\n<p>Qeyd ed\u0259k ki, Bak\u0131 A\u011f\u0131r Cinay\u0259tl\u0259r M\u0259hk\u0259m\u0259sinin h\u00f6km\u00fc il\u0259, F\u0259day\u0259 La\u00e7\u0131n 5 il, Ceyhun S\u0259m\u0259dov 9 il, Fuad Hac\u0131yev 8 il 6 ay, Tural Poladxanov 8 il 6, B\u0259hruz Abdullayev 9 il, \u018fli A\u011fami 20 il, G\u00fcnay Ataki\u015fiyeva 6 il, Aqil N\u0259c\u0259fov 9 il, \u0130srafil Soltanov 7 il, M\u0259h\u0259mm\u0259d Hac\u0131yev 7 il, T\u0259rlan Zeynalov 7 il, \u015eahmar \u018fzizad\u0259 7 il, Anar \u018fsg\u0259rov is\u0259 7 il m\u00fcdd\u0259tin\u0259 azadl\u0131qdan m\u0259hrum edilibl\u0259r.<\/p>\n<p>H\u00f6kmd\u0259n naraz\u0131 qalan t\u0259qsirl\u0259ndiril\u0259n \u015f\u0259xsl\u0259r Bak\u0131 Apellyasiya M\u0259hk\u0259m\u0259sin\u0259 \u015fikay\u0259t vermi\u015fdil\u0259r.<\/p>\n<p>Xat\u0131rladaq ki, \u00f6t\u0259n il oktyabr\u0131n 23-d\u0259 Bak\u0131da m\u0259hbuslar\u0131n qa\u00e7mas\u0131 fakt\u0131 il\u0259 ba\u011fl\u0131 Ba\u015f Prokurorlu\u011fun A\u011f\u0131r Cinay\u0259tl\u0259r\u0259 dair i\u015fl\u0259r \u00fczr\u0259 \u0130stintaq \u0130dar\u0259sind\u0259 ba\u015flanan cinay\u0259t i\u015fi \u00fczr\u0259 F\u0259day\u0259 M\u0259mm\u0259dova (F\u0259day\u0259 La\u00e7\u0131n) t\u0259qsirl\u0259ndiril\u0259n \u015f\u0259xs qismind\u0259 c\u0259lb olunaraq N\u0259simi Rayon M\u0259hk\u0259m\u0259sinin q\u0259rar\u0131 il\u0259 bar\u0259sind\u0259 h\u0259bs q\u0259timkan t\u0259dbiri se\u00e7ilib.<br \/>\nOnun bar\u0259sind\u0259 Cinay\u0259t M\u0259c\u0259ll\u0259sinin 304.2.1-ci (m\u00fchafiz\u0259 alt\u0131nda olan \u015f\u0259xs\u0259 qa\u00e7ma\u011fa yard\u0131m etm\u0259, qabaqcadan \u0259lbir olan bir qrup \u015f\u0259xs t\u0259r\u0259find\u0259n t\u00f6r\u0259dildikd\u0259) madd\u0259si il\u0259 cinay\u0259t i\u015fi ba\u015flan\u0131l\u0131b.<\/p>\n<div id=\"AdributorNativeVideo0\" class=\"AdributorNativeVideo\"><\/div>\n<p>Vaqondan qa\u00e7m\u0131\u015f, 1989-cu ild\u0259 \u015eirvan \u015f\u0259h\u0259rind\u0259 anadan olmu\u015f, \u0259vv\u0259ll\u0259r m\u0259hkum olunmam\u0131\u015f, Cinay\u0259t M\u0259c\u0259ll\u0259sinin 120.2.2 v\u0259 228.1-ci madd\u0259l\u0259ri il\u0259 t\u0259qsirl\u0259ndiril\u0259n \u018fli A\u011fami \u015eirvan \u015f\u0259h\u0259rind\u0259 tutularaq istintaq t\u0259cridxanas\u0131na yerl\u0259\u015fdirilib, &#8220;Qoca&#8221; l\u0259q\u0259bli Etibar M\u0259mm\u0259dov is\u0259 saxlan\u0131lan zaman at\u0131\u015fmada \u00f6l\u00fcb.<\/p>\n<p>Cinay\u0259t i\u015fi \u00fczr\u0259 13 n\u0259f\u0259r t\u0259qsirli bilinir, 1 n\u0259f\u0259r bar\u0259sind\u0259 is\u0259 axtar\u0131\u015f elan olunub. H\u0259bsd\u0259 olan \u015f\u0259xsl\u0259r m\u00fc\u011f\u0259nni F.La\u00e7\u0131n, Penitensiar Xidm\u0259tin Konvoy taborunun komandiri, Penitensiar Xidm\u0259tin \u00fc\u00e7 \u0259m\u0259kda\u015f\u0131 &#8211; qarovul r\u0259isi Ceyhun S\u0259m\u0259dov, qarovul r\u0259isinin m\u00fcavini Fuad Hac\u0131yev v\u0259 qarovul r\u0259isinin dig\u0259r m\u00fcavini Tural Poladxanov, \u018fli A\u011fami, G\u00fcnay Ataki\u015fiyeva, taksi s\u00fcr\u00fcc\u00fcs\u00fc M\u0259h\u0259mm\u0259d Hac\u0131yevl\u0259 yana\u015f\u0131, Aqil N\u0259c\u0259fov, Anar \u018fsg\u0259rov, \u0130srafil Soltanov, \u015eahmar B\u0259y\u0259lizad\u0259 v\u0259 T\u0259rlan Zeynalovdur.<\/p>\n<p>\u0130\u015f \u00fczr\u0259 t\u0259qsirl\u0259ndiril\u0259n \u015f\u0259xs qismind\u0259 daha 12 n\u0259f\u0259r h\u0259bs edilib.<\/p>\n","protected":false},"excerpt":{"rendered":"<p>Bu g\u00fcn Bak\u0131 Apellyasiya M\u0259hk\u0259m\u0259sind\u0259 m\u0259hbuslar\u0131n n\u0259zar\u0259t alt\u0131ndan qa\u00e7mas\u0131nda t\u0259qsirl\u0259ndiril\u0259r\u0259k 5 il azadl\u0131qdan m\u0259hrum edil\u0259n m\u00fc\u011f\u0259nni F\u0259day\u0259 La\u00e7\u0131n v\u0259 onunla birlikd\u0259 t\u0259qsirl\u0259ndiril\u0259n 12 n\u0259f\u0259rin Bak\u0131 A\u011f\u0131r Cinay\u0259tl\u0259r M\u0259hk\u0259m\u0259sinin h\u00f6km\u00fcnd\u0259n verdikl\u0259ri apellyasiya \u015fikay\u0259ti \u00fczr\u0259 n\u00f6vb\u0259ti m\u0259hk\u0259m\u0259 prosesi ke\u00e7irilib. ARANTV.AZ x\u0259b\u0259r verir ki, F.La\u00e7\u0131n\u0131n v\u0259kili Nur\u0259ngiz Qarayeva\u00a0Trend-\u0259 a\u00e7\u0131qlamas\u0131nda bildirib ki, prosesd\u0259 v\u0259kill\u0259r \u00e7\u0131x\u0131\u015f edibl\u0259r: &#8220;T\u0259qsirl\u0259ndiril\u0259n \u015f\u0259xsl\u0259rin v\u0259kill\u0259ri \u015fikay\u0259tl\u0259ri \u00fczr\u0259 \u00e7\u0131x\u0131\u015flar etdil\u0259r. M\u0259n is\u0259 \u00e7\u0131x\u0131\u015fa haz\u0131rla\u015fmaq \u00fc\u00e7\u00fcn m\u0259hk\u0259m\u0259d\u0259n bir h\u0259ft\u0259 vaxt ist\u0259dim&#8221;. Qeyd ed\u0259k ki, Bak\u0131 A\u011f\u0131r Cinay\u0259tl\u0259r M\u0259hk\u0259m\u0259sinin h\u00f6km\u00fc il\u0259, F\u0259day\u0259 La\u00e7\u0131n 5 il, Ceyhun S\u0259m\u0259dov 9 il, Fuad Hac\u0131yev 8 il&hellip;<\/p>\n","protected":false},"author":2,"featured_media":48606,"comment_status":"closed","ping_status":"closed","sticky":false,"template":"","format":"standard","meta":{"om_disable_all_campaigns":false,"_monsterinsights_skip_tracking":false,"_monsterinsights_sitenote_active":false,"_monsterinsights_sitenote_note":"","_monsterinsights_sitenote_category":0},"categories":[5],"tags":[],"aioseo_notices":[],"gutentor_comment":0,"rttpg_featured_image_url":{"full":["https:\/\/arantv.az\/wp-content\/uploads\/2019\/04\/fedaye_lacin_02369.jpg",800,600,false],"landscape":["https:\/\/arantv.az\/wp-content\/uploads\/2019\/04\/fedaye_lacin_02369.jpg",800,600,false],"portraits":["https:\/\/arantv.az\/wp-content\/uploads\/2019\/04\/fedaye_lacin_02369.jpg",800,600,false],"thumbnail":["https:\/\/arantv.az\/wp-content\/uploads\/2019\/04\/fedaye_lacin_02369-150x150.jpg",150,150,true],"medium":["https:\/\/arantv.az\/wp-content\/uploads\/2019\/04\/fedaye_lacin_02369-300x225.jpg",300,225,true],"large":["https:\/\/arantv.az\/wp-content\/uploads\/2019\/04\/fedaye_lacin_02369.jpg",640,480,false],"1536x1536":["https:\/\/arantv.az\/wp-content\/uploads\/2019\/04\/fedaye_lacin_02369.jpg",800,600,false],"2048x2048":["https:\/\/arantv.az\/wp-content\/uploads\/2019\/04\/fedaye_lacin_02369.jpg",800,600,false],"post-thumbnail":["https:\/\/arantv.az\/wp-content\/uploads\/2019\/04\/fedaye_lacin_02369-240x172.jpg",240,172,true],"advps-thumb-one":["https:\/\/arantv.az\/wp-content\/uploads\/2019\/04\/fedaye_lacin_02369.jpg",800,600,false]},"rttpg_author":{"display_name":"V\u00fcsal Rafiqo\u011flu","author_link":"https:\/\/arantv.az\/?author=2"},"rttpg_comment":0,"rttpg_category":"<a href=\"https:\/\/arantv.az\/?cat=5\" rel=\"category\">Hadis\u0259<\/a>","rttpg_excerpt":"Bu g\u00fcn Bak\u0131 Apellyasiya M\u0259hk\u0259m\u0259sind\u0259 m\u0259hbuslar\u0131n n\u0259zar\u0259t alt\u0131ndan qa\u00e7mas\u0131nda t\u0259qsirl\u0259ndiril\u0259r\u0259k 5 il azadl\u0131qdan m\u0259hrum edil\u0259n m\u00fc\u011f\u0259nni F\u0259day\u0259 La\u00e7\u0131n v\u0259 onunla birlikd\u0259 t\u0259qsirl\u0259ndiril\u0259n 12 n\u0259f\u0259rin Bak\u0131 A\u011f\u0131r Cinay\u0259tl\u0259r M\u0259hk\u0259m\u0259sinin h\u00f6km\u00fcnd\u0259n verdikl\u0259ri apellyasiya \u015fikay\u0259ti \u00fczr\u0259 n\u00f6vb\u0259ti m\u0259hk\u0259m\u0259 prosesi ke\u00e7irilib. ARANTV.AZ x\u0259b\u0259r verir ki, F.La\u00e7\u0131n\u0131n v\u0259kili Nur\u0259ngiz Qarayeva\u00a0Trend-\u0259 a\u00e7\u0131qlamas\u0131nda bildirib ki, prosesd\u0259 v\u0259kill\u0259r \u00e7\u0131x\u0131\u015f edibl\u0259r: &#8220;T\u0259qsirl\u0259ndiril\u0259n \u015f\u0259xsl\u0259rin v\u0259kill\u0259ri&hellip;","_links":{"self":[{"href":"https:\/\/arantv.az\/index.php?rest_route=\/wp\/v2\/posts\/48605"}],"collection":[{"href":"https:\/\/arantv.az\/index.php?rest_route=\/wp\/v2\/posts"}],"about":[{"href":"https:\/\/arantv.az\/index.php?rest_route=\/wp\/v2\/types\/post"}],"author":[{"embeddable":true,"href":"https:\/\/arantv.az\/index.php?rest_route=\/wp\/v2\/users\/2"}],"replies":[{"embeddable":true,"href":"https:\/\/arantv.az\/index.php?rest_route=%2Fwp%2Fv2%2Fcomments&post=48605"}],"version-history":[{"count":0,"href":"https:\/\/arantv.az\/index.php?rest_route=\/wp\/v2\/posts\/48605\/revisions"}],"wp:featuredmedia":[{"embeddable":true,"href":"https:\/\/arantv.az\/index.php?rest_route=\/wp\/v2\/media\/48606"}],"wp:attachment":[{"href":"https:\/\/arantv.az\/index.php?rest_route=%2Fwp%2Fv2%2Fmedia&parent=48605"}],"wp:term":[{"taxonomy":"category","embeddable":true,"href":"https:\/\/arantv.az\/index.php?rest_route=%2Fwp%2Fv2%2Fcategories&post=48605"},{"taxonomy":"post_tag","embeddable":true,"href":"https:\/\/arantv.az\/index.php?rest_route=%2Fwp%2Fv2%2Ftags&post=48605"}],"curies":[{"name":"wp","href":"https:\/\/api.w.org\/{rel}","templated":true}]}}