{"id":48652,"date":"2019-04-02T09:57:29","date_gmt":"2019-04-02T06:57:29","guid":{"rendered":"http:\/\/arantv.az\/?p=48652"},"modified":"2019-04-02T09:57:29","modified_gmt":"2019-04-02T06:57:29","slug":"ramiz-mehdiyev-s%c9%99r%c9%99ncam-imzaladi","status":"publish","type":"post","link":"https:\/\/arantv.az\/?p=48652","title":{"rendered":"Ramiz Mehdiyev s\u0259r\u0259ncam imzalad\u0131"},"content":{"rendered":"<p>Az\u0259rbaycan Respublikas\u0131 Prezidenti Administrasiyas\u0131n\u0131n r\u0259hb\u0259ri Ramiz Mehdiyevin s\u0259r\u0259ncam\u0131 il\u0259 Bak\u0131da UNESCO-nun \u00dcmumd\u00fcnya \u0130rs Komit\u0259sinin 43-c\u00fc sessiyas\u0131n\u0131n ke\u00e7irilm\u0259sin\u0259 dair T\u0259dbirl\u0259r Plan\u0131 t\u0259sdiq edilib.<\/p>\n<p><strong>ARANTV.AZ<\/strong>\u00a0\u00a0<span style=\"color: #000000;\"><a style=\"color: #000000;\" href=\"https:\/\/az.trend.az\/\" target=\"_blank\" rel=\"noopener\">Trend<\/a><\/span>-\u0259 istinad\u0259n x\u0259b\u0259r verir ki, s\u0259r\u0259ncamda T\u0259dbirl\u0259r Plan\u0131nda n\u0259z\u0259rd\u0259 tutulan i\u015fl\u0259rin yerin\u0259 yetirilm\u0259si \u00fc\u00e7\u00fcn m\u00fcvafiq qurumlara tap\u015f\u0131r\u0131qlar verilib.<\/p>\n<p>Qeyd ed\u0259k ki, UNESCO-nun \u00dcmumd\u00fcnya \u0130rs Komit\u0259sinin 43-c\u00fc sessiyas\u0131 30 iyun-10 iyul tarixl\u0259rind\u0259 ke\u00e7iril\u0259c\u0259k.<\/p>\n","protected":false},"excerpt":{"rendered":"<p>Az\u0259rbaycan Respublikas\u0131 Prezidenti Administrasiyas\u0131n\u0131n r\u0259hb\u0259ri Ramiz Mehdiyevin s\u0259r\u0259ncam\u0131 il\u0259 Bak\u0131da UNESCO-nun \u00dcmumd\u00fcnya \u0130rs Komit\u0259sinin 43-c\u00fc sessiyas\u0131n\u0131n ke\u00e7irilm\u0259sin\u0259 dair T\u0259dbirl\u0259r Plan\u0131 t\u0259sdiq edilib. ARANTV.AZ\u00a0\u00a0Trend-\u0259 istinad\u0259n x\u0259b\u0259r verir ki, s\u0259r\u0259ncamda T\u0259dbirl\u0259r Plan\u0131nda n\u0259z\u0259rd\u0259 tutulan i\u015fl\u0259rin yerin\u0259 yetirilm\u0259si \u00fc\u00e7\u00fcn m\u00fcvafiq qurumlara tap\u015f\u0131r\u0131qlar verilib. Qeyd ed\u0259k ki, UNESCO-nun \u00dcmumd\u00fcnya \u0130rs Komit\u0259sinin 43-c\u00fc sessiyas\u0131 30 iyun-10 iyul tarixl\u0259rind\u0259 ke\u00e7iril\u0259c\u0259k.<\/p>\n","protected":false},"author":2,"featured_media":48653,"comment_status":"closed","ping_status":"closed","sticky":false,"template":"","format":"standard","meta":{"om_disable_all_campaigns":false,"_monsterinsights_skip_tracking":false,"_monsterinsights_sitenote_active":false,"_monsterinsights_sitenote_note":"","_monsterinsights_sitenote_category":0},"categories":[1],"tags":[],"aioseo_notices":[],"gutentor_comment":0,"rttpg_featured_image_url":{"full":["https:\/\/arantv.az\/wp-content\/uploads\/2019\/04\/ramiz_mehdiyev_235656.jpg",800,600,false],"landscape":["https:\/\/arantv.az\/wp-content\/uploads\/2019\/04\/ramiz_mehdiyev_235656.jpg",800,600,false],"portraits":["https:\/\/arantv.az\/wp-content\/uploads\/2019\/04\/ramiz_mehdiyev_235656.jpg",800,600,false],"thumbnail":["https:\/\/arantv.az\/wp-content\/uploads\/2019\/04\/ramiz_mehdiyev_235656-150x150.jpg",150,150,true],"medium":["https:\/\/arantv.az\/wp-content\/uploads\/2019\/04\/ramiz_mehdiyev_235656-300x225.jpg",300,225,true],"large":["https:\/\/arantv.az\/wp-content\/uploads\/2019\/04\/ramiz_mehdiyev_235656.jpg",640,480,false],"1536x1536":["https:\/\/arantv.az\/wp-content\/uploads\/2019\/04\/ramiz_mehdiyev_235656.jpg",800,600,false],"2048x2048":["https:\/\/arantv.az\/wp-content\/uploads\/2019\/04\/ramiz_mehdiyev_235656.jpg",800,600,false],"post-thumbnail":["https:\/\/arantv.az\/wp-content\/uploads\/2019\/04\/ramiz_mehdiyev_235656-240x172.jpg",240,172,true],"advps-thumb-one":["https:\/\/arantv.az\/wp-content\/uploads\/2019\/04\/ramiz_mehdiyev_235656.jpg",800,600,false]},"rttpg_author":{"display_name":"V\u00fcsal Rafiqo\u011flu","author_link":"https:\/\/arantv.az\/?author=2"},"rttpg_comment":0,"rttpg_category":"<a href=\"https:\/\/arantv.az\/?cat=1\" rel=\"category\">C\u0259miyy\u0259t<\/a>","rttpg_excerpt":"Az\u0259rbaycan Respublikas\u0131 Prezidenti Administrasiyas\u0131n\u0131n r\u0259hb\u0259ri Ramiz Mehdiyevin s\u0259r\u0259ncam\u0131 il\u0259 Bak\u0131da UNESCO-nun \u00dcmumd\u00fcnya \u0130rs Komit\u0259sinin 43-c\u00fc sessiyas\u0131n\u0131n ke\u00e7irilm\u0259sin\u0259 dair T\u0259dbirl\u0259r Plan\u0131 t\u0259sdiq edilib. ARANTV.AZ\u00a0\u00a0Trend-\u0259 istinad\u0259n x\u0259b\u0259r verir ki, s\u0259r\u0259ncamda T\u0259dbirl\u0259r Plan\u0131nda n\u0259z\u0259rd\u0259 tutulan i\u015fl\u0259rin yerin\u0259 yetirilm\u0259si \u00fc\u00e7\u00fcn m\u00fcvafiq qurumlara tap\u015f\u0131r\u0131qlar verilib. Qeyd ed\u0259k ki, UNESCO-nun \u00dcmumd\u00fcnya \u0130rs Komit\u0259sinin 43-c\u00fc sessiyas\u0131 30 iyun-10 iyul tarixl\u0259rind\u0259 ke\u00e7iril\u0259c\u0259k.","_links":{"self":[{"href":"https:\/\/arantv.az\/index.php?rest_route=\/wp\/v2\/posts\/48652"}],"collection":[{"href":"https:\/\/arantv.az\/index.php?rest_route=\/wp\/v2\/posts"}],"about":[{"href":"https:\/\/arantv.az\/index.php?rest_route=\/wp\/v2\/types\/post"}],"author":[{"embeddable":true,"href":"https:\/\/arantv.az\/index.php?rest_route=\/wp\/v2\/users\/2"}],"replies":[{"embeddable":true,"href":"https:\/\/arantv.az\/index.php?rest_route=%2Fwp%2Fv2%2Fcomments&post=48652"}],"version-history":[{"count":0,"href":"https:\/\/arantv.az\/index.php?rest_route=\/wp\/v2\/posts\/48652\/revisions"}],"wp:featuredmedia":[{"embeddable":true,"href":"https:\/\/arantv.az\/index.php?rest_route=\/wp\/v2\/media\/48653"}],"wp:attachment":[{"href":"https:\/\/arantv.az\/index.php?rest_route=%2Fwp%2Fv2%2Fmedia&parent=48652"}],"wp:term":[{"taxonomy":"category","embeddable":true,"href":"https:\/\/arantv.az\/index.php?rest_route=%2Fwp%2Fv2%2Fcategories&post=48652"},{"taxonomy":"post_tag","embeddable":true,"href":"https:\/\/arantv.az\/index.php?rest_route=%2Fwp%2Fv2%2Ftags&post=48652"}],"curies":[{"name":"wp","href":"https:\/\/api.w.org\/{rel}","templated":true}]}}