{"id":48655,"date":"2019-04-02T09:58:45","date_gmt":"2019-04-02T06:58:45","guid":{"rendered":"http:\/\/arantv.az\/?p=48655"},"modified":"2019-04-02T09:58:45","modified_gmt":"2019-04-02T06:58:45","slug":"bakida-isl%c9%99m%c9%99y%c9%99-g%c9%99l%c9%99n-pakistan-v%c9%99t%c9%99ndasi-itkin-dusdu","status":"publish","type":"post","link":"https:\/\/arantv.az\/?p=48655","title":{"rendered":"Bak\u0131da i\u015fl\u0259m\u0259y\u0259 g\u0259l\u0259n Pakistan v\u0259t\u0259nda\u015f\u0131 itkin d\u00fc\u015fd\u00fc"},"content":{"rendered":"<p><strong>Bak\u0131da ya\u015fayan Pakistan v\u0259t\u0259nda\u015f\u0131 itkin d\u00fc\u015f\u00fcb.<\/strong><\/p>\n<p><strong>ARANTV.AZ\u00a0<\/strong><a href=\"https:\/\/az.trend.az\/\" target=\"_blank\" rel=\"noopener\"><span style=\"color: #000000;\">Trend<\/span><\/a>-\u0259 istinad\u0259n x\u0259b\u0259r verir ki, bu bar\u0259d\u0259 polis\u0259 Bak\u0131n\u0131n N\u0259simi rayonu, S.R\u0259himov k\u00fc\u00e7\u0259si 197 \u00fcnvan\u0131nda yerl\u0259\u015f\u0259n &#8220;Minal\u0259&#8221; hostelind\u0259 ya\u015fayan, 1955-ci il t\u0259v\u0259ll\u00fcdl\u00fc Foriya Zaheer m\u0259lumat verib.<\/p>\n<p>O bildirib ki, iki ildir icaz\u0259 \u0259sas\u0131nda &#8220;Minal\u0259&#8221; hostelind\u0259 ya\u015fayan o\u011flu, 1988-ci il t\u0259v\u0259ll\u00fcdl\u00fc Zaheer Umair aprelin 1-d\u0259 ya\u015fad\u0131\u011f\u0131 yerd\u0259n \u00e7\u0131x\u0131b v\u0259 bir daha geri qay\u0131tmay\u0131b.<\/p>\n<p>Faktla ba\u011fl\u0131 ara\u015fd\u0131rmalara ba\u015flan\u0131b.<\/p>\n","protected":false},"excerpt":{"rendered":"<p>Bak\u0131da ya\u015fayan Pakistan v\u0259t\u0259nda\u015f\u0131 itkin d\u00fc\u015f\u00fcb. ARANTV.AZ\u00a0Trend-\u0259 istinad\u0259n x\u0259b\u0259r verir ki, bu bar\u0259d\u0259 polis\u0259 Bak\u0131n\u0131n N\u0259simi rayonu, S.R\u0259himov k\u00fc\u00e7\u0259si 197 \u00fcnvan\u0131nda yerl\u0259\u015f\u0259n &#8220;Minal\u0259&#8221; hostelind\u0259 ya\u015fayan, 1955-ci il t\u0259v\u0259ll\u00fcdl\u00fc Foriya Zaheer m\u0259lumat verib. O bildirib ki, iki ildir icaz\u0259 \u0259sas\u0131nda &#8220;Minal\u0259&#8221; hostelind\u0259 ya\u015fayan o\u011flu, 1988-ci il t\u0259v\u0259ll\u00fcdl\u00fc Zaheer Umair aprelin 1-d\u0259 ya\u015fad\u0131\u011f\u0131 yerd\u0259n \u00e7\u0131x\u0131b v\u0259 bir daha geri qay\u0131tmay\u0131b. Faktla ba\u011fl\u0131 ara\u015fd\u0131rmalara ba\u015flan\u0131b.<\/p>\n","protected":false},"author":2,"featured_media":48656,"comment_status":"closed","ping_status":"closed","sticky":false,"template":"","format":"standard","meta":{"om_disable_all_campaigns":false,"_monsterinsights_skip_tracking":false,"_monsterinsights_sitenote_active":false,"_monsterinsights_sitenote_note":"","_monsterinsights_sitenote_category":0},"categories":[5],"tags":[],"aioseo_notices":[],"gutentor_comment":0,"rttpg_featured_image_url":{"full":["https:\/\/arantv.az\/wp-content\/uploads\/2019\/04\/polis_01254.jpg",800,600,false],"landscape":["https:\/\/arantv.az\/wp-content\/uploads\/2019\/04\/polis_01254.jpg",800,600,false],"portraits":["https:\/\/arantv.az\/wp-content\/uploads\/2019\/04\/polis_01254.jpg",800,600,false],"thumbnail":["https:\/\/arantv.az\/wp-content\/uploads\/2019\/04\/polis_01254-150x150.jpg",150,150,true],"medium":["https:\/\/arantv.az\/wp-content\/uploads\/2019\/04\/polis_01254-300x225.jpg",300,225,true],"large":["https:\/\/arantv.az\/wp-content\/uploads\/2019\/04\/polis_01254.jpg",640,480,false],"1536x1536":["https:\/\/arantv.az\/wp-content\/uploads\/2019\/04\/polis_01254.jpg",800,600,false],"2048x2048":["https:\/\/arantv.az\/wp-content\/uploads\/2019\/04\/polis_01254.jpg",800,600,false],"post-thumbnail":["https:\/\/arantv.az\/wp-content\/uploads\/2019\/04\/polis_01254-240x172.jpg",240,172,true],"advps-thumb-one":["https:\/\/arantv.az\/wp-content\/uploads\/2019\/04\/polis_01254.jpg",800,600,false]},"rttpg_author":{"display_name":"V\u00fcsal Rafiqo\u011flu","author_link":"https:\/\/arantv.az\/?author=2"},"rttpg_comment":0,"rttpg_category":"<a href=\"https:\/\/arantv.az\/?cat=5\" rel=\"category\">Hadis\u0259<\/a>","rttpg_excerpt":"Bak\u0131da ya\u015fayan Pakistan v\u0259t\u0259nda\u015f\u0131 itkin d\u00fc\u015f\u00fcb. ARANTV.AZ\u00a0Trend-\u0259 istinad\u0259n x\u0259b\u0259r verir ki, bu bar\u0259d\u0259 polis\u0259 Bak\u0131n\u0131n N\u0259simi rayonu, S.R\u0259himov k\u00fc\u00e7\u0259si 197 \u00fcnvan\u0131nda yerl\u0259\u015f\u0259n &#8220;Minal\u0259&#8221; hostelind\u0259 ya\u015fayan, 1955-ci il t\u0259v\u0259ll\u00fcdl\u00fc Foriya Zaheer m\u0259lumat verib. O bildirib ki, iki ildir icaz\u0259 \u0259sas\u0131nda &#8220;Minal\u0259&#8221; hostelind\u0259 ya\u015fayan o\u011flu, 1988-ci il t\u0259v\u0259ll\u00fcdl\u00fc Zaheer Umair aprelin 1-d\u0259 ya\u015fad\u0131\u011f\u0131 yerd\u0259n \u00e7\u0131x\u0131b v\u0259 bir&hellip;","_links":{"self":[{"href":"https:\/\/arantv.az\/index.php?rest_route=\/wp\/v2\/posts\/48655"}],"collection":[{"href":"https:\/\/arantv.az\/index.php?rest_route=\/wp\/v2\/posts"}],"about":[{"href":"https:\/\/arantv.az\/index.php?rest_route=\/wp\/v2\/types\/post"}],"author":[{"embeddable":true,"href":"https:\/\/arantv.az\/index.php?rest_route=\/wp\/v2\/users\/2"}],"replies":[{"embeddable":true,"href":"https:\/\/arantv.az\/index.php?rest_route=%2Fwp%2Fv2%2Fcomments&post=48655"}],"version-history":[{"count":0,"href":"https:\/\/arantv.az\/index.php?rest_route=\/wp\/v2\/posts\/48655\/revisions"}],"wp:featuredmedia":[{"embeddable":true,"href":"https:\/\/arantv.az\/index.php?rest_route=\/wp\/v2\/media\/48656"}],"wp:attachment":[{"href":"https:\/\/arantv.az\/index.php?rest_route=%2Fwp%2Fv2%2Fmedia&parent=48655"}],"wp:term":[{"taxonomy":"category","embeddable":true,"href":"https:\/\/arantv.az\/index.php?rest_route=%2Fwp%2Fv2%2Fcategories&post=48655"},{"taxonomy":"post_tag","embeddable":true,"href":"https:\/\/arantv.az\/index.php?rest_route=%2Fwp%2Fv2%2Ftags&post=48655"}],"curies":[{"name":"wp","href":"https:\/\/api.w.org\/{rel}","templated":true}]}}