{"id":48667,"date":"2019-04-02T10:11:52","date_gmt":"2019-04-02T07:11:52","guid":{"rendered":"http:\/\/arantv.az\/?p=48667"},"modified":"2019-04-02T10:11:52","modified_gmt":"2019-04-02T07:11:52","slug":"raquf-orucovun-yarimciq-hekay%c9%99si-17-il-onun-qara-x%c9%99b%c9%99rini-gozl%c9%99dim-video","status":"publish","type":"post","link":"https:\/\/arantv.az\/?p=48667","title":{"rendered":"Raquf Orucovun yar\u0131m\u00e7\u0131q hekay\u0259si: 17 il onun &#8220;qara x\u0259b\u0259r&#8221;ini g\u00f6zl\u0259dim &#8211; V\u0130DEO"},"content":{"rendered":"<div id=\"entry\" class=\"entry\">Bu g\u00fcn Aprel hadis\u0259l\u0259rinin ya\u015fand\u0131\u011f\u0131 a\u011f\u0131r v\u0259 bir o q\u0259d\u0259r d\u0259 q\u00fcrurverici g\u00fcnd\u0259n \u00fc\u00e7 il \u00f6t\u00fcr. O gec\u0259 v\u0259t\u0259nini, torpa\u011f\u0131n\u0131 ail\u0259sind\u0259n bel\u0259 \u00f6nd\u0259 tutan h\u0259rb\u00e7il\u0259rimiz i\u015f\u011fal alt\u0131nda qalan Az\u0259rbaycan torpaqlar\u0131 u\u011frunda q\u0259hr\u0259mancas\u0131na \u015f\u0259hid oldular.<\/p>\n<p>A\u011fdam, T\u0259rt\u0259r, F\u00fczuli rayonlar\u0131n\u0131n bir s\u0131ra ya\u015fay\u0131\u015f m\u0259nt\u0259q\u0259l\u0259ri erm\u0259nil\u0259r t\u0259r\u0259find\u0259n n\u00f6vb\u0259ti d\u0259f\u0259 artilleriya qur\u011fular\u0131ndan at\u0259\u015f\u0259 tutuldu. G\u00fcnl\u0259rl\u0259 davam ed\u0259n d\u00f6y\u00fc\u015fl\u0259rd\u0259 ordumuzun pe\u015f\u0259kar h\u0259rb\u00e7il\u0259ri v\u0259t\u0259nimiz u\u011frunda canlar\u0131ndan ke\u00e7dil\u0259r.<\/p>\n<p>O g\u00fcn \u015f\u0259hid olanlar i\u00e7\u0259risind\u0259 h\u0259yat\u0131n\u0131n 26 ilini h\u0259rbi xidm\u0259t\u0259 h\u0259sr etmi\u015f polkovnik-leytenant Raquf Orucov da vard\u0131.<\/p>\n<p>H\u0259min gec\u0259 Az\u0259rbaycan Ordusu q\u0259l\u0259b\u0259 sevincini, \u015f\u0259hid ail\u0259l\u0259ri is\u0259 h\u0259m qalibiyy\u0259ti, h\u0259m d\u0259 itki a\u011fr\u0131s\u0131n\u0131 ya\u015fay\u0131rd\u0131.<\/p>\n<p>\u015e\u0259hid polkovnik-leytenant Raquf Orucovun h\u0259yat yolda\u015f\u0131 Sevinc Orucova deyir ki, 17 illik ail\u0259 h\u0259yat\u0131nda onun bir g\u00fcn evd\u0259 rahat oturdu\u011funu g\u00f6rm\u0259yib:<\/p>\n<p>\u201cRaquf h\u0259yat\u0131n\u0131 pe\u015f\u0259sin\u0259 h\u0259sr etmi\u015f h\u0259rb\u00e7i idi. \u0130ki o\u011flumuz var. U\u015faqlar\u0131m h\u0259r zaman atalar\u0131 il\u0259 f\u0259xr edibl\u0259r. Raquf pe\u015f\u0259kar h\u0259rb\u00e7i oldu\u011fu kimi, qay\u011f\u0131ke\u015f ata, \u00e7ox g\u00f6z\u0259l ail\u0259 ba\u015f\u00e7\u0131s\u0131 idi.<\/p>\n<p>\u0130nan\u0131n ki, g\u00fcnl\u0259r\u0259 ayaqlar\u0131ndan \u00e7\u0259km\u0259l\u0259rini \u00e7\u0131xarmazd\u0131. Ayaqlar\u0131 \u015fi\u015fib \u00e7\u0259km\u0259 il\u0259 bir olard\u0131. H\u0259mi\u015f\u0259 soru\u015fanda ki, \u201cnec\u0259s\u0259n?\u201d, bir cavab\u0131 var idi ki, \u201ct\u0259ki siz yax\u015f\u0131 olun!\u201d. S\u0259n dem\u0259, o da hiss edirdi olacaqlar\u0131&#8230;\u201d<\/p>\n<div id=\"AdviadNativeVideo0\" class=\"AdviadNativeVideo\"><\/div>\n<p><img class=\"imgbcodecent\" src=\"https:\/\/upload.az\/foto\/arxiv\/54524757_819223095109163_304907187412742.jpg\" alt=\"Raquf Orucovun yar\u0131m\u00e7\u0131q hekay\u0259si: 17 il onun &quot;qara x\u0259b\u0259r&quot;ini g\u00f6zl\u0259dim - V\u0130DEO\" \/><\/p>\n<p>\u00d6l\u00fcm\u00fcnd\u0259n \u0259vv\u0259l son d\u0259f\u0259 ail\u0259si il\u0259 g\u00f6r\u00fc\u015f\u0259n Raquf Orucov h\u0259rbi hiss\u0259y\u0259 geri qay\u0131d\u0131b. Xan\u0131m\u0131 Allah\u0131n h\u0259r zaman Raqufu qorudu\u011funu deyir, amma bu d\u0259f\u0259&#8230;<\/p>\n<p>Aprel ay\u0131n\u0131n 4-\u00fc&#8230; Gec\u0259 saatlar\u0131nda v\u0259t\u0259n f\u0259dail\u0259rinin \u00fc\u00e7r\u0259ngli bayra\u011f\u0131m\u0131za b\u00fck\u00fcl\u0259n tabutlar\u0131 ail\u0259l\u0259rin\u0259 t\u0259hvil verildi.<\/p>\n<p>Polkovnik-leytenant Raqub Orucovu qar\u015f\u0131lama\u011fa onun \u0259sg\u0259rl\u0259ri il\u0259 yana\u015f\u0131, xalq g\u0259lmi\u015fdi&#8230;<br \/>\n<img class=\"imgbcodecent\" src=\"https:\/\/upload.az\/foto\/arxiv\/56435169_2216948625234075_59871563430127.jpg\" alt=\"Raquf Orucovun yar\u0131m\u00e7\u0131q hekay\u0259si: 17 il onun &quot;qara x\u0259b\u0259r&quot;ini g\u00f6zl\u0259dim - V\u0130DEO\" \/><br \/>\nOnun ya\u015fad\u0131\u011f\u0131 binan\u0131n h\u0259y\u0259tind\u0259 insan \u0259lind\u0259n t\u0259rp\u0259nm\u0259k m\u00fcmk\u00fcn deyildi. Vaxt tapd\u0131qca evin\u0259, iki g\u00fcl balas\u0131n\u0131n yan\u0131na t\u0259l\u0259s\u0259n komandirimiz zabitl\u0259rin \u00e7iyinl\u0259rind\u0259 son d\u0259f\u0259 evin\u0259 g\u0259tirildi.<\/p>\n<p><img class=\"imgbcodecent\" src=\"https:\/\/upload.az\/foto\/arxiv\/56629275_277868903149495_830918374248048.jpg\" alt=\"Raquf Orucovun yar\u0131m\u00e7\u0131q hekay\u0259si: 17 il onun &quot;qara x\u0259b\u0259r&quot;ini g\u00f6zl\u0259dim - V\u0130DEO\" \/><br \/>\n<strong>ARANTV.AZ<\/strong> v\u0259 Baku TV-nin polkovnik-leytenant Raquf Orucovun \u0259ziz xatir\u0259sin\u0259 h\u0259sr etdiyi s\u00fcjeti t\u0259qdim edirik:<\/p>\n<div class=\"embed-responsive embed-responsive-16by9\"><iframe loading=\"lazy\" id=\"nmqembedid\" class=\"embed-responsive-item\" title=\"video player\" src=\"https:\/\/izle.az\/embed\/09cvyEmsTC3SS0rMLtUrKdNPzU1KTdE3NzMwAAA~\" width=\"600\" height=\"340\" frameborder=\"0\" scrolling=\"no\" allowfullscreen=\"allowfullscreen\" data-mce-fragment=\"1\"><\/iframe><\/div>\n<\/div>\n<p>&nbsp;<\/p>\n","protected":false},"excerpt":{"rendered":"<p>Bu g\u00fcn Aprel hadis\u0259l\u0259rinin ya\u015fand\u0131\u011f\u0131 a\u011f\u0131r v\u0259 bir o q\u0259d\u0259r d\u0259 q\u00fcrurverici g\u00fcnd\u0259n \u00fc\u00e7 il \u00f6t\u00fcr. O gec\u0259 v\u0259t\u0259nini, torpa\u011f\u0131n\u0131 ail\u0259sind\u0259n bel\u0259 \u00f6nd\u0259 tutan h\u0259rb\u00e7il\u0259rimiz i\u015f\u011fal alt\u0131nda qalan Az\u0259rbaycan torpaqlar\u0131 u\u011frunda q\u0259hr\u0259mancas\u0131na \u015f\u0259hid oldular. A\u011fdam, T\u0259rt\u0259r, F\u00fczuli rayonlar\u0131n\u0131n bir s\u0131ra ya\u015fay\u0131\u015f m\u0259nt\u0259q\u0259l\u0259ri erm\u0259nil\u0259r t\u0259r\u0259find\u0259n n\u00f6vb\u0259ti d\u0259f\u0259 artilleriya qur\u011fular\u0131ndan at\u0259\u015f\u0259 tutuldu. G\u00fcnl\u0259rl\u0259 davam ed\u0259n d\u00f6y\u00fc\u015fl\u0259rd\u0259 ordumuzun pe\u015f\u0259kar h\u0259rb\u00e7il\u0259ri v\u0259t\u0259nimiz u\u011frunda canlar\u0131ndan ke\u00e7dil\u0259r. O g\u00fcn \u015f\u0259hid olanlar i\u00e7\u0259risind\u0259 h\u0259yat\u0131n\u0131n 26 ilini h\u0259rbi xidm\u0259t\u0259 h\u0259sr etmi\u015f polkovnik-leytenant Raquf Orucov da vard\u0131. H\u0259min gec\u0259 Az\u0259rbaycan Ordusu q\u0259l\u0259b\u0259 sevincini, \u015f\u0259hid ail\u0259l\u0259ri is\u0259 h\u0259m qalibiyy\u0259ti, h\u0259m&hellip;<\/p>\n","protected":false},"author":2,"featured_media":48668,"comment_status":"closed","ping_status":"closed","sticky":false,"template":"","format":"standard","meta":{"om_disable_all_campaigns":false,"_monsterinsights_skip_tracking":false,"_monsterinsights_sitenote_active":false,"_monsterinsights_sitenote_note":"","_monsterinsights_sitenote_category":0},"categories":[1],"tags":[],"aioseo_notices":[],"gutentor_comment":0,"rttpg_featured_image_url":{"full":["https:\/\/arantv.az\/wp-content\/uploads\/2019\/04\/jj_91554188767.jpg",590,372,false],"landscape":["https:\/\/arantv.az\/wp-content\/uploads\/2019\/04\/jj_91554188767.jpg",590,372,false],"portraits":["https:\/\/arantv.az\/wp-content\/uploads\/2019\/04\/jj_91554188767.jpg",590,372,false],"thumbnail":["https:\/\/arantv.az\/wp-content\/uploads\/2019\/04\/jj_91554188767-150x150.jpg",150,150,true],"medium":["https:\/\/arantv.az\/wp-content\/uploads\/2019\/04\/jj_91554188767-300x189.jpg",300,189,true],"large":["https:\/\/arantv.az\/wp-content\/uploads\/2019\/04\/jj_91554188767.jpg",590,372,false],"1536x1536":["https:\/\/arantv.az\/wp-content\/uploads\/2019\/04\/jj_91554188767.jpg",590,372,false],"2048x2048":["https:\/\/arantv.az\/wp-content\/uploads\/2019\/04\/jj_91554188767.jpg",590,372,false],"post-thumbnail":["https:\/\/arantv.az\/wp-content\/uploads\/2019\/04\/jj_91554188767-240x172.jpg",240,172,true],"advps-thumb-one":["https:\/\/arantv.az\/wp-content\/uploads\/2019\/04\/jj_91554188767.jpg",590,372,false]},"rttpg_author":{"display_name":"V\u00fcsal Rafiqo\u011flu","author_link":"https:\/\/arantv.az\/?author=2"},"rttpg_comment":0,"rttpg_category":"<a href=\"https:\/\/arantv.az\/?cat=1\" rel=\"category\">C\u0259miyy\u0259t<\/a>","rttpg_excerpt":"Bu g\u00fcn Aprel hadis\u0259l\u0259rinin ya\u015fand\u0131\u011f\u0131 a\u011f\u0131r v\u0259 bir o q\u0259d\u0259r d\u0259 q\u00fcrurverici g\u00fcnd\u0259n \u00fc\u00e7 il \u00f6t\u00fcr. O gec\u0259 v\u0259t\u0259nini, torpa\u011f\u0131n\u0131 ail\u0259sind\u0259n bel\u0259 \u00f6nd\u0259 tutan h\u0259rb\u00e7il\u0259rimiz i\u015f\u011fal alt\u0131nda qalan Az\u0259rbaycan torpaqlar\u0131 u\u011frunda q\u0259hr\u0259mancas\u0131na \u015f\u0259hid oldular. A\u011fdam, T\u0259rt\u0259r, F\u00fczuli rayonlar\u0131n\u0131n bir s\u0131ra ya\u015fay\u0131\u015f m\u0259nt\u0259q\u0259l\u0259ri erm\u0259nil\u0259r t\u0259r\u0259find\u0259n n\u00f6vb\u0259ti d\u0259f\u0259 artilleriya qur\u011fular\u0131ndan at\u0259\u015f\u0259 tutuldu. G\u00fcnl\u0259rl\u0259 davam ed\u0259n d\u00f6y\u00fc\u015fl\u0259rd\u0259 ordumuzun&hellip;","_links":{"self":[{"href":"https:\/\/arantv.az\/index.php?rest_route=\/wp\/v2\/posts\/48667"}],"collection":[{"href":"https:\/\/arantv.az\/index.php?rest_route=\/wp\/v2\/posts"}],"about":[{"href":"https:\/\/arantv.az\/index.php?rest_route=\/wp\/v2\/types\/post"}],"author":[{"embeddable":true,"href":"https:\/\/arantv.az\/index.php?rest_route=\/wp\/v2\/users\/2"}],"replies":[{"embeddable":true,"href":"https:\/\/arantv.az\/index.php?rest_route=%2Fwp%2Fv2%2Fcomments&post=48667"}],"version-history":[{"count":0,"href":"https:\/\/arantv.az\/index.php?rest_route=\/wp\/v2\/posts\/48667\/revisions"}],"wp:featuredmedia":[{"embeddable":true,"href":"https:\/\/arantv.az\/index.php?rest_route=\/wp\/v2\/media\/48668"}],"wp:attachment":[{"href":"https:\/\/arantv.az\/index.php?rest_route=%2Fwp%2Fv2%2Fmedia&parent=48667"}],"wp:term":[{"taxonomy":"category","embeddable":true,"href":"https:\/\/arantv.az\/index.php?rest_route=%2Fwp%2Fv2%2Fcategories&post=48667"},{"taxonomy":"post_tag","embeddable":true,"href":"https:\/\/arantv.az\/index.php?rest_route=%2Fwp%2Fv2%2Ftags&post=48667"}],"curies":[{"name":"wp","href":"https:\/\/api.w.org\/{rel}","templated":true}]}}