{"id":48679,"date":"2019-04-02T10:39:27","date_gmt":"2019-04-02T07:39:27","guid":{"rendered":"http:\/\/arantv.az\/?p=48679"},"modified":"2019-04-02T10:39:27","modified_gmt":"2019-04-02T07:39:27","slug":"prezident-ilham-%c9%99liyev-facebookda-aprel-q%c9%99l%c9%99b%c9%99sinin-ucuncu-ildonumu-munasib%c9%99til%c9%99-videocarx-paylasib","status":"publish","type":"post","link":"https:\/\/arantv.az\/?p=48679","title":{"rendered":"Prezident \u0130lham \u018fliyev &#8220;Facebook&#8221;da Aprel q\u0259l\u0259b\u0259sinin \u00fc\u00e7\u00fcnc\u00fc ild\u00f6n\u00fcm\u00fc m\u00fcnasib\u0259til\u0259 V\u0130DEO\u00c7ARX payla\u015f\u0131b"},"content":{"rendered":"<div class=\"article_text\">\n<p><strong>Az\u0259rbaycan Respublikas\u0131n\u0131n Prezidenti \u0130lham \u018fliyev \u00f6z\u00fcn\u00fcn &#8220;Facebook&#8221; s\u0259hif\u0259sind\u0259 Aprel q\u0259l\u0259b\u0259sinin \u00fc\u00e7\u00fcnc\u00fc ild\u00f6n\u00fcm\u00fc m\u00fcnasib\u0259til\u0259 video\u00e7arx payla\u015f\u0131b.<\/strong><\/p>\n<p><strong>ARANTV.AZ\u00a0<\/strong>\u00a0<a href=\"http:\/\/az.trend.az\/\" target=\"_blank\" rel=\"noopener\"><span style=\"color: #000000;\">Trend<\/span><\/a>-\u0259 istinad\u0259n bildirir ki, video\u00e7arx &#8220;Q\u0259hr\u0259manlar\u0131m\u0131zla f\u0259xr edirik!&#8221; s\u00f6zl\u0259ri il\u0259 payla\u015f\u0131l\u0131b.<\/p>\n<p>Qeyd ed\u0259k ki, bu g\u00fcn Az\u0259rbaycan Ordusunun aprel q\u0259l\u0259b\u0259l\u0259rind\u0259n 3 il \u00f6t\u00fcr. Erm\u0259nistan silahl\u0131 q\u00fcvv\u0259l\u0259ri il\u0259 d\u00f6rdg\u00fcnl\u00fck d\u00f6y\u00fc\u015fl\u0259r zaman\u0131 Az\u0259rbaycan Silahl\u0131 Q\u00fcvv\u0259l\u0259rinin birl\u0259\u015fm\u0259l\u0259ri Goranboy rayonuna v\u0259 Naftalan \u015f\u0259h\u0259rin\u0259 t\u0259hl\u00fck\u0259 yarada bil\u0259c\u0259k Tal\u0131\u015f k\u0259ndi \u0259traf\u0131ndak\u0131 y\u00fcks\u0259klikl\u0259ri, el\u0259c\u0259 d\u0259 Seysulan m\u0259nt\u0259q\u0259sini azad etdi, F\u00fczuli rayonu istiqam\u0259tind\u0259 yerl\u0259\u015f\u0259n, geni\u015f \u0259razini n\u0259zar\u0259td\u0259 saxlamaq imkan\u0131 ver\u0259n strateji \u0259h\u0259miyy\u0259tli L\u0259l\u0259 T\u0259p\u0259 y\u00fcks\u0259kliyin\u0259 n\u0259zar\u0259ti \u0259l\u0259 ke\u00e7irdi. H\u0259m\u00e7inin aprel d\u00f6y\u00fc\u015fl\u0259ri n\u0259tic\u0259sind\u0259 Az\u0259rbaycan Silahl\u0131 Q\u00fcvv\u0259l\u0259ri A\u011fd\u0259r\u0259-Madagiz istiqam\u0259tind\u0259 yollar\u0131n n\u0259zar\u0259td\u0259 saxlan\u0131lmas\u0131n\u0131 t\u0259min etdi.<\/p>\n<p>D\u00f6y\u00fc\u015fl\u0259rd\u0259 erm\u0259nil\u0259r\u0259 m\u0259xsus 30 tank, 15-d\u0259k artilleriya qur\u011fusu v\u0259 m\u00f6hk\u0259ml\u0259ndirilmi\u015f m\u00fch\u0259ndis qur\u011fular\u0131 m\u0259hv edildi, d\u00fc\u015fm\u0259nin 320 h\u0259rb\u00e7isi \u00f6ld\u00fcr\u00fcld\u00fc, 500-d\u0259n art\u0131q h\u0259rb\u00e7isi is\u0259 yaraland\u0131.<\/p>\n<p>D\u00f6y\u00fc\u015fl\u0259rin yekunu olaraq Silahl\u0131 Q\u00fcvv\u0259l\u0259rimiz t\u0259r\u0259find\u0259n 2000 hektardan art\u0131q \u0259razi erm\u0259ni i\u015f\u011fal\u0131ndan azad edildi v\u0259 daha \u00e7ox \u0259razi \u0259m\u0259liyyat bax\u0131m\u0131ndan n\u0259zar\u0259timiz alt\u0131na ke\u00e7di. Az\u0259rbaycan Silahl\u0131 Q\u00fcvv\u0259l\u0259rinin b\u00f6lm\u0259l\u0259ri azad edilmi\u015f torpaqlarda m\u00f6hk\u0259ml\u0259ndirm\u0259 i\u015fl\u0259ri h\u0259yata ke\u00e7irdi.<\/p>\n<p>&nbsp;<\/p>\n<div id=\"wrapper\">\n<div id=\"page-wrapper\">\n<div class=\"main-content\">\n<div class=\"content\">\n<div class=\"container\">\n<div class=\"row mbxxl\">\n<div class=\"col-md-9 col-sm-9\">\n<div id=\"content-news\" class=\"section-category\">\n<div class=\"section-content\">\n<div class=\"main-news\">\n<div id=\"article_content\">\n<p><iframe loading=\"lazy\" src=\"https:\/\/www.trend.az\/player.php?f=%20https:\/\/cdn.trend.az\/media\/pictures\/2019\/04\/02\/video_prezident_facebook_020419.mp4\" width=\"100%\" height=\"360\" frameborder=\"0\" allowfullscreen=\"allowfullscreen\" data-mce-fragment=\"1\"><\/iframe><\/p>\n<\/div>\n<\/div>\n<\/div>\n<\/div>\n<\/div>\n<\/div>\n<\/div>\n<\/div>\n<\/div>\n<\/div>\n<\/div>\n<\/div>\n<div class=\"social-banner\"><\/div>\n","protected":false},"excerpt":{"rendered":"<p>Az\u0259rbaycan Respublikas\u0131n\u0131n Prezidenti \u0130lham \u018fliyev \u00f6z\u00fcn\u00fcn &#8220;Facebook&#8221; s\u0259hif\u0259sind\u0259 Aprel q\u0259l\u0259b\u0259sinin \u00fc\u00e7\u00fcnc\u00fc ild\u00f6n\u00fcm\u00fc m\u00fcnasib\u0259til\u0259 video\u00e7arx payla\u015f\u0131b. ARANTV.AZ\u00a0\u00a0Trend-\u0259 istinad\u0259n bildirir ki, video\u00e7arx &#8220;Q\u0259hr\u0259manlar\u0131m\u0131zla f\u0259xr edirik!&#8221; s\u00f6zl\u0259ri il\u0259 payla\u015f\u0131l\u0131b. Qeyd ed\u0259k ki, bu g\u00fcn Az\u0259rbaycan Ordusunun aprel q\u0259l\u0259b\u0259l\u0259rind\u0259n 3 il \u00f6t\u00fcr. Erm\u0259nistan silahl\u0131 q\u00fcvv\u0259l\u0259ri il\u0259 d\u00f6rdg\u00fcnl\u00fck d\u00f6y\u00fc\u015fl\u0259r zaman\u0131 Az\u0259rbaycan Silahl\u0131 Q\u00fcvv\u0259l\u0259rinin birl\u0259\u015fm\u0259l\u0259ri Goranboy rayonuna v\u0259 Naftalan \u015f\u0259h\u0259rin\u0259 t\u0259hl\u00fck\u0259 yarada bil\u0259c\u0259k Tal\u0131\u015f k\u0259ndi \u0259traf\u0131ndak\u0131 y\u00fcks\u0259klikl\u0259ri, el\u0259c\u0259 d\u0259 Seysulan m\u0259nt\u0259q\u0259sini azad etdi, F\u00fczuli rayonu istiqam\u0259tind\u0259 yerl\u0259\u015f\u0259n, geni\u015f \u0259razini n\u0259zar\u0259td\u0259 saxlamaq imkan\u0131 ver\u0259n strateji \u0259h\u0259miyy\u0259tli L\u0259l\u0259 T\u0259p\u0259 y\u00fcks\u0259kliyin\u0259 n\u0259zar\u0259ti \u0259l\u0259 ke\u00e7irdi. H\u0259m\u00e7inin aprel d\u00f6y\u00fc\u015fl\u0259ri n\u0259tic\u0259sind\u0259 Az\u0259rbaycan&hellip;<\/p>\n","protected":false},"author":2,"featured_media":48680,"comment_status":"closed","ping_status":"closed","sticky":false,"template":"","format":"standard","meta":{"om_disable_all_campaigns":false,"_monsterinsights_skip_tracking":false,"_monsterinsights_sitenote_active":false,"_monsterinsights_sitenote_note":"","_monsterinsights_sitenote_category":0},"categories":[4],"tags":[],"aioseo_notices":[],"gutentor_comment":0,"rttpg_featured_image_url":{"full":["https:\/\/arantv.az\/wp-content\/uploads\/2019\/04\/2018_ilham_aliyev_05-1.jpg",1200,900,false],"landscape":["https:\/\/arantv.az\/wp-content\/uploads\/2019\/04\/2018_ilham_aliyev_05-1.jpg",1200,900,false],"portraits":["https:\/\/arantv.az\/wp-content\/uploads\/2019\/04\/2018_ilham_aliyev_05-1.jpg",1200,900,false],"thumbnail":["https:\/\/arantv.az\/wp-content\/uploads\/2019\/04\/2018_ilham_aliyev_05-1-150x150.jpg",150,150,true],"medium":["https:\/\/arantv.az\/wp-content\/uploads\/2019\/04\/2018_ilham_aliyev_05-1-300x225.jpg",300,225,true],"large":["https:\/\/arantv.az\/wp-content\/uploads\/2019\/04\/2018_ilham_aliyev_05-1-1024x768.jpg",640,480,true],"1536x1536":["https:\/\/arantv.az\/wp-content\/uploads\/2019\/04\/2018_ilham_aliyev_05-1.jpg",1200,900,false],"2048x2048":["https:\/\/arantv.az\/wp-content\/uploads\/2019\/04\/2018_ilham_aliyev_05-1.jpg",1200,900,false],"post-thumbnail":["https:\/\/arantv.az\/wp-content\/uploads\/2019\/04\/2018_ilham_aliyev_05-1-240x172.jpg",240,172,true],"advps-thumb-one":["https:\/\/arantv.az\/wp-content\/uploads\/2019\/04\/2018_ilham_aliyev_05-1-1200x620.jpg",1200,620,true]},"rttpg_author":{"display_name":"V\u00fcsal Rafiqo\u011flu","author_link":"https:\/\/arantv.az\/?author=2"},"rttpg_comment":0,"rttpg_category":"<a href=\"https:\/\/arantv.az\/?cat=4\" rel=\"category\">Siyas\u0259t<\/a>","rttpg_excerpt":"Az\u0259rbaycan Respublikas\u0131n\u0131n Prezidenti \u0130lham \u018fliyev \u00f6z\u00fcn\u00fcn &#8220;Facebook&#8221; s\u0259hif\u0259sind\u0259 Aprel q\u0259l\u0259b\u0259sinin \u00fc\u00e7\u00fcnc\u00fc ild\u00f6n\u00fcm\u00fc m\u00fcnasib\u0259til\u0259 video\u00e7arx payla\u015f\u0131b. ARANTV.AZ\u00a0\u00a0Trend-\u0259 istinad\u0259n bildirir ki, video\u00e7arx &#8220;Q\u0259hr\u0259manlar\u0131m\u0131zla f\u0259xr edirik!&#8221; s\u00f6zl\u0259ri il\u0259 payla\u015f\u0131l\u0131b. Qeyd ed\u0259k ki, bu g\u00fcn Az\u0259rbaycan Ordusunun aprel q\u0259l\u0259b\u0259l\u0259rind\u0259n 3 il \u00f6t\u00fcr. Erm\u0259nistan silahl\u0131 q\u00fcvv\u0259l\u0259ri il\u0259 d\u00f6rdg\u00fcnl\u00fck d\u00f6y\u00fc\u015fl\u0259r zaman\u0131 Az\u0259rbaycan Silahl\u0131 Q\u00fcvv\u0259l\u0259rinin birl\u0259\u015fm\u0259l\u0259ri Goranboy rayonuna v\u0259 Naftalan \u015f\u0259h\u0259rin\u0259 t\u0259hl\u00fck\u0259&hellip;","_links":{"self":[{"href":"https:\/\/arantv.az\/index.php?rest_route=\/wp\/v2\/posts\/48679"}],"collection":[{"href":"https:\/\/arantv.az\/index.php?rest_route=\/wp\/v2\/posts"}],"about":[{"href":"https:\/\/arantv.az\/index.php?rest_route=\/wp\/v2\/types\/post"}],"author":[{"embeddable":true,"href":"https:\/\/arantv.az\/index.php?rest_route=\/wp\/v2\/users\/2"}],"replies":[{"embeddable":true,"href":"https:\/\/arantv.az\/index.php?rest_route=%2Fwp%2Fv2%2Fcomments&post=48679"}],"version-history":[{"count":0,"href":"https:\/\/arantv.az\/index.php?rest_route=\/wp\/v2\/posts\/48679\/revisions"}],"wp:featuredmedia":[{"embeddable":true,"href":"https:\/\/arantv.az\/index.php?rest_route=\/wp\/v2\/media\/48680"}],"wp:attachment":[{"href":"https:\/\/arantv.az\/index.php?rest_route=%2Fwp%2Fv2%2Fmedia&parent=48679"}],"wp:term":[{"taxonomy":"category","embeddable":true,"href":"https:\/\/arantv.az\/index.php?rest_route=%2Fwp%2Fv2%2Fcategories&post=48679"},{"taxonomy":"post_tag","embeddable":true,"href":"https:\/\/arantv.az\/index.php?rest_route=%2Fwp%2Fv2%2Ftags&post=48679"}],"curies":[{"name":"wp","href":"https:\/\/api.w.org\/{rel}","templated":true}]}}