{"id":48686,"date":"2019-04-02T10:41:58","date_gmt":"2019-04-02T07:41:58","guid":{"rendered":"http:\/\/arantv.az\/?p=48686"},"modified":"2019-04-02T10:41:58","modified_gmt":"2019-04-02T07:41:58","slug":"aprel-doyusl%c9%99ri-bir-daha-subut-etdi-ki-az%c9%99rbaycan-tarixi-torpaqlarinin-bir-qarisini-da-guz%c9%99st%c9%99-getm%c9%99y%c9%99c%c9%99k","status":"publish","type":"post","link":"https:\/\/arantv.az\/?p=48686","title":{"rendered":"&#8220;Aprel d\u00f6y\u00fc\u015fl\u0259ri bir daha s\u00fcbut etdi ki, Az\u0259rbaycan tarixi torpaqlar\u0131n\u0131n bir qar\u0131\u015f\u0131n\u0131 da g\u00fcz\u0259\u015ft\u0259 getm\u0259y\u0259c\u0259k&#8221;"},"content":{"rendered":"<blockquote><p><em><strong>Aprel d\u00f6y\u00fc\u015fl\u0259ri bir daha s\u00fcbut etdi ki, Az\u0259rbaycan tarixi torpaqlar\u0131n\u0131n bir qar\u0131\u015f\u0131n\u0131 da g\u00fcz\u0259\u015ft\u0259 getm\u0259y\u0259c\u0259k.<\/strong><\/em><\/p><\/blockquote>\n<p><strong>ARANTV.AZ<\/strong> x\u0259b\u0259r verir ki, bunu\u00a0<span style=\"color: #000000;\"><a style=\"color: #000000;\" href=\"https:\/\/az.trend.az\/\" target=\"_blank\" rel=\"noopener\">Trend<\/a><\/span>-\u0259 a\u00e7\u0131qlamas\u0131nda Milli M\u0259clisin deputat\u0131 Xanlar F\u0259tiyev deyib.<\/p>\n<p>Mill\u0259t v\u0259kili bildirib ki, Az\u0259rbaycan son 15 ild\u0259 bir \u00e7ox sah\u0259l\u0259rd\u0259 oldu\u011fu kimi, h\u0259rbi sah\u0259d\u0259 d\u0259 b\u00f6y\u00fck nailiyy\u0259tl\u0259r qazan\u0131b. Bu g\u00fcn Az\u0259rbaycan\u0131n m\u00fcasir silahlar v\u0259 texnika il\u0259 t\u0259chiz olunmu\u015f ordusu var v\u0259 ordu quruculu\u011fu prosesi t\u0259kc\u0259 maddi-texniki t\u0259minatla m\u0259hdudla\u015fm\u0131r. \u018fsg\u0259r-zabit hey\u0259tinin m\u0259n\u0259vi-psixoloji durumu, d\u00f6y\u00fc\u015f qabiliyy\u0259ti \u00e7ox y\u00fcks\u0259k s\u0259viyy\u0259d\u0259dir:<\/p>\n<p>&#8220;2016-c\u0131 il aprel d\u00f6y\u00fc\u015fl\u0259rind\u0259 Az\u0259rbaycan Ordusu b\u00fct\u00fcn d\u00fcnyaya s\u00fcbut etdi ki, Ali Ba\u015f Komandan\u0131n \u0259mri il\u0259 tez bir zamanda i\u015f\u011fal olunmu\u015f torpaqlar\u0131 azad etm\u0259y\u0259 qadirdir. Bunu i\u015f\u011fal\u00e7\u0131 d\u00f6vl\u0259tin r\u0259hb\u0259rl\u0259ri d\u0259 \u00e7ox yax\u015f\u0131 d\u0259rk edir. Az\u0259rbaycan\u0131n iqtisad\u0131 g\u00fcc\u00fc v\u0259 potensial\u0131, g\u00fcnd\u0259n-g\u00fcn\u0259 inki\u015faf etm\u0259si, Prezident \u0130lham \u018fliyevin v\u0259 \u00f6lk\u0259mizin d\u00fcnya liderl\u0259ri aras\u0131nda b\u00f6y\u00fck n\u00fcfuza sahib olmas\u0131 Erm\u0259nistan r\u0259hb\u0259rliyini yenid\u0259n substantiv dan\u0131\u015f\u0131qlar\u0131n apar\u0131lmas\u0131 \u00fc\u00e7\u00fcn dan\u0131\u015f\u0131qlar masas\u0131na oturma\u011fa m\u0259cbur etdi&#8221;.<\/p>\n<p>Mart\u0131n 29-da Az\u0259rbaycan v\u0259 Erm\u0259nistan liderl\u0259rinin g\u00f6r\u00fc\u015f\u00fcn\u0259 toxunan X.F\u0259tiyev qeyd edib ki, Prezident \u0130lham \u018fliyev Vyana g\u00f6r\u00fc\u015f\u00fcnd\u0259 bir daha Az\u0259rbaycan\u0131n d\u00f6nm\u0259z irad\u0259sini ortaya qoydu:<\/p>\n<p>&#8220;D\u00f6vl\u0259timizn ba\u015f\u00e7\u0131s\u0131 bildirdi ki, dan\u0131\u015f\u0131qlar\u0131n prosesinin format\u0131 d\u0259yi\u015fm\u0259z qalacaq v\u0259 dan\u0131\u015f\u0131qlar yaln\u0131z Erm\u0259nistanla Az\u0259rbaycan aras\u0131nda apar\u0131la bil\u0259r. Hesab edir\u0259m ki, bu g\u00f6r\u00fc\u015f Da\u011fl\u0131q Qaraba\u011f m\u00fcnaqi\u015f\u0259sinin nizamlanmas\u0131 prosesind\u0259 yaranm\u0131\u015f sakitliyi pozdu, uzun m\u00fcdd\u0259tdir dan\u0131\u015f\u0131qlar prosesi istiqam\u0259tind\u0259 m\u00fc\u015fahid\u0259 olunan fasil\u0259ni aradan qald\u0131rd\u0131. 2016-c\u0131 il aprel d\u00f6y\u00fc\u015fl\u0259rind\u0259n sonra ikit\u0259r\u0259fli dan\u0131\u015f\u0131qlar\u0131n apar\u0131lmas\u0131na m\u00fcxt\u0259lif b\u0259han\u0259l\u0259rl\u0259 mane olma\u011fa \u00e7al\u0131\u015fan Erm\u0259nistan hakimiyy\u0259ti Prezident \u0130lham \u018fliyevin \u00e7ox u\u011furlu diplomatik f\u0259aliyy\u0259ti say\u0259sind\u0259 qeyd-\u015f\u0259rtsiz dan\u0131\u015f\u0131qlar masas\u0131na qay\u0131tma\u011fa m\u0259cbur oldu&#8221;.<\/p>\n<p>Deputat vur\u011fulay\u0131b ki, Prezident \u0130lham \u018fliyevin q\u0259tiyy\u0259tli m\u00f6vqeyi v\u0259 u\u011furlu siyas\u0259ti Az\u0259rbaycan\u0131n q\u0259l\u0259b\u0259si il\u0259 n\u0259tic\u0259l\u0259n\u0259c\u0259k:<\/p>\n<p>&#8220;BMT-nin T\u0259hl\u00fck\u0259sizlik \u015euras\u0131 Erm\u0259nistan-Az\u0259rbaycan, Da\u011fl\u0131q Qaraba\u011f m\u00fcnaqi\u015f\u0259si il\u0259 \u0259laq\u0259dar 822 (1993), 853 (1993), 854 (1993) v\u0259 884 (1993) sayl\u0131 q\u0259tnam\u0259l\u0259ri q\u0259bul ed\u0259r\u0259k Az\u0259rbaycan \u0259razil\u0259rinin i\u015f\u011fal\u0131n\u0131 pisl\u0259yib, Az\u0259rbaycan\u0131n \u0259razi b\u00fct\u00f6vl\u00fcy\u00fc, suverenliyi v\u0259 s\u0259rh\u0259dl\u0259rinin toxunulmazl\u0131\u011f\u0131n\u0131 t\u0259sdiq edib v\u0259 i\u015f\u011fal\u00e7\u0131 q\u00fcvv\u0259l\u0259rin \u0259razil\u0259rimizd\u0259n d\u0259rhal, tam v\u0259 qeyd-\u015f\u0259rtsiz \u00e7\u0131xar\u0131lmas\u0131n\u0131 t\u0259l\u0259b edib. Art\u0131q b\u00fct\u00fcn d\u00fcnya bilir ki, Az\u0259rbaycan tarixi torpaqlar\u0131n\u0131n bir qar\u0131\u015f\u0131n\u0131 da g\u00fcz\u0259\u015ft\u0259 getm\u0259y\u0259c\u0259k. Bunu aprel d\u00f6y\u00fc\u015fl\u0259ri d\u0259 bir daha s\u00fcbut etdi&#8221;.<\/p>\n","protected":false},"excerpt":{"rendered":"<p>Aprel d\u00f6y\u00fc\u015fl\u0259ri bir daha s\u00fcbut etdi ki, Az\u0259rbaycan tarixi torpaqlar\u0131n\u0131n bir qar\u0131\u015f\u0131n\u0131 da g\u00fcz\u0259\u015ft\u0259 getm\u0259y\u0259c\u0259k. ARANTV.AZ x\u0259b\u0259r verir ki, bunu\u00a0Trend-\u0259 a\u00e7\u0131qlamas\u0131nda Milli M\u0259clisin deputat\u0131 Xanlar F\u0259tiyev deyib. Mill\u0259t v\u0259kili bildirib ki, Az\u0259rbaycan son 15 ild\u0259 bir \u00e7ox sah\u0259l\u0259rd\u0259 oldu\u011fu kimi, h\u0259rbi sah\u0259d\u0259 d\u0259 b\u00f6y\u00fck nailiyy\u0259tl\u0259r qazan\u0131b. Bu g\u00fcn Az\u0259rbaycan\u0131n m\u00fcasir silahlar v\u0259 texnika il\u0259 t\u0259chiz olunmu\u015f ordusu var v\u0259 ordu quruculu\u011fu prosesi t\u0259kc\u0259 maddi-texniki t\u0259minatla m\u0259hdudla\u015fm\u0131r. \u018fsg\u0259r-zabit hey\u0259tinin m\u0259n\u0259vi-psixoloji durumu, d\u00f6y\u00fc\u015f qabiliyy\u0259ti \u00e7ox y\u00fcks\u0259k s\u0259viyy\u0259d\u0259dir: &#8220;2016-c\u0131 il aprel d\u00f6y\u00fc\u015fl\u0259rind\u0259 Az\u0259rbaycan Ordusu b\u00fct\u00fcn d\u00fcnyaya s\u00fcbut etdi ki, Ali Ba\u015f Komandan\u0131n \u0259mri&hellip;<\/p>\n","protected":false},"author":2,"featured_media":48687,"comment_status":"closed","ping_status":"closed","sticky":false,"template":"","format":"standard","meta":{"om_disable_all_campaigns":false,"_monsterinsights_skip_tracking":false,"_monsterinsights_sitenote_active":false,"_monsterinsights_sitenote_note":"","_monsterinsights_sitenote_category":0},"categories":[4],"tags":[],"aioseo_notices":[],"gutentor_comment":0,"rttpg_featured_image_url":{"full":["https:\/\/arantv.az\/wp-content\/uploads\/2019\/04\/743510.jpg",800,600,false],"landscape":["https:\/\/arantv.az\/wp-content\/uploads\/2019\/04\/743510.jpg",800,600,false],"portraits":["https:\/\/arantv.az\/wp-content\/uploads\/2019\/04\/743510.jpg",800,600,false],"thumbnail":["https:\/\/arantv.az\/wp-content\/uploads\/2019\/04\/743510-150x150.jpg",150,150,true],"medium":["https:\/\/arantv.az\/wp-content\/uploads\/2019\/04\/743510-300x225.jpg",300,225,true],"large":["https:\/\/arantv.az\/wp-content\/uploads\/2019\/04\/743510.jpg",640,480,false],"1536x1536":["https:\/\/arantv.az\/wp-content\/uploads\/2019\/04\/743510.jpg",800,600,false],"2048x2048":["https:\/\/arantv.az\/wp-content\/uploads\/2019\/04\/743510.jpg",800,600,false],"post-thumbnail":["https:\/\/arantv.az\/wp-content\/uploads\/2019\/04\/743510-240x172.jpg",240,172,true],"advps-thumb-one":["https:\/\/arantv.az\/wp-content\/uploads\/2019\/04\/743510.jpg",800,600,false]},"rttpg_author":{"display_name":"V\u00fcsal Rafiqo\u011flu","author_link":"https:\/\/arantv.az\/?author=2"},"rttpg_comment":0,"rttpg_category":"<a href=\"https:\/\/arantv.az\/?cat=4\" rel=\"category\">Siyas\u0259t<\/a>","rttpg_excerpt":"Aprel d\u00f6y\u00fc\u015fl\u0259ri bir daha s\u00fcbut etdi ki, Az\u0259rbaycan tarixi torpaqlar\u0131n\u0131n bir qar\u0131\u015f\u0131n\u0131 da g\u00fcz\u0259\u015ft\u0259 getm\u0259y\u0259c\u0259k. ARANTV.AZ x\u0259b\u0259r verir ki, bunu\u00a0Trend-\u0259 a\u00e7\u0131qlamas\u0131nda Milli M\u0259clisin deputat\u0131 Xanlar F\u0259tiyev deyib. Mill\u0259t v\u0259kili bildirib ki, Az\u0259rbaycan son 15 ild\u0259 bir \u00e7ox sah\u0259l\u0259rd\u0259 oldu\u011fu kimi, h\u0259rbi sah\u0259d\u0259 d\u0259 b\u00f6y\u00fck nailiyy\u0259tl\u0259r qazan\u0131b. Bu g\u00fcn Az\u0259rbaycan\u0131n m\u00fcasir silahlar v\u0259 texnika il\u0259 t\u0259chiz&hellip;","_links":{"self":[{"href":"https:\/\/arantv.az\/index.php?rest_route=\/wp\/v2\/posts\/48686"}],"collection":[{"href":"https:\/\/arantv.az\/index.php?rest_route=\/wp\/v2\/posts"}],"about":[{"href":"https:\/\/arantv.az\/index.php?rest_route=\/wp\/v2\/types\/post"}],"author":[{"embeddable":true,"href":"https:\/\/arantv.az\/index.php?rest_route=\/wp\/v2\/users\/2"}],"replies":[{"embeddable":true,"href":"https:\/\/arantv.az\/index.php?rest_route=%2Fwp%2Fv2%2Fcomments&post=48686"}],"version-history":[{"count":0,"href":"https:\/\/arantv.az\/index.php?rest_route=\/wp\/v2\/posts\/48686\/revisions"}],"wp:featuredmedia":[{"embeddable":true,"href":"https:\/\/arantv.az\/index.php?rest_route=\/wp\/v2\/media\/48687"}],"wp:attachment":[{"href":"https:\/\/arantv.az\/index.php?rest_route=%2Fwp%2Fv2%2Fmedia&parent=48686"}],"wp:term":[{"taxonomy":"category","embeddable":true,"href":"https:\/\/arantv.az\/index.php?rest_route=%2Fwp%2Fv2%2Fcategories&post=48686"},{"taxonomy":"post_tag","embeddable":true,"href":"https:\/\/arantv.az\/index.php?rest_route=%2Fwp%2Fv2%2Ftags&post=48686"}],"curies":[{"name":"wp","href":"https:\/\/api.w.org\/{rel}","templated":true}]}}