{"id":48692,"date":"2019-04-02T10:45:50","date_gmt":"2019-04-02T07:45:50","guid":{"rendered":"http:\/\/arantv.az\/?p=48692"},"modified":"2019-04-02T10:45:50","modified_gmt":"2019-04-02T07:45:50","slug":"diqlasda-mallari-yanan-sahibkarlara-ayrilan-v%c9%99sait-nec%c9%99-veril%c9%99c%c9%99k","status":"publish","type":"post","link":"https:\/\/arantv.az\/?p=48692","title":{"rendered":"\u201cDiqlas\u201dda mallar\u0131 yanan sahibkarlara ayr\u0131lan v\u0259sait nec\u0259 veril\u0259c\u0259k?"},"content":{"rendered":"<p>\u201cDiqlas\u201d Ticar\u0259t M\u0259rk\u0259zind\u0259 mallar\u0131 yanan sahibkarlara ayr\u0131lan v\u0259saitin verilm\u0259si qaydas\u0131 haz\u0131rd\u0131r. Haz\u0131rda qaydalar t\u0259sdiql\u0259nm\u0259 prosesind\u0259dir v\u0259 bu g\u00fcnl\u0259rd\u0259 a\u00e7\u0131qlanacaq.<\/p>\n<p><b>ARANTV.AZ\u00a0<\/b> x\u0259b\u0259r verir ki, iqtisadiyyat nazirinin birinci m\u00fcavini Sahib M\u0259mm\u0259dovun s\u00f6zl\u0259rin\u0259 g\u00f6r\u0259, sahibkarlarla g\u00f6r\u00fc\u015f mart\u0131n 31-d\u0259 yekunla\u015f\u0131b.<\/p>\n<p>N\u0259tic\u0259d\u0259, bu hadis\u0259 il\u0259 ba\u011fl\u0131 441 sahibkarla f\u0259rdi qaydada g\u00f6r\u00fc\u015f ke\u00e7irilib v\u0259 onlar z\u0259r\u0259r\u00e7\u0259k\u0259n kimi tan\u0131n\u0131b.<\/p>\n<div id=\"AdributorNativeVideo0\" class=\"AdributorNativeVideo\"><\/div>\n<p>Xat\u0131rladaq ki, sahibkarlar \u00fc\u00e7\u00fcn prezidentin ehtiyat fondundan \u00fc\u00e7 milyon manat v\u0259sait ayr\u0131l\u0131b.<\/p>\n<p>Z\u0259r\u0259r\u00e7\u0259k\u0259nl\u0259r\u0259 d\u0259y\u0259n ziyan\u0131n \u00f6d\u0259nilm\u0259sind\u0259 \u201cDiqlas\u201d\u0131n sahibl\u0259rinin i\u015ftirak\u0131na g\u0259linc\u0259, nazir m\u00fcavini bu suala cavab verm\u0259k ist\u0259m\u0259diyini bildirib.oxu.az<\/p>\n","protected":false},"excerpt":{"rendered":"<p>\u201cDiqlas\u201d Ticar\u0259t M\u0259rk\u0259zind\u0259 mallar\u0131 yanan sahibkarlara ayr\u0131lan v\u0259saitin verilm\u0259si qaydas\u0131 haz\u0131rd\u0131r. Haz\u0131rda qaydalar t\u0259sdiql\u0259nm\u0259 prosesind\u0259dir v\u0259 bu g\u00fcnl\u0259rd\u0259 a\u00e7\u0131qlanacaq. ARANTV.AZ\u00a0 x\u0259b\u0259r verir ki, iqtisadiyyat nazirinin birinci m\u00fcavini Sahib M\u0259mm\u0259dovun s\u00f6zl\u0259rin\u0259 g\u00f6r\u0259, sahibkarlarla g\u00f6r\u00fc\u015f mart\u0131n 31-d\u0259 yekunla\u015f\u0131b. N\u0259tic\u0259d\u0259, bu hadis\u0259 il\u0259 ba\u011fl\u0131 441 sahibkarla f\u0259rdi qaydada g\u00f6r\u00fc\u015f ke\u00e7irilib v\u0259 onlar z\u0259r\u0259r\u00e7\u0259k\u0259n kimi tan\u0131n\u0131b. Xat\u0131rladaq ki, sahibkarlar \u00fc\u00e7\u00fcn prezidentin ehtiyat fondundan \u00fc\u00e7 milyon manat v\u0259sait ayr\u0131l\u0131b. Z\u0259r\u0259r\u00e7\u0259k\u0259nl\u0259r\u0259 d\u0259y\u0259n ziyan\u0131n \u00f6d\u0259nilm\u0259sind\u0259 \u201cDiqlas\u201d\u0131n sahibl\u0259rinin i\u015ftirak\u0131na g\u0259linc\u0259, nazir m\u00fcavini bu suala cavab verm\u0259k ist\u0259m\u0259diyini bildirib.oxu.az<\/p>\n","protected":false},"author":2,"featured_media":48693,"comment_status":"closed","ping_status":"closed","sticky":false,"template":"","format":"standard","meta":{"om_disable_all_campaigns":false,"_monsterinsights_skip_tracking":false,"_monsterinsights_sitenote_active":false,"_monsterinsights_sitenote_note":"","_monsterinsights_sitenote_category":0},"categories":[19],"tags":[],"aioseo_notices":[],"gutentor_comment":0,"rttpg_featured_image_url":{"full":["https:\/\/arantv.az\/wp-content\/uploads\/2019\/04\/53847859_2711179675576055_1511584156092465152_o.jpg",620,413,false],"landscape":["https:\/\/arantv.az\/wp-content\/uploads\/2019\/04\/53847859_2711179675576055_1511584156092465152_o.jpg",620,413,false],"portraits":["https:\/\/arantv.az\/wp-content\/uploads\/2019\/04\/53847859_2711179675576055_1511584156092465152_o.jpg",620,413,false],"thumbnail":["https:\/\/arantv.az\/wp-content\/uploads\/2019\/04\/53847859_2711179675576055_1511584156092465152_o-150x150.jpg",150,150,true],"medium":["https:\/\/arantv.az\/wp-content\/uploads\/2019\/04\/53847859_2711179675576055_1511584156092465152_o-300x200.jpg",300,200,true],"large":["https:\/\/arantv.az\/wp-content\/uploads\/2019\/04\/53847859_2711179675576055_1511584156092465152_o.jpg",620,413,false],"1536x1536":["https:\/\/arantv.az\/wp-content\/uploads\/2019\/04\/53847859_2711179675576055_1511584156092465152_o.jpg",620,413,false],"2048x2048":["https:\/\/arantv.az\/wp-content\/uploads\/2019\/04\/53847859_2711179675576055_1511584156092465152_o.jpg",620,413,false],"post-thumbnail":["https:\/\/arantv.az\/wp-content\/uploads\/2019\/04\/53847859_2711179675576055_1511584156092465152_o-240x172.jpg",240,172,true],"advps-thumb-one":["https:\/\/arantv.az\/wp-content\/uploads\/2019\/04\/53847859_2711179675576055_1511584156092465152_o.jpg",620,413,false]},"rttpg_author":{"display_name":"V\u00fcsal Rafiqo\u011flu","author_link":"https:\/\/arantv.az\/?author=2"},"rttpg_comment":0,"rttpg_category":"<a href=\"https:\/\/arantv.az\/?cat=19\" rel=\"category\">G\u00fcnd\u0259m<\/a>","rttpg_excerpt":"\u201cDiqlas\u201d Ticar\u0259t M\u0259rk\u0259zind\u0259 mallar\u0131 yanan sahibkarlara ayr\u0131lan v\u0259saitin verilm\u0259si qaydas\u0131 haz\u0131rd\u0131r. Haz\u0131rda qaydalar t\u0259sdiql\u0259nm\u0259 prosesind\u0259dir v\u0259 bu g\u00fcnl\u0259rd\u0259 a\u00e7\u0131qlanacaq. ARANTV.AZ\u00a0 x\u0259b\u0259r verir ki, iqtisadiyyat nazirinin birinci m\u00fcavini Sahib M\u0259mm\u0259dovun s\u00f6zl\u0259rin\u0259 g\u00f6r\u0259, sahibkarlarla g\u00f6r\u00fc\u015f mart\u0131n 31-d\u0259 yekunla\u015f\u0131b. N\u0259tic\u0259d\u0259, bu hadis\u0259 il\u0259 ba\u011fl\u0131 441 sahibkarla f\u0259rdi qaydada g\u00f6r\u00fc\u015f ke\u00e7irilib v\u0259 onlar z\u0259r\u0259r\u00e7\u0259k\u0259n kimi tan\u0131n\u0131b. Xat\u0131rladaq ki, sahibkarlar&hellip;","_links":{"self":[{"href":"https:\/\/arantv.az\/index.php?rest_route=\/wp\/v2\/posts\/48692"}],"collection":[{"href":"https:\/\/arantv.az\/index.php?rest_route=\/wp\/v2\/posts"}],"about":[{"href":"https:\/\/arantv.az\/index.php?rest_route=\/wp\/v2\/types\/post"}],"author":[{"embeddable":true,"href":"https:\/\/arantv.az\/index.php?rest_route=\/wp\/v2\/users\/2"}],"replies":[{"embeddable":true,"href":"https:\/\/arantv.az\/index.php?rest_route=%2Fwp%2Fv2%2Fcomments&post=48692"}],"version-history":[{"count":0,"href":"https:\/\/arantv.az\/index.php?rest_route=\/wp\/v2\/posts\/48692\/revisions"}],"wp:featuredmedia":[{"embeddable":true,"href":"https:\/\/arantv.az\/index.php?rest_route=\/wp\/v2\/media\/48693"}],"wp:attachment":[{"href":"https:\/\/arantv.az\/index.php?rest_route=%2Fwp%2Fv2%2Fmedia&parent=48692"}],"wp:term":[{"taxonomy":"category","embeddable":true,"href":"https:\/\/arantv.az\/index.php?rest_route=%2Fwp%2Fv2%2Fcategories&post=48692"},{"taxonomy":"post_tag","embeddable":true,"href":"https:\/\/arantv.az\/index.php?rest_route=%2Fwp%2Fv2%2Ftags&post=48692"}],"curies":[{"name":"wp","href":"https:\/\/api.w.org\/{rel}","templated":true}]}}