{"id":48736,"date":"2019-04-02T11:36:24","date_gmt":"2019-04-02T08:36:24","guid":{"rendered":"http:\/\/arantv.az\/?p=48736"},"modified":"2019-04-02T11:36:24","modified_gmt":"2019-04-02T08:36:24","slug":"b%c9%99rd%c9%99d%c9%99-31-mart-az%c9%99rbaycanlilarin-soyqirimi-gunun%c9%99-h%c9%99sr-edilmis-t%c9%99dbir-kecirilmisdir","status":"publish","type":"post","link":"https:\/\/arantv.az\/?p=48736","title":{"rendered":"B\u0259rd\u0259d\u0259 31 Mart &#8211; Az\u0259rbaycanl\u0131lar\u0131n Soyq\u0131r\u0131m\u0131 G\u00fcn\u00fcn\u0259 h\u0259sr edilmi\u015f t\u0259dbir ke\u00e7irilmi\u015fdir."},"content":{"rendered":"<h3><strong>ARANTV.AZ<\/strong> x\u0259b\u0259r verir ki,\u00a0 Heyd\u0259r \u018fliyev M\u0259rk\u0259zind\u0259 ke\u00e7iril\u0259n\u00a0 t\u0259dbird\u0259\u00a0 rayon \u0130cra Hakimiyy\u0259tinin ba\u015f\u00e7\u0131s\u0131\u00a0\u00a0 aparat\u0131n\u0131n,\u00a0 Yeni Az\u0259rbaycan Partiyas\u0131 rayon t\u0259\u015fkilat\u0131n\u0131n, idar\u0259, m\u00fc\u0259ssis\u0259, t\u0259\u015fkilat\u0131n\u0131n m\u0259sul i\u015f\u00e7il\u0259ri v\u0259 f\u0259allar\u0131,\u00a0 gizir, zabit, Qaraba\u011f m\u00fcharib\u0259si veteranlar\u0131 v\u0259 ictimaiyy\u0259t n\u00fcmay\u0259nd\u0259l\u0259ri i\u015ftirak etmi\u015fl\u0259r.<br \/>\nT\u0259dbird\u0259 Soyq\u0131r\u0131m\u0131 qurbanlar\u0131n\u0131n v\u0259\u00a0 torpaqlar\u0131m\u0131z u\u011frunda h\u0259lak olmu\u015f \u015f\u0259hidl\u0259rimizin\u00a0\u00a0 xatir\u0259si bir d\u0259qiq\u0259lik s\u00fckutla yad edilmi\u015fdir.<br \/>\nT\u0259dbir 31 mart Soyq\u0131r\u0131m\u0131 qurbanalr\u0131na h\u0259sr edilmi\u015f video \u00e7arx\u0131n n\u00fcmayi\u015fi il\u0259 ba\u015flan\u0131lm\u0131\u015fd\u0131r.<br \/>\nT\u0259dbird\u0259 rayon \u0130cra Hakimiyy\u0259tinin ba\u015f\u00e7\u0131s\u0131n\u0131n m\u00fcavini, YAP rayon t\u0259\u015fkilat\u0131n\u0131n s\u0259dri F\u0259q\u0259t \u015eadlinskaya geni\u015f m\u0259ruz\u0259 etmi\u015fdir. Bildirmi\u015fdir ki,\u00a0\u00a0\u00a0 az\u0259rbaycanl\u0131lara qar\u015f\u0131 m\u0259qs\u0259dy\u00f6nl\u00fc \u015f\u0259kild\u0259 h\u0259yata ke\u00e7irilmi\u015f erm\u0259nil\u0259rin\u00a0\u00a0 soyq\u0131r\u0131m\u0131 siyas\u0259ti n\u0259tic\u0259sind\u0259 xalq\u0131m\u0131z a\u011f\u0131r m\u0259hrumiyy\u0259tl\u0259r\u0259 v\u0259 m\u0259\u015f\u0259qq\u0259tl\u0259r\u0259, k\u00fctl\u0259vi q\u0259tl v\u0259 q\u0131r\u011f\u0131nlara m\u0259ruz qalm\u0131\u015fd\u0131r.\u00a0\u00a0 Az\u0259rbaycanl\u0131lar min ill\u0259r boyu ya\u015fad\u0131qlar\u0131 tarixi\u00a0 d\u0259d\u0259-baba torpaqlar\u0131ndan did\u0259rgin sal\u0131nm\u0131\u015f, indi Erm\u0259nistan adland\u0131r\u0131lan h\u0259min torpaqlarda\u00a0\u00a0 xalq\u0131m\u0131za m\u0259xsus minl\u0259rl\u0259 tarixi m\u0259d\u0259ni abid\u0259 v\u0259 ya\u015fay\u0131\u015f m\u0259sk\u0259ni da\u011f\u0131d\u0131l\u0131b viran edilmi\u015fdir. Yaln\u0131z ulu \u00f6nd\u0259r Heyd\u0259r \u018fliyevin F\u0259rman\u0131 il\u0259 1918 \u2013ci il mart q\u0131r\u011f\u0131nlar\u0131na h\u00fcquqi- siyasi qiym\u0259t verilmi\u015f v\u0259 bunun \u0259sas\u0131nda b\u00fct\u00fcn d\u00fcnya az\u0259rbaycanl\u0131lar\u0131 t\u0259r\u0259find\u0259n\u00a0\u00a0 h\u0259min tarixi g\u00fcn\u00a0 az\u0259rbaycanl\u0131lar\u0131n soyq\u0131r\u0131m\u0131 g\u00fcn\u00fc olaraq d\u0259rin k\u0259d\u0259r v\u0259 h\u00fcznl\u0259 qeyd olunur.<br \/>\nT\u0259dbird\u0259 1948-51-ci ill\u0259rd\u0259 erm\u0259nil\u0259r t\u0259r\u0259find\u0259n Q\u0259rbi Az\u0259rbaycan\u0131n Vedibasar rayonundan deportasiya olunmu\u015f, haz\u0131rda\u00a0 H\u0259s\u0259nqaya\u00a0 k\u0259nd sakini Qurban Qas\u0131mov,\u00a0\u00a0\u00a0 ail\u0259si 1948-53 \u2013c\u00fc ill\u0259rd\u0259 Q\u0259rbi Az\u0259rbaycandan deportasiya olunmu\u015f\u00a0 Aq\u015fin Hac\u0131zad\u0259, Telman H\u00fcseynov, Qaraba\u011f m\u00fcharib\u0259si veteran\u0131 G\u0259ray \u018fs\u0259dov \u00e7\u0131x\u0131\u015f ed\u0259r\u0259k\u00a0 erm\u0259nil\u0259r t\u0259r\u0259find\u0259n t\u00f6r\u0259dilmi\u015f az\u0259rbaycanl\u0131lar\u0131n soyq\u0131r\u0131m\u0131\u00a0 il\u0259 ba\u011fl\u0131 m\u00fc\u0259yy\u0259n tarixi faktlar \u0259sas\u0131nda dan\u0131\u015fm\u0131\u015f,\u00a0 apar\u0131lan u\u011furlu daxili v\u0259 xarici siyas\u0259t\u0259 g\u00f6r\u0259 \u00f6lk\u0259 Prezidenti, Ali Ba\u015f Komandan c\u0259nab \u0130lham \u018fliyev\u0259 d\u0259rin minnn\u0259tdarl\u0131qlar\u0131n\u0131 bildirmi\u015fl\u0259r.<\/h3>\n<p><img loading=\"lazy\" class=\"alignnone size-medium wp-image-48737\" src=\"https:\/\/arantv.az\/wp-content\/uploads\/2019\/04\/eb9e66d8af49324612de80d6ff790ceb-300x199.jpg\" alt=\"\" width=\"300\" height=\"199\" \/><img loading=\"lazy\" class=\"alignnone size-medium wp-image-48738\" src=\"https:\/\/arantv.az\/wp-content\/uploads\/2019\/04\/74c0f32a818ffb21aa33cd7ec63d02c4-300x199.jpg\" alt=\"\" width=\"300\" height=\"199\" \/><img loading=\"lazy\" class=\"alignnone size-medium wp-image-48739\" src=\"https:\/\/arantv.az\/wp-content\/uploads\/2019\/04\/2d6ebb32809b31f0715e3b5e517d159d-300x199.jpg\" alt=\"\" width=\"300\" height=\"199\" \/><img loading=\"lazy\" class=\"alignnone size-medium wp-image-48740\" src=\"https:\/\/arantv.az\/wp-content\/uploads\/2019\/04\/DSC1350-300x199.jpg\" alt=\"\" width=\"300\" height=\"199\" \/><\/p>\n","protected":false},"excerpt":{"rendered":"<p>ARANTV.AZ x\u0259b\u0259r verir ki,\u00a0 Heyd\u0259r \u018fliyev M\u0259rk\u0259zind\u0259 ke\u00e7iril\u0259n\u00a0 t\u0259dbird\u0259\u00a0 rayon \u0130cra Hakimiyy\u0259tinin ba\u015f\u00e7\u0131s\u0131\u00a0\u00a0 aparat\u0131n\u0131n,\u00a0 Yeni Az\u0259rbaycan Partiyas\u0131 rayon t\u0259\u015fkilat\u0131n\u0131n, idar\u0259, m\u00fc\u0259ssis\u0259, t\u0259\u015fkilat\u0131n\u0131n m\u0259sul i\u015f\u00e7il\u0259ri v\u0259 f\u0259allar\u0131,\u00a0 gizir, zabit, Qaraba\u011f m\u00fcharib\u0259si veteranlar\u0131 v\u0259 ictimaiyy\u0259t n\u00fcmay\u0259nd\u0259l\u0259ri i\u015ftirak etmi\u015fl\u0259r. T\u0259dbird\u0259 Soyq\u0131r\u0131m\u0131 qurbanlar\u0131n\u0131n v\u0259\u00a0 torpaqlar\u0131m\u0131z u\u011frunda h\u0259lak olmu\u015f \u015f\u0259hidl\u0259rimizin\u00a0\u00a0 xatir\u0259si bir d\u0259qiq\u0259lik s\u00fckutla yad edilmi\u015fdir. T\u0259dbir 31 mart Soyq\u0131r\u0131m\u0131 qurbanalr\u0131na h\u0259sr edilmi\u015f video \u00e7arx\u0131n n\u00fcmayi\u015fi il\u0259 ba\u015flan\u0131lm\u0131\u015fd\u0131r. T\u0259dbird\u0259 rayon \u0130cra Hakimiyy\u0259tinin ba\u015f\u00e7\u0131s\u0131n\u0131n m\u00fcavini, YAP rayon t\u0259\u015fkilat\u0131n\u0131n s\u0259dri F\u0259q\u0259t \u015eadlinskaya geni\u015f m\u0259ruz\u0259 etmi\u015fdir. Bildirmi\u015fdir ki,\u00a0\u00a0\u00a0 az\u0259rbaycanl\u0131lara qar\u015f\u0131 m\u0259qs\u0259dy\u00f6nl\u00fc \u015f\u0259kild\u0259 h\u0259yata ke\u00e7irilmi\u015f erm\u0259nil\u0259rin\u00a0\u00a0 soyq\u0131r\u0131m\u0131 siyas\u0259ti n\u0259tic\u0259sind\u0259&hellip;<\/p>\n","protected":false},"author":2,"featured_media":48737,"comment_status":"closed","ping_status":"closed","sticky":false,"template":"","format":"standard","meta":{"om_disable_all_campaigns":false,"_monsterinsights_skip_tracking":false,"_monsterinsights_sitenote_active":false,"_monsterinsights_sitenote_note":"","_monsterinsights_sitenote_category":0},"categories":[11,2],"tags":[],"aioseo_notices":[],"gutentor_comment":0,"rttpg_featured_image_url":{"full":["https:\/\/arantv.az\/wp-content\/uploads\/2019\/04\/eb9e66d8af49324612de80d6ff790ceb.jpg",3216,2136,false],"landscape":["https:\/\/arantv.az\/wp-content\/uploads\/2019\/04\/eb9e66d8af49324612de80d6ff790ceb.jpg",3216,2136,false],"portraits":["https:\/\/arantv.az\/wp-content\/uploads\/2019\/04\/eb9e66d8af49324612de80d6ff790ceb.jpg",3216,2136,false],"thumbnail":["https:\/\/arantv.az\/wp-content\/uploads\/2019\/04\/eb9e66d8af49324612de80d6ff790ceb-150x150.jpg",150,150,true],"medium":["https:\/\/arantv.az\/wp-content\/uploads\/2019\/04\/eb9e66d8af49324612de80d6ff790ceb-300x199.jpg",300,199,true],"large":["https:\/\/arantv.az\/wp-content\/uploads\/2019\/04\/eb9e66d8af49324612de80d6ff790ceb-1024x680.jpg",640,425,true],"1536x1536":["https:\/\/arantv.az\/wp-content\/uploads\/2019\/04\/eb9e66d8af49324612de80d6ff790ceb.jpg",1536,1020,false],"2048x2048":["https:\/\/arantv.az\/wp-content\/uploads\/2019\/04\/eb9e66d8af49324612de80d6ff790ceb.jpg",2048,1360,false],"post-thumbnail":["https:\/\/arantv.az\/wp-content\/uploads\/2019\/04\/eb9e66d8af49324612de80d6ff790ceb-240x172.jpg",240,172,true],"advps-thumb-one":["https:\/\/arantv.az\/wp-content\/uploads\/2019\/04\/eb9e66d8af49324612de80d6ff790ceb-1200x620.jpg",1200,620,true]},"rttpg_author":{"display_name":"V\u00fcsal Rafiqo\u011flu","author_link":"https:\/\/arantv.az\/?author=2"},"rttpg_comment":0,"rttpg_category":"<a href=\"https:\/\/arantv.az\/?cat=11\" rel=\"category\">Manset<\/a> <a href=\"https:\/\/arantv.az\/?cat=2\" rel=\"category\">Region X\u0259b\u0259rl\u0259ri<\/a>","rttpg_excerpt":"ARANTV.AZ x\u0259b\u0259r verir ki,\u00a0 Heyd\u0259r \u018fliyev M\u0259rk\u0259zind\u0259 ke\u00e7iril\u0259n\u00a0 t\u0259dbird\u0259\u00a0 rayon \u0130cra Hakimiyy\u0259tinin ba\u015f\u00e7\u0131s\u0131\u00a0\u00a0 aparat\u0131n\u0131n,\u00a0 Yeni Az\u0259rbaycan Partiyas\u0131 rayon t\u0259\u015fkilat\u0131n\u0131n, idar\u0259, m\u00fc\u0259ssis\u0259, t\u0259\u015fkilat\u0131n\u0131n m\u0259sul i\u015f\u00e7il\u0259ri v\u0259 f\u0259allar\u0131,\u00a0 gizir, zabit, Qaraba\u011f m\u00fcharib\u0259si veteranlar\u0131 v\u0259 ictimaiyy\u0259t n\u00fcmay\u0259nd\u0259l\u0259ri i\u015ftirak etmi\u015fl\u0259r. T\u0259dbird\u0259 Soyq\u0131r\u0131m\u0131 qurbanlar\u0131n\u0131n v\u0259\u00a0 torpaqlar\u0131m\u0131z u\u011frunda h\u0259lak olmu\u015f \u015f\u0259hidl\u0259rimizin\u00a0\u00a0 xatir\u0259si bir d\u0259qiq\u0259lik s\u00fckutla yad edilmi\u015fdir. T\u0259dbir 31 mart Soyq\u0131r\u0131m\u0131&hellip;","_links":{"self":[{"href":"https:\/\/arantv.az\/index.php?rest_route=\/wp\/v2\/posts\/48736"}],"collection":[{"href":"https:\/\/arantv.az\/index.php?rest_route=\/wp\/v2\/posts"}],"about":[{"href":"https:\/\/arantv.az\/index.php?rest_route=\/wp\/v2\/types\/post"}],"author":[{"embeddable":true,"href":"https:\/\/arantv.az\/index.php?rest_route=\/wp\/v2\/users\/2"}],"replies":[{"embeddable":true,"href":"https:\/\/arantv.az\/index.php?rest_route=%2Fwp%2Fv2%2Fcomments&post=48736"}],"version-history":[{"count":0,"href":"https:\/\/arantv.az\/index.php?rest_route=\/wp\/v2\/posts\/48736\/revisions"}],"wp:featuredmedia":[{"embeddable":true,"href":"https:\/\/arantv.az\/index.php?rest_route=\/wp\/v2\/media\/48737"}],"wp:attachment":[{"href":"https:\/\/arantv.az\/index.php?rest_route=%2Fwp%2Fv2%2Fmedia&parent=48736"}],"wp:term":[{"taxonomy":"category","embeddable":true,"href":"https:\/\/arantv.az\/index.php?rest_route=%2Fwp%2Fv2%2Fcategories&post=48736"},{"taxonomy":"post_tag","embeddable":true,"href":"https:\/\/arantv.az\/index.php?rest_route=%2Fwp%2Fv2%2Ftags&post=48736"}],"curies":[{"name":"wp","href":"https:\/\/api.w.org\/{rel}","templated":true}]}}