{"id":48782,"date":"2019-04-02T16:07:49","date_gmt":"2019-04-02T13:07:49","guid":{"rendered":"http:\/\/arantv.az\/?p=48782"},"modified":"2019-04-02T16:07:49","modified_gmt":"2019-04-02T13:07:49","slug":"az%c9%99rbaycan-h%c9%99r-an-oz-torpaqlarini-isgaldan-azad-etm%c9%99y%c9%99-qadirdir-polkovnik","status":"publish","type":"post","link":"https:\/\/arantv.az\/?p=48782","title":{"rendered":"&#8220;Az\u0259rbaycan h\u0259r an \u00f6z torpaqlar\u0131n\u0131 i\u015f\u011faldan azad etm\u0259y\u0259 qadirdir&#8221; &#8211; Polkovnik"},"content":{"rendered":"<p>&#8220;Aprel d\u00f6y\u00fc\u015fl\u0259ri erm\u0259ni ordusu il\u0259 ba\u011fl\u0131 yaranan &#8220;mifi&#8221; alt-\u00fcst etdi. S\u00fcbut olundu ki, Az\u0259rbaycan ordusu y\u00fcks\u0259k s\u0259viyy\u0259li texnikaya, d\u00f6y\u00fc\u015f qabiliyy\u0259tin\u0259, h\u0259rbi haz\u0131rl\u0131\u011fa malikdir v\u0259 h\u0259r an \u00f6z torpaqlar\u0131n\u0131 i\u015f\u011faldan azad etm\u0259y\u0259 qadirdir&#8221;.<\/p>\n<p><strong>ARANTV.AZ<\/strong> bildirir ki, bunu\u00a0<a href=\"http:\/\/az.trend.az\/\" target=\"_blank\" rel=\"noopener\">Trend<\/a>-\u0259\u00a0a\u00e7\u0131qlamas\u0131nda Az\u0259rbaycan Respublikas\u0131 M\u00fcharib\u0259, \u018fm\u0259k v\u0259 Silahl\u0131 Q\u00fcvv\u0259l\u0259r Veteranlar\u0131 T\u0259\u015fkilat\u0131n\u0131n s\u0259dr m\u00fcavini polkovnik\u00a0<strong>C\u0259lil X\u0259lilov<\/strong>\u00a0deyib<\/p>\n<p>O bildirib ki, aprel d\u00f6y\u00fc\u015fl\u0259rind\u0259n \u00f6nc\u0259 erm\u0259ni t\u0259r\u0259find\u0259n yay\u0131lan yalan informasiyalar bu z\u0259f\u0259rd\u0259n sonra bir daha a\u015fkara \u00e7\u0131xd\u0131: &#8220;H\u0259m d\u00fcnya \u00f6lk\u0259l\u0259ri, h\u0259m d\u0259 Erm\u0259nistan bir daha g\u00f6rd\u00fc ki, Az\u0259rbaycan ordusu n\u0259 q\u0259d\u0259r g\u00fccl\u00fcd\u00fcr, silahlar\u0131n arxas\u0131nda \u0259zml\u0259 dayanan \u0259sg\u0259rl\u0259r v\u0259 zabitl\u0259rimizin d\u00f6y\u00fc\u015fl\u0259 ba\u011fl\u0131 m\u0259n\u0259vi, psixoloji haz\u0131rl\u0131\u011f\u0131 y\u00fcks\u0259k s\u0259viyy\u0259d\u0259dir. Aprel d\u00f6y\u00fc\u015fl\u0259rind\u0259 \u0259ld\u0259 olunan \u0259sas q\u0259l\u0259b\u0259l\u0259rd\u0259n biri torpaqlar\u0131m\u0131z\u0131n m\u00fc\u0259yy\u0259n hiss\u0259sinin i\u015f\u011faldan azad edilm\u0259si oldu. Bu bax\u0131mdan aprel d\u00f6y\u00fc\u015fl\u0259ri bizim q\u00fcrur m\u0259nb\u0259yimizdir&#8221;.<\/p>\n<p>C.X\u0259lilov s\u00f6yl\u0259yib ki, B\u00f6y\u00fck Aprel q\u0259l\u0259b\u0259si Az\u0259rbaycan tarixin\u0259 \u015f\u0259r\u0259fli tarix kimi daxil olub: &#8220;3-4 g\u00fcn m\u00fcdd\u0259tind\u0259 davam ed\u0259n d\u00f6y\u00fc\u015fl\u0259ri he\u00e7 zaman unutmayaca\u011f\u0131q. Az\u0259rbaycan ordusu bu g\u00fcn d\u0259 h\u0259min d\u00f6y\u00fc\u015fl\u0259r\u0259 sadiqdir. Ordumuzun haz\u0131rk\u0131 d\u00f6y\u00fc\u015f haz\u0131rl\u0131\u011f\u0131, m\u0259n\u0259vi-psixoloji durumu 3 il bundan \u00f6nc\u0259kind\u0259n d\u0259 y\u00fcks\u0259kdir&#8221;.<\/p>\n<p>Polkovnik vur\u011fulay\u0131b ki, d\u00f6y\u00fc\u015fl\u0259rd\u0259n \u00e7\u0259tin v\u0259ziyy\u0259t\u0259 d\u00fc\u015f\u0259n Erm\u0259nistan at\u0259\u015fk\u0259si b\u0259rpa etm\u0259k \u00fc\u00e7\u00fcn b\u00fct\u00fcn vasit\u0259l\u0259r\u0259 \u0259l atd\u0131: &#8220;D\u00fc\u015fm\u0259n t\u0259r\u0259fi qorxuya d\u00fc\u015f\u0259r\u0259k Da\u011fl\u0131q Qaraba\u011f m\u00fcnaqi\u015f\u0259sinin dan\u0131\u015f\u0131qlar vasit\u0259sil\u0259 h\u0259ll etm\u0259y\u0259 haz\u0131r olduqlar\u0131n\u0131 ifad\u0259 etm\u0259kl\u0259, Az\u0259rbaycandan d\u00f6y\u00fc\u015fl\u0259rin dayand\u0131r\u0131lmas\u0131n\u0131 xahi\u015f etdi. Amma Erm\u0259nistan bundan sonra da s\u00f6z\u00fcn\u00fc tutmad\u0131, dan\u0131\u015f\u0131qlar\u0131 imitasiya etm\u0259kl\u0259 d\u00fcnya ictimaiyy\u0259tini \u00e7a\u015fd\u0131rma\u011fa \u00e7al\u0131\u015fd\u0131&#8221;.<\/p>\n<p>T\u0259\u015fkilat\u0131n s\u0259dr m\u00fcavini qeyd edib ki, Az\u0259rbaycan d\u00f6vl\u0259ti v\u0259 Prezident \u0130lham \u018fliyev t\u0259r\u0259find\u0259n h\u0259yata ke\u00e7iril\u0259n y\u00fcks\u0259k s\u0259viyy\u0259li diplomatiya n\u0259tic\u0259sind\u0259 b\u00fct\u00fcn d\u00fcnya ictimaiyy\u0259tin\u0259 m\u0259lum oldu ki, Erm\u0259nistan m\u00fcnaqi\u015f\u0259nin h\u0259lli istiqam\u0259tind\u0259 qeyri-konstruktiv m\u00f6vqe tutur, problemin h\u0259lli istiqam\u0259tind\u0259 he\u00e7 bir beyn\u0259lxalq qanunu, t\u0259l\u0259b\u0259l\u0259ri, q\u0259bul olunan q\u0259tnam\u0259l\u0259ri yerin\u0259 yetirmir:<\/p>\n<p>&#8220;Bel\u0259 olan halda, Az\u0259rbaycan haql\u0131 olaraq m\u00fcbariz\u0259 aparmaq iqtidar\u0131na malikdir. \u00c7\u00fcnki \u00f6lk\u0259miz he\u00e7 kim\u0259 \u0259razi iddialar\u0131 ir\u0259li s\u00fcrm\u00fcr, \u0259ksin\u0259 \u00f6z torpaqlar\u0131n\u0131 i\u015f\u011fal alt\u0131ndan azad etm\u0259k mara\u011f\u0131ndad\u0131r. \u00d6lk\u0259miz i\u015f\u011fal alt\u0131nda olan torpaqlar\u0131nda terrora, separatizm\u0259, narkotik madd\u0259l\u0259rin bec\u0259rilm\u0259sin\u0259 qar\u015f\u0131 m\u00fcbariz\u0259 apar\u0131r. Az\u0259rbaycan \u0259razi b\u00fct\u00f6vl\u00fcy\u00fcn\u00fcn t\u0259mini n\u0259tic\u0259sind\u0259 \u0259razisind\u0259 s\u00fclh yaranmas\u0131n\u0131 ist\u0259yir, erm\u0259nil\u0259rin d\u0259 \u00f6lk\u0259mizin qanunlar\u0131na riay\u0259t etm\u0259kl\u0259 ba\u015fqa mill\u0259tl\u0259r kimi Da\u011fl\u0131q Qaraba\u011fda ya\u015famaq haqq\u0131n\u0131 istisna etmir&#8221;.<\/p>\n","protected":false},"excerpt":{"rendered":"<p>&#8220;Aprel d\u00f6y\u00fc\u015fl\u0259ri erm\u0259ni ordusu il\u0259 ba\u011fl\u0131 yaranan &#8220;mifi&#8221; alt-\u00fcst etdi. S\u00fcbut olundu ki, Az\u0259rbaycan ordusu y\u00fcks\u0259k s\u0259viyy\u0259li texnikaya, d\u00f6y\u00fc\u015f qabiliyy\u0259tin\u0259, h\u0259rbi haz\u0131rl\u0131\u011fa malikdir v\u0259 h\u0259r an \u00f6z torpaqlar\u0131n\u0131 i\u015f\u011faldan azad etm\u0259y\u0259 qadirdir&#8221;. ARANTV.AZ bildirir ki, bunu\u00a0Trend-\u0259\u00a0a\u00e7\u0131qlamas\u0131nda Az\u0259rbaycan Respublikas\u0131 M\u00fcharib\u0259, \u018fm\u0259k v\u0259 Silahl\u0131 Q\u00fcvv\u0259l\u0259r Veteranlar\u0131 T\u0259\u015fkilat\u0131n\u0131n s\u0259dr m\u00fcavini polkovnik\u00a0C\u0259lil X\u0259lilov\u00a0deyib O bildirib ki, aprel d\u00f6y\u00fc\u015fl\u0259rind\u0259n \u00f6nc\u0259 erm\u0259ni t\u0259r\u0259find\u0259n yay\u0131lan yalan informasiyalar bu z\u0259f\u0259rd\u0259n sonra bir daha a\u015fkara \u00e7\u0131xd\u0131: &#8220;H\u0259m d\u00fcnya \u00f6lk\u0259l\u0259ri, h\u0259m d\u0259 Erm\u0259nistan bir daha g\u00f6rd\u00fc ki, Az\u0259rbaycan ordusu n\u0259 q\u0259d\u0259r g\u00fccl\u00fcd\u00fcr, silahlar\u0131n arxas\u0131nda \u0259zml\u0259 dayanan \u0259sg\u0259rl\u0259r v\u0259 zabitl\u0259rimizin d\u00f6y\u00fc\u015fl\u0259&hellip;<\/p>\n","protected":false},"author":2,"featured_media":48783,"comment_status":"closed","ping_status":"closed","sticky":false,"template":"","format":"standard","meta":{"om_disable_all_campaigns":false,"_monsterinsights_skip_tracking":false,"_monsterinsights_sitenote_active":false,"_monsterinsights_sitenote_note":"","_monsterinsights_sitenote_category":0},"categories":[19],"tags":[],"aioseo_notices":[],"gutentor_comment":0,"rttpg_featured_image_url":{"full":["https:\/\/arantv.az\/wp-content\/uploads\/2019\/04\/743620.jpg",800,600,false],"landscape":["https:\/\/arantv.az\/wp-content\/uploads\/2019\/04\/743620.jpg",800,600,false],"portraits":["https:\/\/arantv.az\/wp-content\/uploads\/2019\/04\/743620.jpg",800,600,false],"thumbnail":["https:\/\/arantv.az\/wp-content\/uploads\/2019\/04\/743620-150x150.jpg",150,150,true],"medium":["https:\/\/arantv.az\/wp-content\/uploads\/2019\/04\/743620-300x225.jpg",300,225,true],"large":["https:\/\/arantv.az\/wp-content\/uploads\/2019\/04\/743620.jpg",640,480,false],"1536x1536":["https:\/\/arantv.az\/wp-content\/uploads\/2019\/04\/743620.jpg",800,600,false],"2048x2048":["https:\/\/arantv.az\/wp-content\/uploads\/2019\/04\/743620.jpg",800,600,false],"post-thumbnail":["https:\/\/arantv.az\/wp-content\/uploads\/2019\/04\/743620-240x172.jpg",240,172,true],"advps-thumb-one":["https:\/\/arantv.az\/wp-content\/uploads\/2019\/04\/743620.jpg",800,600,false]},"rttpg_author":{"display_name":"V\u00fcsal Rafiqo\u011flu","author_link":"https:\/\/arantv.az\/?author=2"},"rttpg_comment":0,"rttpg_category":"<a href=\"https:\/\/arantv.az\/?cat=19\" rel=\"category\">G\u00fcnd\u0259m<\/a>","rttpg_excerpt":"&#8220;Aprel d\u00f6y\u00fc\u015fl\u0259ri erm\u0259ni ordusu il\u0259 ba\u011fl\u0131 yaranan &#8220;mifi&#8221; alt-\u00fcst etdi. S\u00fcbut olundu ki, Az\u0259rbaycan ordusu y\u00fcks\u0259k s\u0259viyy\u0259li texnikaya, d\u00f6y\u00fc\u015f qabiliyy\u0259tin\u0259, h\u0259rbi haz\u0131rl\u0131\u011fa malikdir v\u0259 h\u0259r an \u00f6z torpaqlar\u0131n\u0131 i\u015f\u011faldan azad etm\u0259y\u0259 qadirdir&#8221;. ARANTV.AZ bildirir ki, bunu\u00a0Trend-\u0259\u00a0a\u00e7\u0131qlamas\u0131nda Az\u0259rbaycan Respublikas\u0131 M\u00fcharib\u0259, \u018fm\u0259k v\u0259 Silahl\u0131 Q\u00fcvv\u0259l\u0259r Veteranlar\u0131 T\u0259\u015fkilat\u0131n\u0131n s\u0259dr m\u00fcavini polkovnik\u00a0C\u0259lil X\u0259lilov\u00a0deyib O bildirib ki, aprel d\u00f6y\u00fc\u015fl\u0259rind\u0259n \u00f6nc\u0259&hellip;","_links":{"self":[{"href":"https:\/\/arantv.az\/index.php?rest_route=\/wp\/v2\/posts\/48782"}],"collection":[{"href":"https:\/\/arantv.az\/index.php?rest_route=\/wp\/v2\/posts"}],"about":[{"href":"https:\/\/arantv.az\/index.php?rest_route=\/wp\/v2\/types\/post"}],"author":[{"embeddable":true,"href":"https:\/\/arantv.az\/index.php?rest_route=\/wp\/v2\/users\/2"}],"replies":[{"embeddable":true,"href":"https:\/\/arantv.az\/index.php?rest_route=%2Fwp%2Fv2%2Fcomments&post=48782"}],"version-history":[{"count":0,"href":"https:\/\/arantv.az\/index.php?rest_route=\/wp\/v2\/posts\/48782\/revisions"}],"wp:featuredmedia":[{"embeddable":true,"href":"https:\/\/arantv.az\/index.php?rest_route=\/wp\/v2\/media\/48783"}],"wp:attachment":[{"href":"https:\/\/arantv.az\/index.php?rest_route=%2Fwp%2Fv2%2Fmedia&parent=48782"}],"wp:term":[{"taxonomy":"category","embeddable":true,"href":"https:\/\/arantv.az\/index.php?rest_route=%2Fwp%2Fv2%2Fcategories&post=48782"},{"taxonomy":"post_tag","embeddable":true,"href":"https:\/\/arantv.az\/index.php?rest_route=%2Fwp%2Fv2%2Ftags&post=48782"}],"curies":[{"name":"wp","href":"https:\/\/api.w.org\/{rel}","templated":true}]}}