{"id":488641,"date":"2022-06-24T07:30:17","date_gmt":"2022-06-24T04:30:17","guid":{"rendered":"https:\/\/arantv.az\/?p=488641"},"modified":"2022-06-24T07:30:17","modified_gmt":"2022-06-24T04:30:17","slug":"isgaldan-azad-olunan-torpaqlarda-kifay%c9%99t-q%c9%99d%c9%99r-iqtisadi-potensial-var","status":"publish","type":"post","link":"https:\/\/arantv.az\/?p=488641","title":{"rendered":"\u0130\u015f\u011faldan azad olunan torpaqlarda kifay\u0259t q\u0259d\u0259r iqtisadi potensial var"},"content":{"rendered":"<h3><strong>Ayd\u0131n H\u00fcseynov: \u201c2022-ci ilin \u00f6t\u0259n d\u00f6vr\u00fcnd\u0259 \u00f6lk\u0259 iqtisadiyyat\u0131n\u0131n art\u0131m\u0131n\u0131n m\u00fcsb\u0259t dinamikas\u0131 davam edib\u201d<\/strong><\/h3>\n<p>Az\u0259rbaycan Respublikas\u0131 Prezidentinin S\u0259r\u0259ncam\u0131 il\u0259 t\u0259sdiq edilmi\u015f \u201cAz\u0259rbaycan 2030: sosial-iqtisadi inki\u015fafa dair Milli Prioritetl\u0259r\u201d\u0259 \u0259sas\u0259n, n\u00f6vb\u0259ti onillikd\u0259 realla\u015fd\u0131r\u0131lmal\u0131 olan milli prioritetl\u0259r \u00f6lk\u0259nin sosial-iqtisadi inki\u015faf\u0131 \u00fc\u00e7\u00fcn yeni h\u0259d\u0259fl\u0259r m\u00fc\u0259yy\u0259n edib, qeyri-neft iqtisadiyyat\u0131n\u0131n inki\u015faf\u0131n m\u0259rk\u0259zin\u0259 \u00e7evrilm\u0259si n\u0259z\u0259rd\u0259 tutulub.<\/p>\n<p><em>Az\u0259rbaycan\u0131n b\u00f6lg\u0259l\u0259rinin sosial-iqtisadi inki\u015faf\u0131 istiqam\u0259tind\u0259 d\u0259 m\u00fch\u00fcm n\u0259tic\u0259l\u0259r \u0259ld\u0259 olunub. 44 g\u00fcnl\u00fck V\u0259t\u0259n m\u00fcharib\u0259sind\u0259 qazan\u0131lan q\u0259l\u0259b\u0259 onu dem\u0259y\u0259 \u0259sas verir ki, i\u015f\u011faldan azad olunan torpaqlarda kifay\u0259t q\u0259d\u0259r iqtisadi potensial var v\u0259 bu amil g\u0259l\u0259c\u0259kd\u0259 \u00f6lk\u0259miz\u0259 b\u00f6y\u00fck dividentl\u0259r qazand\u0131ra bil\u0259r. B\u0259s g\u00f6r\u0259s\u0259n, arzuolunan n\u0259tic\u0259ni \u0259ld\u0259 etm\u0259k \u00fc\u00e7\u00fcn n\u0259 kimi add\u0131mlar at\u0131lmal\u0131d\u0131r?<\/em><\/p>\n<p><em><img src=\"http:\/\/ikisahil.az\/photo\/975x540_2\/upload\/2019\/01\/21\/1548060161_3142434.jpg\" alt=\"Ayd\u0131n H\u00fcseynov: D\u00f6vl\u0259t ba\u015f\u00e7\u0131s\u0131n\u0131n s\u0259r\u0259ncam\u0131 yeni sosial paket hesab edil\u0259  bil\u0259r - &quot;\u0130ki sahil&quot;\" \/><\/em><\/p>\n<p><em><strong>Ayd\u0131n H\u00fcseynov<\/strong><\/em><\/p>\n<p><strong>M\u00f6vzu il\u0259 ba\u011fl\u0131 Milli M\u0259clisin \u0130qtisadi siyas\u0259t, s\u0259naye v\u0259 sahibkarl\u0131q komit\u0259sinin \u00fczv\u00fc Ayd\u0131n H\u00fcseynov \u201cYeni M\u00fcsavat\u201da fikirl\u0259rini a\u00e7\u0131qlad\u0131:<\/strong>\u00a0\u201cPrezident \u0130lham \u018fliyevin r\u0259hb\u0259rliyi alt\u0131nda \u00f6lk\u0259miz sosial-iqtisadi inki\u015faf\u0131n m\u00fcasir m\u0259rh\u0259l\u0259sin\u0259 daxil olub. 2021-ci ild\u0259n ba\u015flayaraq iqtisadiyyat s\u00fcr\u0259tli b\u0259rpa prosesi il\u0259 \u0259v\u0259zl\u0259nib. 2022-ci ilin \u00f6t\u0259n d\u00f6vr\u00fcnd\u0259 \u00f6lk\u0259 iqtisadiyyat\u0131n\u0131n art\u0131m\u0131n\u0131n m\u00fcsb\u0259t dinamikas\u0131 davam edib.\u00a0 Bel\u0259 ki, cari ilin ilk be\u015f ay\u0131nda \u00f6lk\u0259d\u0259 50,9 milyard manatl\u0131q, o c\u00fcml\u0259d\u0259n qeyri-neft-qaz sektorunda 25,0 milyard manatl\u0131q \u00fcmumi daxili m\u0259hsul (\u00dcDM) istehsal olunub. \u018fvv\u0259lki ilin eyni d\u00f6vr\u00fc il\u0259 m\u00fcqayis\u0259d\u0259 \u00dcDM real ifad\u0259d\u0259 7,2 faiz, o c\u00fcml\u0259d\u0259n qeyri-neft sektoru \u00fczr\u0259 \u00dcDM 11,0 faiz art\u0131b. \u0130qtisadi imkanlar\u0131n geni\u015fl\u0259nm\u0259si b\u00fcdc\u0259-fiskal g\u00f6st\u0259ricil\u0259rinin \u0259h\u0259miyy\u0259tli d\u0259r\u0259c\u0259d\u0259 yax\u015f\u0131la\u015fmas\u0131na s\u0259b\u0259b olub. Bel\u0259 ki, 2022-ci ilin \u00f6t\u0259n 5 ay\u0131 \u00fczr\u0259 d\u00f6vl\u0259t b\u00fcdc\u0259sinin g\u0259lirl\u0259ri 11.227 milyon manat proqnoza qar\u015f\u0131 12.442,4 milyon manat v\u0259 ya 110,8 faiz t\u0259\u015fkil edib ki, bu da 2021-ci ilin eyni d\u00f6vr\u00fc il\u0259 m\u00fcqayis\u0259d\u0259 2.706,6 milyon manat v\u0259 ya 27,8 faiz \u00e7oxdur.\u00a0 H\u0259min d\u00f6vrd\u0259 b\u00fcdc\u0259 g\u0259lirl\u0259rinin 6.353,4 milyon manat\u0131 qeyri-neft sektorunun pay\u0131na d\u00fc\u015f\u00fcb, bu is\u0259 2021-ci ilin eyni d\u00f6vr\u00fc il\u0259 m\u00fcqayis\u0259d\u0259 1.591,5 milyon manat v\u0259 ya 33,4 faiz \u00e7oxdur. N\u0259tic\u0259d\u0259 iqtisadi v\u0259 maliyy\u0259 imkanlar\u0131m\u0131z\u0131n artmas\u0131 d\u00f6vl\u0259t b\u00fcdc\u0259sin\u0259 d\u0259yi\u015fiklikl\u0259ri z\u0259ruri edib\u201d.<\/p>\n<p><strong>Mill\u0259t v\u0259kili onu da qeyd edib ki, d\u00f6vl\u0259t b\u00fcdc\u0259sind\u0259 yaranm\u0131\u015f profisitin haz\u0131rk\u0131 m\u0259bl\u0259\u011fi, h\u0259m\u00e7inin ilin sonuna g\u00f6zl\u0259nil\u0259n yenil\u0259nmi\u015f iqtisadi v\u0259 fiskal proqnozlar \u0259h\u0259miyy\u0259tli maliyy\u0259 m\u0259nb\u0259yi kimi \u0259vv\u0259ld\u0259 qeyd edil\u0259n \u0259lav\u0259 t\u0259dbirl\u0259ri icra etm\u0259y\u0259 tam imkan verdiyind\u0259n 2022-ci il \u00fczr\u0259 d\u00f6vl\u0259t b\u00fcdc\u0259sinin g\u0259lir v\u0259 x\u0259rcl\u0259rin\u0259 yenid\u0259n bax\u0131lmas\u0131 \u00fc\u00e7\u00fcn \u0259h\u0259miyy\u0259tli \u0259saslar yarad\u0131r:<\/strong>\u00a0&#8220;Bu reall\u0131qlar\u0131 n\u0259z\u0259r\u0259 alan c\u0259nab Prezident \u0130lham \u018fliyev Z\u0259ngilan rayonunda \u201cA\u011f\u0131ll\u0131 k\u0259nd\u201din a\u00e7\u0131l\u0131\u015f m\u0259rasimind\u0259 \u00e7\u0131x\u0131\u015f ed\u0259rk\u0259n vur\u011fulad\u0131\u011f\u0131 kimi maliyy\u0259 imkanlar\u0131n\u0131n artmas\u0131 say\u0259sind\u0259 b\u00fcdc\u0259y\u0259 d\u0259yi\u015fiklikl\u0259rin vacib oldu\u011funu\u00a0 diqq\u0259t\u0259 \u00e7atd\u0131r\u0131b. D\u00f6vl\u0259t ba\u015f\u00e7\u0131s\u0131 artan maliyy\u0259 g\u0259lirl\u0259rinin ilk n\u00f6vb\u0259d\u0259 i\u015f\u011faldan azad edilmi\u015f \u0259razil\u0259rd\u0259 quruculuq v\u0259 b\u0259rpa i\u015fl\u0259rinin miqyas\u0131n\u0131n daha da art\u0131r\u0131lmas\u0131na v\u0259 \u00f6lk\u0259mizin m\u00fcdafi\u0259 v\u0259 t\u0259hl\u00fck\u0259sizliyinin daha da m\u00f6hk\u0259ml\u0259nm\u0259sin\u0259 y\u00f6n\u0259ldilm\u0259sini bildirib. Bu m\u0259qs\u0259dl\u0259 2022-ci ilin d\u00f6vl\u0259t b\u00fcdc\u0259si haqq\u0131nda qanununda d\u0259yi\u015fiklikl\u0259r edilm\u0259si n\u0259z\u0259rd\u0259 tutulur. Art\u0131q b\u00fcdc\u0259 layih\u0259sin\u0259 d\u0259yi\u015fiklikl\u0259rin parametrl\u0259ri m\u0259lumdur. B\u00fcdc\u0259d\u0259 i\u015f\u011faldan azad olunmu\u015f \u0259razil\u0259rd\u0259 yol-n\u0259qliyyat infrastrukturunun yarad\u0131lmas\u0131 il\u0259 ba\u011fl\u0131 layih\u0259l\u0259rin, h\u0259m\u00e7inin \u00f6lk\u0259mizin dig\u0259r regionlar\u0131nda n\u0259qliyyat-kommunikasiya infrastrukturlar\u0131n\u0131n t\u0259kmill\u0259\u015fdirilm\u0259si \u00fczr\u0259 layih\u0259l\u0259rin maliy\u0259l\u0259\u015fdirilm\u0259si \u00f6n planda dayan\u0131r. H\u0259m\u00e7inin V\u0259t\u0259n m\u00fcharib\u0259si zaman\u0131 \u00f6lk\u0259nin b\u0259zi rayon v\u0259 \u015f\u0259h\u0259rl\u0259rind\u0259 z\u0259r\u0259r \u00e7\u0259kmi\u015f ya\u015fay\u0131\u015f v\u0259 qeyri-ya\u015fay\u0131\u015f sah\u0259l\u0259rinin b\u0259rpas\u0131 v\u0259 yenid\u0259n qurulmas\u0131 v\u0259 dig\u0259r ya\u015fay\u0131\u015f m\u0259nt\u0259q\u0259l\u0259ri \u00fczr\u0259 t\u0259dbirl\u0259rin h\u0259yata ke\u00e7irilm\u0259si, d\u00f6vl\u0259timizin m\u00fcdafi\u0259 qabiliyy\u0259ti v\u0259 h\u0259rbi q\u00fcdr\u0259tin daha da art\u0131r\u0131lmas\u0131, milli t\u0259hl\u00fck\u0259sizlik sah\u0259sind\u0259 \u0259lav\u0259 t\u0259dbirl\u0259rin g\u00f6r\u00fclm\u0259si \u00fc\u00e7\u00fcn x\u0259rcl\u0259r art\u0131r\u0131l\u0131b&#8221;.<\/p>\n","protected":false},"excerpt":{"rendered":"<p>Ayd\u0131n H\u00fcseynov: \u201c2022-ci ilin \u00f6t\u0259n d\u00f6vr\u00fcnd\u0259 \u00f6lk\u0259 iqtisadiyyat\u0131n\u0131n art\u0131m\u0131n\u0131n m\u00fcsb\u0259t dinamikas\u0131 davam edib\u201d Az\u0259rbaycan Respublikas\u0131 Prezidentinin S\u0259r\u0259ncam\u0131 il\u0259 t\u0259sdiq edilmi\u015f \u201cAz\u0259rbaycan 2030: sosial-iqtisadi inki\u015fafa dair Milli Prioritetl\u0259r\u201d\u0259 \u0259sas\u0259n, n\u00f6vb\u0259ti onillikd\u0259 realla\u015fd\u0131r\u0131lmal\u0131 olan milli prioritetl\u0259r \u00f6lk\u0259nin sosial-iqtisadi inki\u015faf\u0131 \u00fc\u00e7\u00fcn yeni h\u0259d\u0259fl\u0259r m\u00fc\u0259yy\u0259n edib, qeyri-neft iqtisadiyyat\u0131n\u0131n inki\u015faf\u0131n m\u0259rk\u0259zin\u0259 \u00e7evrilm\u0259si n\u0259z\u0259rd\u0259 tutulub. Az\u0259rbaycan\u0131n b\u00f6lg\u0259l\u0259rinin sosial-iqtisadi inki\u015faf\u0131 istiqam\u0259tind\u0259 d\u0259 m\u00fch\u00fcm n\u0259tic\u0259l\u0259r \u0259ld\u0259 olunub. 44 g\u00fcnl\u00fck V\u0259t\u0259n m\u00fcharib\u0259sind\u0259 qazan\u0131lan q\u0259l\u0259b\u0259 onu dem\u0259y\u0259 \u0259sas verir ki, i\u015f\u011faldan azad olunan torpaqlarda kifay\u0259t q\u0259d\u0259r iqtisadi potensial var v\u0259 bu amil g\u0259l\u0259c\u0259kd\u0259 \u00f6lk\u0259miz\u0259 b\u00f6y\u00fck dividentl\u0259r qazand\u0131ra bil\u0259r. B\u0259s g\u00f6r\u0259s\u0259n,&hellip;<\/p>\n","protected":false},"author":2,"featured_media":488642,"comment_status":"closed","ping_status":"closed","sticky":false,"template":"","format":"standard","meta":{"om_disable_all_campaigns":false,"_monsterinsights_skip_tracking":false,"_monsterinsights_sitenote_active":false,"_monsterinsights_sitenote_note":"","_monsterinsights_sitenote_category":0},"categories":[1],"tags":[],"aioseo_notices":[],"gutentor_comment":0,"rttpg_featured_image_url":{"full":["https:\/\/arantv.az\/wp-content\/uploads\/2022\/06\/90cda010564a458d02491cebaf547f48.jpg",750,485,false],"landscape":["https:\/\/arantv.az\/wp-content\/uploads\/2022\/06\/90cda010564a458d02491cebaf547f48.jpg",750,485,false],"portraits":["https:\/\/arantv.az\/wp-content\/uploads\/2022\/06\/90cda010564a458d02491cebaf547f48.jpg",750,485,false],"thumbnail":["https:\/\/arantv.az\/wp-content\/uploads\/2022\/06\/90cda010564a458d02491cebaf547f48-500x280.jpg",500,280,true],"medium":["https:\/\/arantv.az\/wp-content\/uploads\/2022\/06\/90cda010564a458d02491cebaf547f48-564x365.jpg",564,365,true],"large":["https:\/\/arantv.az\/wp-content\/uploads\/2022\/06\/90cda010564a458d02491cebaf547f48.jpg",640,414,false],"1536x1536":["https:\/\/arantv.az\/wp-content\/uploads\/2022\/06\/90cda010564a458d02491cebaf547f48.jpg",750,485,false],"2048x2048":["https:\/\/arantv.az\/wp-content\/uploads\/2022\/06\/90cda010564a458d02491cebaf547f48.jpg",750,485,false],"post-thumbnail":["https:\/\/arantv.az\/wp-content\/uploads\/2022\/06\/90cda010564a458d02491cebaf547f48-240x172.jpg",240,172,true],"advps-thumb-one":["https:\/\/arantv.az\/wp-content\/uploads\/2022\/06\/90cda010564a458d02491cebaf547f48.jpg",750,485,false]},"rttpg_author":{"display_name":"V\u00fcsal Rafiqo\u011flu","author_link":"https:\/\/arantv.az\/?author=2"},"rttpg_comment":0,"rttpg_category":"<a href=\"https:\/\/arantv.az\/?cat=1\" rel=\"category\">C\u0259miyy\u0259t<\/a>","rttpg_excerpt":"Ayd\u0131n H\u00fcseynov: \u201c2022-ci ilin \u00f6t\u0259n d\u00f6vr\u00fcnd\u0259 \u00f6lk\u0259 iqtisadiyyat\u0131n\u0131n art\u0131m\u0131n\u0131n m\u00fcsb\u0259t dinamikas\u0131 davam edib\u201d Az\u0259rbaycan Respublikas\u0131 Prezidentinin S\u0259r\u0259ncam\u0131 il\u0259 t\u0259sdiq edilmi\u015f \u201cAz\u0259rbaycan 2030: sosial-iqtisadi inki\u015fafa dair Milli Prioritetl\u0259r\u201d\u0259 \u0259sas\u0259n, n\u00f6vb\u0259ti onillikd\u0259 realla\u015fd\u0131r\u0131lmal\u0131 olan milli prioritetl\u0259r \u00f6lk\u0259nin sosial-iqtisadi inki\u015faf\u0131 \u00fc\u00e7\u00fcn yeni h\u0259d\u0259fl\u0259r m\u00fc\u0259yy\u0259n edib, qeyri-neft iqtisadiyyat\u0131n\u0131n inki\u015faf\u0131n m\u0259rk\u0259zin\u0259 \u00e7evrilm\u0259si n\u0259z\u0259rd\u0259 tutulub. Az\u0259rbaycan\u0131n b\u00f6lg\u0259l\u0259rinin sosial-iqtisadi inki\u015faf\u0131 istiqam\u0259tind\u0259 d\u0259&hellip;","_links":{"self":[{"href":"https:\/\/arantv.az\/index.php?rest_route=\/wp\/v2\/posts\/488641"}],"collection":[{"href":"https:\/\/arantv.az\/index.php?rest_route=\/wp\/v2\/posts"}],"about":[{"href":"https:\/\/arantv.az\/index.php?rest_route=\/wp\/v2\/types\/post"}],"author":[{"embeddable":true,"href":"https:\/\/arantv.az\/index.php?rest_route=\/wp\/v2\/users\/2"}],"replies":[{"embeddable":true,"href":"https:\/\/arantv.az\/index.php?rest_route=%2Fwp%2Fv2%2Fcomments&post=488641"}],"version-history":[{"count":0,"href":"https:\/\/arantv.az\/index.php?rest_route=\/wp\/v2\/posts\/488641\/revisions"}],"wp:featuredmedia":[{"embeddable":true,"href":"https:\/\/arantv.az\/index.php?rest_route=\/wp\/v2\/media\/488642"}],"wp:attachment":[{"href":"https:\/\/arantv.az\/index.php?rest_route=%2Fwp%2Fv2%2Fmedia&parent=488641"}],"wp:term":[{"taxonomy":"category","embeddable":true,"href":"https:\/\/arantv.az\/index.php?rest_route=%2Fwp%2Fv2%2Fcategories&post=488641"},{"taxonomy":"post_tag","embeddable":true,"href":"https:\/\/arantv.az\/index.php?rest_route=%2Fwp%2Fv2%2Ftags&post=488641"}],"curies":[{"name":"wp","href":"https:\/\/api.w.org\/{rel}","templated":true}]}}