{"id":488647,"date":"2022-06-24T07:32:21","date_gmt":"2022-06-24T04:32:21","guid":{"rendered":"https:\/\/arantv.az\/?p=488647"},"modified":"2022-06-24T07:32:21","modified_gmt":"2022-06-24T04:32:21","slug":"d%c9%99rsl%c9%99r-sentyabrin-1-d%c9%99-baslasa-n%c9%99-olar-r%c9%99yl%c9%99r","status":"publish","type":"post","link":"https:\/\/arantv.az\/?p=488647","title":{"rendered":"D\u0259rsl\u0259r sentyabr\u0131n 1-d\u0259 ba\u015flasa, n\u0259 olar &#8211; r\u0259yl\u0259r"},"content":{"rendered":"<p><strong>Ekspert: \u201cNe\u00e7\u0259 ildir ki, sentyabr\u0131n 15-d\u0259n u\u015faqlar\u0131m\u0131z\u0131 m\u0259kt\u0259b\u0259 yollay\u0131r\u0131q, bunun ancaq m\u0259nfi n\u0259tic\u0259l\u0259rini g\u00f6r\u00fcr\u00fck\u201d<\/strong><\/p>\n<p>Yen\u0259 d\u0259 t\u0259dris ilinin sonunda valideynl\u0259rin, \u015fagirdl\u0259rin naraz\u0131l\u0131\u011f\u0131 ba\u015f qald\u0131r\u0131b. \u0130nsanlar d\u0259rs ilinin iyunun 14-d\u0259 bitm\u0259sin\u0259 etiraz edirl\u0259r. Qeyd ed\u0259k ki, d\u00fcnyan\u0131n bir s\u0131ra \u00f6lk\u0259l\u0259rind\u0259 yeni d\u0259rs ili \u0259n\u0259n\u0259y\u0259 uy\u011fun olaraq sentyabr\u0131n 1-d\u0259 ba\u015flay\u0131r. 1 sentyabr h\u0259m d\u0259 \u201cBilik g\u00fcn\u00fc\u201d\u00a0 kimi qeyd olunur. \u201cBilik g\u00fcn\u00fc\u201dn\u00fcn d\u00fcnyan\u0131n ayr\u0131-ayr\u0131 \u00f6lk\u0259l\u0259rind\u0259 f\u0259rqli vaxtda v\u0259 f\u0259rqli qaydada\u00a0 ke\u00e7irilm\u0259si \u0259n\u0259n\u0259si d\u0259 var.<\/p>\n<p>M\u0259lumdur ki, \u0259vv\u0259ll\u0259r \u00f6lk\u0259mizd\u0259 d\u0259 d\u0259rs ili sentyabr\u0131n 1-d\u0259 ba\u015flay\u0131rd\u0131. Sonradan bu tarix sentyabr\u0131n 15-i il\u0259 \u0259v\u0259zl\u0259ndi. Ancaq bu qayda ne\u00e7\u0259 ill\u0259rdir ki, naraz\u0131l\u0131\u011fa s\u0259b\u0259b olur. D\u0259rs ilinin yenid\u0259n sentyabr\u0131n 1-d\u0259 ba\u015flamas\u0131 m\u00fczakir\u0259 olunur v\u0259 bu qaydan\u0131n yenid\u0259n t\u0259tbiq edilm\u0259si t\u0259klif edilir. Bununla bel\u0259, bu t\u0259klif ictimaiyy\u0259t aras\u0131nda fikir m\u00fcxt\u0259lifliyin\u0259 s\u0259b\u0259b olub. Bel\u0259 ki, bir qisim m\u00fct\u0259x\u0259ssis d\u0259rs ilinin sentyabr\u0131n 1-d\u0259 ba\u015flamas\u0131n\u0131n t\u0259r\u0259fdar\u0131 olsa da, b\u0259zil\u0259ri buna qar\u015f\u0131 \u00e7\u0131x\u0131r.<\/p>\n<p>T\u0259hsil Nazirliyind\u0259n is\u0259 bildirilib ki, bu m\u0259s\u0259l\u0259 m\u00fczakir\u0259 olunmur.<\/p>\n<p>Bildirilir ki, x\u00fcsusil\u0259 paytaxt Bak\u0131da ad\u0259t\u0259n sentyabr\u0131n 15-n\u0259 q\u0259d\u0259r k\u0259skin istil\u0259rin olmas\u0131 bu hala t\u0259sir ed\u0259n amill\u0259rd\u0259n biridir.\u00a0 D\u00f6vl\u0259t \u0130mtahan M\u0259rk\u0259zi\u00a0 t\u0259r\u0259find\u0259n ke\u00e7iril\u0259n imtahanlar kurikulum \u0259sas\u0131nda g\u00f6t\u00fcr\u00fcld\u00fcy\u00fc \u00fc\u00e7\u00fcn vaxt al\u0131r. D\u0259rsl\u0259r sentyabr\u0131n \u0259vv\u0259lin\u0259 ke\u00e7iril\u0259rs\u0259, o zaman g\u0259r\u0259k imtahanlar yanvar ay\u0131na t\u0259yin olunsun.<\/p>\n<p><strong>T\u0259hsil eksperti Kamran \u018fs\u0259dovun m\u00f6vzu il\u0259 ba\u011fl\u0131 \u201cYeni M\u00fcsavat\u201da a\u00e7\u0131qlad\u0131\u011f\u0131 fikirl\u0259r diqq\u0259t \u00e7\u0259kdi:<\/strong>\u00a0\u201cQeyd edim ki, 2004-c\u00fc il\u0259 q\u0259d\u0259r \u201dBilik g\u00fcn\u00fc&#8221; sentyabr\u0131n 1-n\u0259 t\u0259sad\u00fcf edirdi. Lakin Prezident \u0130lham \u018fliyevin 21 avqust 2004-c\u00fc il tarixli f\u0259rman\u0131na \u0259sas\u0259n, Az\u0259rbaycan\u0131n b\u00fct\u00fcn t\u0259hsil m\u00fc\u0259ssis\u0259l\u0259rind\u0259 d\u0259rsl\u0259rin 15 sentyabrdan ba\u015flanmas\u0131 q\u0259rara al\u0131n\u0131b. Ard\u0131nca edil\u0259n d\u0259yi\u015fiklikl\u0259 2015-2016-c\u0131 t\u0259dris ilind\u0259n \u00fcmumt\u0259hsil m\u0259kt\u0259bl\u0259rind\u0259 d\u0259rsl\u0259r may\u0131n 31-d\u0259 yox, iyunun 14-d\u0259 ba\u015fa \u00e7at\u0131r. Qeyd edim ki, \u015fagirdl\u0259rin t\u0259lim y\u00fck\u00fcn\u00fcn azald\u0131lmas\u0131n\u0131 d\u0259rs g\u00fcnl\u0259rinin say\u0131n\u0131n art\u0131r\u0131lmas\u0131 hesab\u0131na deyil, t\u0259hsil proqramlar\u0131ndak\u0131 ikinci, \u00fc\u00e7\u00fcnc\u00fc d\u0259r\u0259c\u0259li laz\u0131ms\u0131z materiallar\u0131n s\u0131x\u0131\u015fd\u0131r\u0131lmas\u0131 yolu il\u0259 h\u0259ll etm\u0259k olar. Dig\u0259r t\u0259r\u0259fd\u0259n, d\u0259rs ilini sentyabr\u0131n 15-d\u0259n 1-n\u0259 \u00e7\u0259km\u0259kl\u0259 z\u0259ruri hesab olunan iki h\u0259ft\u0259 b\u0259rpa edil\u0259 bil\u0259r&#8221;.<\/p>\n<p><strong>Ekspert ayr\u0131-ayr\u0131 \u00f6lk\u0259l\u0259rd\u0259 d\u0259rs ilinin ba\u015flama-bitm\u0259 vaxtlar\u0131n\u0131 misal \u00e7\u0259k\u0259r\u0259k onlar\u0131n t\u0259cr\u00fcb\u0259l\u0259rini b\u00f6l\u00fc\u015f\u00fcb:<\/strong>\u00a0\u201c\u018fg\u0259r beyn\u0259lxalq t\u0259cr\u00fcb\u0259ni \u0259sas g\u00f6t\u00fcr\u00fcr\u00fcks\u0259, d\u00fcnyan\u0131n m\u00fcxt\u0259lif \u00f6lk\u0259l\u0259rind\u0259 d\u0259rs ilinin ba\u015flama v\u0259 ba\u015fa \u00e7atmas\u0131 tarixl\u0259ri \u0259n\u0259n\u0259vi olaraq iqlimd\u0259n v\u0259 d\u0259rs y\u00fck\u00fcnd\u0259n as\u0131l\u0131 olmayaraq m\u00fcxt\u0259lifdir. Dey\u0259k ki, Rusiyada \u0259n\u0259n\u0259vi olaraq 1 sentyabr \u201dBilik g\u00fcn\u00fc&#8221;d\u00fcr. M\u0259kt\u0259blil\u0259rin t\u0259til\u0259 yolland\u0131\u011f\u0131 tarix is\u0259 may\u0131n 25-dir. G\u00fcrc\u00fcstanda d\u0259rs ili sentyabr\u0131n 10-dan sonra g\u0259l\u0259n ilk bazar ert\u0259si g\u00fcn\u00fc ba\u015flay\u0131r. Bel\u00e7ikada, \u00c7exiyada, Macar\u0131standa, \u0130sraild\u0259, Estoniyada d\u0259rs ili sentyabr\u0131n 1-i ba\u015flay\u0131r v\u0259 m\u00fcvafiq olaraq iyunun \u0259vv\u0259lin\u0259, ortalar\u0131na v\u0259 ax\u0131rlar\u0131na kimi davam edir. \u0130randa v\u0259 T\u00fcrkiy\u0259d\u0259 d\u0259rsl\u0259r sentyabrda ba\u015flay\u0131b, iyun ay\u0131nda ba\u015fa \u00e7at\u0131r. V\u0259 yaxud Yaponiyada m\u0259kt\u0259bl\u0259r aprelin 6-da a\u00e7\u0131l\u0131r. Erm\u0259nistanda m\u0259kt\u0259bl\u0259r 1 sentyabrda a\u00e7\u0131l\u0131r v\u0259 may\u0131n sonuna q\u0259d\u0259r davam edir. \u0130randa is\u0259 d\u0259rsl\u0259r sentyabrda ba\u015flay\u0131b iyuna q\u0259d\u0259r davam edir. Hindistanda ibtidai v\u0259 orta m\u0259kt\u0259bl\u0259rd\u0259 d\u0259rsl\u0259r iyun ay\u0131ndan n\u00f6vb\u0259ti ilin mart ay\u0131na q\u0259d\u0259r olan d\u00f6vr\u00fc \u0259hat\u0259 edir. \u0130ndoneziyada d\u0259rs ili iyuldan n\u00f6vb\u0259ti ilin iyununa q\u0259d\u0259r olan 11 ay\u0131 \u0259hat\u0259 edir. \u0130sraild\u0259 1 sentyabrda ba\u015flayan t\u0259hsil prosesi iyunun 20-n\u0259 q\u0259d\u0259r davam el\u0259yir. \u0130taliyada m\u0259kt\u0259bl\u0259r sentyabr\u0131n ilk 15 g\u00fcnl\u00fcy\u00fcnd\u0259 ba\u015flay\u0131r v\u0259 iyunda ba\u015fa \u00e7at\u0131r. Amma B\u00f6y\u00fck Britaniyan\u0131n dig\u0259r subyekti \u015eotlandiyada d\u0259rsl\u0259r avqustun ortalar\u0131nda, yaxud sonlar\u0131nda ba\u015flay\u0131b n\u00f6vb\u0259ti il iyunun sonlar\u0131na v\u0259 iyulun \u0259vv\u0259ll\u0259rin\u0259 q\u0259d\u0259r davam edir&#8221;.<\/p>\n<p><img loading=\"lazy\" src=\"https:\/\/azedu.az\/uploads\/news\/2019\/01\/azedu.az_412144663_492.jpg\" alt=\"H\u0259mi\u015f\u0259 demi\u015f\u0259m ki, t\u0259hsil eksperti deyil\u0259m, bu iddiam da olmay\u0131b\u201d \u2013 Kamran  \u018fs\u0259dov - AzEdu.az AZ\u018fRBAYCAN T\u018fHS\u0130L PORTALI\" width=\"839\" height=\"454\" \/><\/p>\n<p><strong>Kamran \u018fs\u0259dov<\/strong><\/p>\n<p><strong>K.\u018fs\u0259dov qeyd edib ki, AB\u015e-da \u201cBilik g\u00fcn\u00fc\u201dn\u00fcn konkret tarixi yoxdur:<\/strong>\u00a0\u201c\u015etatlar v\u0259 yerli qanunverici orqanlar bunun \u00fc\u00e7\u00fcn f\u0259rqli tarixl\u0259r se\u00e7irl\u0259r. Bir \u00e7ox m\u0259kt\u0259bl\u0259r \u201dBilik g\u00fcn\u00fc&#8221; sentyabr ay\u0131n\u0131n ilk bazar ert\u0259si, yaxud c\u00fcm\u0259 ax\u015fam\u0131na t\u0259sad\u00fcf edir. Amma \u00f6lk\u0259nin c\u0259nubunda d\u0259rsl\u0259r iyulun sonlar\u0131 v\u0259 avqustun \u0259vv\u0259ll\u0259rind\u0259n ba\u015flay\u0131r. Standart t\u0259dris prosesi 42 h\u0259ft\u0259ni \u0259hat\u0259 edir v\u0259 iyun ay\u0131n\u0131n ilk bazar ert\u0259sin\u0259 q\u0259d\u0259r davam edir. \u0130yul-avqustda t\u0259dris\u0259 ba\u015flayan m\u0259kt\u0259bl\u0259r is\u0259 may\u0131n ilk bazar ert\u0259si d\u0259rsl\u0259r\u0259 stop deyir. \u00dcmumiyy\u0259tl\u0259, he\u00e7 bir \u00f6lk\u0259d\u0259 d\u0259rs ili h\u0259r hans\u0131 ay\u0131n ortas\u0131ndan yox, ay\u0131n \u0259vv\u0259lind\u0259n ba\u015flay\u0131r. Bizd\u0259 d\u0259 sovetl\u0259r vaxt\u0131nda d\u0259rs ili sentyabr\u0131n 1-d\u0259n hesablan\u0131rd\u0131 v\u0259 bu \u00e7ox u\u011furlu se\u00e7im idi. \u00c7\u00fcnki t\u0259dris planlar\u0131, m\u0259kt\u0259b proqramlar\u0131n\u0131n daha yax\u015f\u0131 m\u0259nims\u0259nilm\u0259sind\u0259 d\u0259rsl\u0259rin ay\u0131n \u0259vv\u0259li ba\u015flamas\u0131 \u00e7ox k\u00f6m\u0259k edirdi. Amma biz ne\u00e7\u0259 t\u0259dris ilidir ki, sentyabr\u0131n 15-d\u0259n u\u015faqlar\u0131m\u0131z\u0131 m\u0259kt\u0259b\u0259 yollay\u0131r\u0131q. Lakin bunun ancaq v\u0259 ancaq m\u0259nfi n\u0259tic\u0259l\u0259rini g\u00f6r\u00fcr\u00fck. Bel\u0259 d\u00fc\u015f\u00fcn\u00fcr\u0259m ki, bu q\u0259rar bir q\u0259d\u0259r t\u0259l\u0259sik at\u0131lm\u0131\u015f add\u0131m idi.<\/p>\n<p>D\u00fczd\u00fcr, d\u00fcnyada t\u0259dris ilinin uzun olmas\u0131 b\u00fct\u00fcn \u00f6lk\u0259l\u0259rd\u0259 h\u0259m d\u0259 onlar\u0131n inki\u015faf g\u00f6st\u0259ricisi say\u0131l\u0131r. Bu h\u0259m d\u0259 kurikulumun m\u0259zmun keyfiyy\u0259tinin art\u0131r\u0131lmas\u0131, t\u0259dris y\u00fck\u00fcn\u00fcn azald\u0131lmas\u0131 il\u0259 ba\u011fl\u0131 g\u00f6r\u00fcl\u0259n t\u0259dbirl\u0259rd\u0259n biridir. Avropa Birliyin\u0259 aid olan v\u0259 d\u00fcnyan\u0131n m\u00fcasir, inki\u015faf etmi\u015f \u00f6lk\u0259l\u0259rind\u0259 t\u0259dris ili bizim t\u0259dris ilind\u0259n \u0259n az\u0131 4-6 h\u0259ft\u0259 uzundur. Onlarda \u00fcmumt\u0259hsil m\u0259kt\u0259bl\u0259rind\u0259 orta t\u0259hsilin m\u00fcdd\u0259ti d\u0259 12-13 il, h\u0259tta 14 il hesablan\u0131r. T\u0259drisin daha uzunm\u00fcdd\u0259tli olmas\u0131 v\u0259 daha \u00e7ox t\u0259hsil inki\u015fafa y\u00f6n\u0259lmi\u015f add\u0131mlardan biridir. Burada ancaq m\u00fcsb\u0259t c\u0259h\u0259tl\u0259ri g\u00f6rm\u0259k m\u00fcmk\u00fcnd\u00fcr. T\u0259cr\u00fcb\u0259 g\u00f6st\u0259rir ki,\u00a0 bizim t\u0259qvimd\u0259 \u00e7oxlu sayda bayram t\u0259till\u0259ri v\u0259 qeyri-i\u015f g\u00fcnl\u0259ri oldu\u011fundan bu, orta m\u0259kt\u0259bl\u0259rd\u0259 t\u0259dris plan\u0131n\u0131n tam \u015f\u0259kild\u0259 h\u0259yata ke\u00e7irilm\u0259sin\u0259 mane olur. M\u00f6vzular\u0131n birl\u0259\u015fm\u0259si, yaz\u0131 i\u015fl\u0259ri v\u0259 onlar \u00fcz\u0259rind\u0259 s\u0259hvl\u0259rin t\u0259hlili i\u015finin apar\u0131lmamas\u0131, yekun d\u0259rsl\u0259rin ke\u00e7irilm\u0259m\u0259si kimi m\u0259s\u0259l\u0259l\u0259r \u015fagirdin biliyinin obyektiv qiym\u0259tl\u0259ndirilm\u0259sin\u0259 t\u0259sir ed\u0259n amill\u0259rd\u0259ndir. Lakin son 5-6 il\u0259 baxanda g\u00f6r\u00fcr\u00fck ki, d\u0259rsl\u0259rin 14 iyuna q\u0259d\u0259r davam etm\u0259si h\u0259m m\u00fc\u0259lliml\u0259rin, h\u0259m d\u0259 \u015fagirdl\u0259rin vaxt\u0131n\u0131 al\u0131r. Yay aylar\u0131nda \u015fagirdl\u0259rin d\u0259rs oxuma\u011fa bir o q\u0259d\u0259r d\u0259 h\u0259v\u0259si olmur. Apard\u0131\u011f\u0131m sor\u011fuda i\u015ftirak ed\u0259n \u015fagirdl\u0259r qeyd edir ki,\u00a0 m\u0259kt\u0259bd\u0259 oxuyark\u0259n t\u0259dris ilinin sonuna yax\u0131n yaln\u0131z istirah\u0259t haqq\u0131nda fikirl\u0259\u015firl\u0259r. \u0130yunun ortalar\u0131na kimi uzad\u0131lan d\u0259rsl\u0259rin he\u00e7 bir m\u0259nas\u0131 yoxdur. \u00c7\u00fcnki \u015fagirdl\u0259r d\u0259rsd\u0259 h\u0259v\u0259ssiz \u015f\u0259kild\u0259, cand\u0259rdi otururlar. Bunun is\u0259 n\u0259 m\u00fc\u0259llim\u0259, n\u0259 d\u0259 \u015fagird\u0259 faydas\u0131 ola bilm\u0259z&#8221;.<\/p>\n<p><strong>Ekspertin fikrinc\u0259, isti havada \u015fagirdl\u0259rin d\u0259rs\u0259 getm\u0259si sa\u011flaml\u0131q c\u0259h\u0259td\u0259n d\u0259 \u0259lav\u0259 probleml\u0259r yarada bil\u0259r:<\/strong>\u00a0\u201cBel\u0259 ki, istid\u0259 yor\u011fun, hals\u0131z u\u015faqlar bir d\u0259 m\u0259kt\u0259bd\u0259 \u0259lav\u0259 olaraq y\u00fckl\u0259nirl\u0259r. Bu is\u0259 onlar\u0131n s\u0259hh\u0259tin\u0259 yax\u015f\u0131 t\u0259sir g\u00f6st\u0259rm\u0259y\u0259 bil\u0259r. M\u0259nim fikrimc\u0259, d\u0259rs ili \u0259vv\u0259lki qaydada olsa, daha m\u0259qs\u0259d\u0259uy\u011fun olar. Bu, u\u015faqlardan \u0259lav\u0259, valideynl\u0259r \u00fc\u00e7\u00fcn d\u0259 art\u0131q problemdir. \u0130yunda \u00f6vlad\u0131n\u0131 m\u0259kt\u0259b\u0259 apar\u0131b-g\u0259tirm\u0259k onlar \u00fc\u00e7\u00fcn d\u0259 \u00e7\u0259tin v\u0259 z\u0259hm\u0259tlidir. \u00c7\u00fcnki bu ayda art\u0131q bir \u00e7oxlar\u0131 istirah\u0259t v\u0259 t\u0259til planlar\u0131 qurur. Vaxt\u0131 14 g\u00fcn uzatmaqla n\u0259y\u0259s\u0259 nail olma\u011f\u0131n m\u00fcmk\u00fcn olmad\u0131\u011f\u0131n\u0131 hesab edir\u0259m\u201d.<\/p>\n<p><img src=\"https:\/\/tehsil.biz\/uploads\/news\/big\/news_20210623041728.jpg\" alt=\"El\u00e7in \u018ff\u0259ndi: &quot;M\u0259n \u00e7ox t\u0259\u0259ss\u00fcf hissi il\u0259 qeyd edir\u0259m ki...&quot;\" \/><\/p>\n<p><strong>El\u00e7in \u018ff\u0259ndi\u00a0<\/strong><\/p>\n<p><strong>T\u0259hsil eksperti El\u00e7in \u018ff\u0259ndi is\u0259 hesab edir ki,\u00a0 t\u0259dris ili sentyabr\u0131n 15-i ba\u015flan\u0131b, may\u0131 31-d\u0259 bitm\u0259lidir:<\/strong>\u00a0\u201cT\u0259dris ilinin n\u0259 vaxt ba\u015flan\u0131b bitm\u0259si m\u0259s\u0259l\u0259sin\u0259 \u00fcmumi yana\u015fd\u0131qda t\u0259hsild\u0259 \u0259sas k\u0259miyy\u0259t g\u00f6st\u0259ricisi deyil. Biz t\u0259hsilin keyfiyy\u0259ti \u00fc\u00e7\u00fcn \u00e7al\u0131\u015fmal\u0131y\u0131q. M\u00fcxt\u0259lif \u00f6lk\u0259l\u0259rd\u0259 d\u0259rsl\u0259r f\u0259rqli tarixl\u0259rd\u0259 ba\u015flan\u0131r. Ke\u00e7mi\u015f SSR\u0130 \u00f6lk\u0259l\u0259rind\u0259 t\u0259dris ili 1 sentyabr-25 may aral\u0131\u011f\u0131ndad\u0131r. Biz is\u0259 m\u00fcst\u0259qil \u00f6lk\u0259yik v\u0259 \u00f6z\u00fcm\u00fcz\u0259 m\u0259xsus t\u0259hsil \u0259n\u0259n\u0259si formala\u015fd\u0131rmal\u0131y\u0131q\u201d.<\/p>\n","protected":false},"excerpt":{"rendered":"<p>Ekspert: \u201cNe\u00e7\u0259 ildir ki, sentyabr\u0131n 15-d\u0259n u\u015faqlar\u0131m\u0131z\u0131 m\u0259kt\u0259b\u0259 yollay\u0131r\u0131q, bunun ancaq m\u0259nfi n\u0259tic\u0259l\u0259rini g\u00f6r\u00fcr\u00fck\u201d Yen\u0259 d\u0259 t\u0259dris ilinin sonunda valideynl\u0259rin, \u015fagirdl\u0259rin naraz\u0131l\u0131\u011f\u0131 ba\u015f qald\u0131r\u0131b. \u0130nsanlar d\u0259rs ilinin iyunun 14-d\u0259 bitm\u0259sin\u0259 etiraz edirl\u0259r. Qeyd ed\u0259k ki, d\u00fcnyan\u0131n bir s\u0131ra \u00f6lk\u0259l\u0259rind\u0259 yeni d\u0259rs ili \u0259n\u0259n\u0259y\u0259 uy\u011fun olaraq sentyabr\u0131n 1-d\u0259 ba\u015flay\u0131r. 1 sentyabr h\u0259m d\u0259 \u201cBilik g\u00fcn\u00fc\u201d\u00a0 kimi qeyd olunur. \u201cBilik g\u00fcn\u00fc\u201dn\u00fcn d\u00fcnyan\u0131n ayr\u0131-ayr\u0131 \u00f6lk\u0259l\u0259rind\u0259 f\u0259rqli vaxtda v\u0259 f\u0259rqli qaydada\u00a0 ke\u00e7irilm\u0259si \u0259n\u0259n\u0259si d\u0259 var. M\u0259lumdur ki, \u0259vv\u0259ll\u0259r \u00f6lk\u0259mizd\u0259 d\u0259 d\u0259rs ili sentyabr\u0131n 1-d\u0259 ba\u015flay\u0131rd\u0131. Sonradan bu tarix sentyabr\u0131n 15-i il\u0259 \u0259v\u0259zl\u0259ndi. Ancaq bu&hellip;<\/p>\n","protected":false},"author":2,"featured_media":488648,"comment_status":"closed","ping_status":"closed","sticky":false,"template":"","format":"standard","meta":{"om_disable_all_campaigns":false,"_monsterinsights_skip_tracking":false,"_monsterinsights_sitenote_active":false,"_monsterinsights_sitenote_note":"","_monsterinsights_sitenote_category":0},"categories":[23],"tags":[],"aioseo_notices":[],"gutentor_comment":0,"rttpg_featured_image_url":{"full":["https:\/\/arantv.az\/wp-content\/uploads\/2022\/06\/aa9b1acd0e09ac76a57dce7c2e521174.jpg",549,375,false],"landscape":["https:\/\/arantv.az\/wp-content\/uploads\/2022\/06\/aa9b1acd0e09ac76a57dce7c2e521174.jpg",549,375,false],"portraits":["https:\/\/arantv.az\/wp-content\/uploads\/2022\/06\/aa9b1acd0e09ac76a57dce7c2e521174.jpg",549,375,false],"thumbnail":["https:\/\/arantv.az\/wp-content\/uploads\/2022\/06\/aa9b1acd0e09ac76a57dce7c2e521174-500x280.jpg",500,280,true],"medium":["https:\/\/arantv.az\/wp-content\/uploads\/2022\/06\/aa9b1acd0e09ac76a57dce7c2e521174-534x365.jpg",534,365,true],"large":["https:\/\/arantv.az\/wp-content\/uploads\/2022\/06\/aa9b1acd0e09ac76a57dce7c2e521174.jpg",549,375,false],"1536x1536":["https:\/\/arantv.az\/wp-content\/uploads\/2022\/06\/aa9b1acd0e09ac76a57dce7c2e521174.jpg",549,375,false],"2048x2048":["https:\/\/arantv.az\/wp-content\/uploads\/2022\/06\/aa9b1acd0e09ac76a57dce7c2e521174.jpg",549,375,false],"post-thumbnail":["https:\/\/arantv.az\/wp-content\/uploads\/2022\/06\/aa9b1acd0e09ac76a57dce7c2e521174-240x172.jpg",240,172,true],"advps-thumb-one":["https:\/\/arantv.az\/wp-content\/uploads\/2022\/06\/aa9b1acd0e09ac76a57dce7c2e521174.jpg",549,375,false]},"rttpg_author":{"display_name":"V\u00fcsal Rafiqo\u011flu","author_link":"https:\/\/arantv.az\/?author=2"},"rttpg_comment":0,"rttpg_category":"<a href=\"https:\/\/arantv.az\/?cat=23\" rel=\"category\">T\u0259hsil<\/a>","rttpg_excerpt":"Ekspert: \u201cNe\u00e7\u0259 ildir ki, sentyabr\u0131n 15-d\u0259n u\u015faqlar\u0131m\u0131z\u0131 m\u0259kt\u0259b\u0259 yollay\u0131r\u0131q, bunun ancaq m\u0259nfi n\u0259tic\u0259l\u0259rini g\u00f6r\u00fcr\u00fck\u201d Yen\u0259 d\u0259 t\u0259dris ilinin sonunda valideynl\u0259rin, \u015fagirdl\u0259rin naraz\u0131l\u0131\u011f\u0131 ba\u015f qald\u0131r\u0131b. \u0130nsanlar d\u0259rs ilinin iyunun 14-d\u0259 bitm\u0259sin\u0259 etiraz edirl\u0259r. Qeyd ed\u0259k ki, d\u00fcnyan\u0131n bir s\u0131ra \u00f6lk\u0259l\u0259rind\u0259 yeni d\u0259rs ili \u0259n\u0259n\u0259y\u0259 uy\u011fun olaraq sentyabr\u0131n 1-d\u0259 ba\u015flay\u0131r. 1 sentyabr h\u0259m d\u0259 \u201cBilik g\u00fcn\u00fc\u201d\u00a0 kimi&hellip;","_links":{"self":[{"href":"https:\/\/arantv.az\/index.php?rest_route=\/wp\/v2\/posts\/488647"}],"collection":[{"href":"https:\/\/arantv.az\/index.php?rest_route=\/wp\/v2\/posts"}],"about":[{"href":"https:\/\/arantv.az\/index.php?rest_route=\/wp\/v2\/types\/post"}],"author":[{"embeddable":true,"href":"https:\/\/arantv.az\/index.php?rest_route=\/wp\/v2\/users\/2"}],"replies":[{"embeddable":true,"href":"https:\/\/arantv.az\/index.php?rest_route=%2Fwp%2Fv2%2Fcomments&post=488647"}],"version-history":[{"count":0,"href":"https:\/\/arantv.az\/index.php?rest_route=\/wp\/v2\/posts\/488647\/revisions"}],"wp:featuredmedia":[{"embeddable":true,"href":"https:\/\/arantv.az\/index.php?rest_route=\/wp\/v2\/media\/488648"}],"wp:attachment":[{"href":"https:\/\/arantv.az\/index.php?rest_route=%2Fwp%2Fv2%2Fmedia&parent=488647"}],"wp:term":[{"taxonomy":"category","embeddable":true,"href":"https:\/\/arantv.az\/index.php?rest_route=%2Fwp%2Fv2%2Fcategories&post=488647"},{"taxonomy":"post_tag","embeddable":true,"href":"https:\/\/arantv.az\/index.php?rest_route=%2Fwp%2Fv2%2Ftags&post=488647"}],"curies":[{"name":"wp","href":"https:\/\/api.w.org\/{rel}","templated":true}]}}