{"id":488650,"date":"2022-06-24T07:33:42","date_gmt":"2022-06-24T04:33:42","guid":{"rendered":"https:\/\/arantv.az\/?p=488650"},"modified":"2022-06-24T07:33:42","modified_gmt":"2022-06-24T04:33:42","slug":"kiml%c9%99r-dostumuz-kiml%c9%99r-dusm%c9%99nimizdir-sorgu","status":"publish","type":"post","link":"https:\/\/arantv.az\/?p=488650","title":{"rendered":"Kiml\u0259r dostumuz, kiml\u0259r d\u00fc\u015fm\u0259nimizdir? -SOR\u011eU"},"content":{"rendered":"<p><strong>Son zamanlar bir s\u0131ra d\u00f6vl\u0259tl\u0259r r\u0259smi \u015f\u0259kild\u0259 dost olmayan \u00f6lk\u0259l\u0259rin siyah\u0131s\u0131n\u0131 yay\u0131r. Bu m\u0259s\u0259l\u0259d\u0259 \u0259sas\u0259n AB\u015e-la Rusiya aktivdir.<\/strong><\/p>\n<p>M\u0259lumdur ki, Az\u0259rbaycana dost ola bilm\u0259y\u0259c\u0259k yegan\u0259 d\u00f6vl\u0259t Erm\u0259nistand\u0131r. O c\u00fcml\u0259d\u0259n, biz\u0259 \u0259n yax\u0131n dost v\u0259 qarda\u015f olan \u00f6lk\u0259 T\u00fcrkiy\u0259dir.<br \/>\nOnu da qeyd etm\u0259k laz\u0131md\u0131r ki, \u00f6lk\u0259 Prezidenti \u0130lham \u018fliyevin d\u0259 dediyi kimi, Az\u0259rbaycan\u0131n haqq sava\u015f\u0131nda yan\u0131nda olan h\u0259r bir d\u00f6vl\u0259t Az\u0259rbaycana dost d\u00f6vl\u0259tdir. Lakin bu haqq sava\u015f\u0131nda Az\u0259rbaycan\u0131n yan\u0131nda olmayan, Erm\u0259nistana d\u0259st\u0259k olan h\u0259r bir d\u00f6vl\u0259t Az\u0259rbaycana dost olmayan \u00f6lk\u0259l\u0259rin siyah\u0131s\u0131na aiddir.<\/p>\n<p>Maraql\u0131d\u0131r, b\u0259s paytaxt sakinl\u0259rinin fikirl\u0259rin\u0259 g\u00f6r\u0259 Az\u0259rbaycana dost olan v\u0259 dost olmayan \u00f6lk\u0259l\u0259r hans\u0131lard\u0131r?<\/p>\n<p>M\u00f6vzu il\u0259 ba\u011fl\u0131 Tv M\u00fcsavat\u0131n \u0259m\u0259kda\u015flar\u0131 paytaxt sakinl\u0259ri aras\u0131nda sor\u011fu ke\u00e7irib, onlar\u0131n fikirl\u0259rini \u00f6yr\u0259nm\u0259y\u0259 \u00e7al\u0131\u015f\u0131b.<\/p>\n<p>&nbsp;<\/p>\n<p><strong>L\u0259man R\u00fcf\u0259tq\u0131z\u0131, Anar \u018fhm\u0259d<\/strong><br \/>\n<strong>Musavat.com<\/strong><\/p>\n<p><iframe title=\"Kiml\u0259r dostumuz, kiml\u0259r d\u00fc\u015fm\u0259nimizdir? - SOR\u011eU\" src=\"https:\/\/www.youtube.com\/embed\/zAwWvjAqi3Q\" frameborder=\"0\" allowfullscreen=\"allowfullscreen\" data-mce-fragment=\"1\"><\/iframe><\/p>\n","protected":false},"excerpt":{"rendered":"<p>Son zamanlar bir s\u0131ra d\u00f6vl\u0259tl\u0259r r\u0259smi \u015f\u0259kild\u0259 dost olmayan \u00f6lk\u0259l\u0259rin siyah\u0131s\u0131n\u0131 yay\u0131r. Bu m\u0259s\u0259l\u0259d\u0259 \u0259sas\u0259n AB\u015e-la Rusiya aktivdir. M\u0259lumdur ki, Az\u0259rbaycana dost ola bilm\u0259y\u0259c\u0259k yegan\u0259 d\u00f6vl\u0259t Erm\u0259nistand\u0131r. O c\u00fcml\u0259d\u0259n, biz\u0259 \u0259n yax\u0131n dost v\u0259 qarda\u015f olan \u00f6lk\u0259 T\u00fcrkiy\u0259dir. Onu da qeyd etm\u0259k laz\u0131md\u0131r ki, \u00f6lk\u0259 Prezidenti \u0130lham \u018fliyevin d\u0259 dediyi kimi, Az\u0259rbaycan\u0131n haqq sava\u015f\u0131nda yan\u0131nda olan h\u0259r bir d\u00f6vl\u0259t Az\u0259rbaycana dost d\u00f6vl\u0259tdir. Lakin bu haqq sava\u015f\u0131nda Az\u0259rbaycan\u0131n yan\u0131nda olmayan, Erm\u0259nistana d\u0259st\u0259k olan h\u0259r bir d\u00f6vl\u0259t Az\u0259rbaycana dost olmayan \u00f6lk\u0259l\u0259rin siyah\u0131s\u0131na aiddir. Maraql\u0131d\u0131r, b\u0259s paytaxt sakinl\u0259rinin fikirl\u0259rin\u0259 g\u00f6r\u0259 Az\u0259rbaycana dost olan&hellip;<\/p>\n","protected":false},"author":2,"featured_media":488651,"comment_status":"closed","ping_status":"closed","sticky":false,"template":"","format":"standard","meta":{"om_disable_all_campaigns":false,"_monsterinsights_skip_tracking":false,"_monsterinsights_sitenote_active":false,"_monsterinsights_sitenote_note":"","_monsterinsights_sitenote_category":0},"categories":[1],"tags":[],"aioseo_notices":[],"gutentor_comment":0,"rttpg_featured_image_url":{"full":["https:\/\/arantv.az\/wp-content\/uploads\/2022\/06\/2820e880add63e4fb0daa30676d935e4.jpg",745,418,false],"landscape":["https:\/\/arantv.az\/wp-content\/uploads\/2022\/06\/2820e880add63e4fb0daa30676d935e4.jpg",745,418,false],"portraits":["https:\/\/arantv.az\/wp-content\/uploads\/2022\/06\/2820e880add63e4fb0daa30676d935e4.jpg",745,418,false],"thumbnail":["https:\/\/arantv.az\/wp-content\/uploads\/2022\/06\/2820e880add63e4fb0daa30676d935e4-500x280.jpg",500,280,true],"medium":["https:\/\/arantv.az\/wp-content\/uploads\/2022\/06\/2820e880add63e4fb0daa30676d935e4-651x365.jpg",651,365,true],"large":["https:\/\/arantv.az\/wp-content\/uploads\/2022\/06\/2820e880add63e4fb0daa30676d935e4.jpg",640,359,false],"1536x1536":["https:\/\/arantv.az\/wp-content\/uploads\/2022\/06\/2820e880add63e4fb0daa30676d935e4.jpg",745,418,false],"2048x2048":["https:\/\/arantv.az\/wp-content\/uploads\/2022\/06\/2820e880add63e4fb0daa30676d935e4.jpg",745,418,false],"post-thumbnail":["https:\/\/arantv.az\/wp-content\/uploads\/2022\/06\/2820e880add63e4fb0daa30676d935e4-240x172.jpg",240,172,true],"advps-thumb-one":["https:\/\/arantv.az\/wp-content\/uploads\/2022\/06\/2820e880add63e4fb0daa30676d935e4.jpg",745,418,false]},"rttpg_author":{"display_name":"V\u00fcsal Rafiqo\u011flu","author_link":"https:\/\/arantv.az\/?author=2"},"rttpg_comment":0,"rttpg_category":"<a href=\"https:\/\/arantv.az\/?cat=1\" rel=\"category\">C\u0259miyy\u0259t<\/a>","rttpg_excerpt":"Son zamanlar bir s\u0131ra d\u00f6vl\u0259tl\u0259r r\u0259smi \u015f\u0259kild\u0259 dost olmayan \u00f6lk\u0259l\u0259rin siyah\u0131s\u0131n\u0131 yay\u0131r. Bu m\u0259s\u0259l\u0259d\u0259 \u0259sas\u0259n AB\u015e-la Rusiya aktivdir. M\u0259lumdur ki, Az\u0259rbaycana dost ola bilm\u0259y\u0259c\u0259k yegan\u0259 d\u00f6vl\u0259t Erm\u0259nistand\u0131r. O c\u00fcml\u0259d\u0259n, biz\u0259 \u0259n yax\u0131n dost v\u0259 qarda\u015f olan \u00f6lk\u0259 T\u00fcrkiy\u0259dir. Onu da qeyd etm\u0259k laz\u0131md\u0131r ki, \u00f6lk\u0259 Prezidenti \u0130lham \u018fliyevin d\u0259 dediyi kimi, Az\u0259rbaycan\u0131n haqq sava\u015f\u0131nda yan\u0131nda&hellip;","_links":{"self":[{"href":"https:\/\/arantv.az\/index.php?rest_route=\/wp\/v2\/posts\/488650"}],"collection":[{"href":"https:\/\/arantv.az\/index.php?rest_route=\/wp\/v2\/posts"}],"about":[{"href":"https:\/\/arantv.az\/index.php?rest_route=\/wp\/v2\/types\/post"}],"author":[{"embeddable":true,"href":"https:\/\/arantv.az\/index.php?rest_route=\/wp\/v2\/users\/2"}],"replies":[{"embeddable":true,"href":"https:\/\/arantv.az\/index.php?rest_route=%2Fwp%2Fv2%2Fcomments&post=488650"}],"version-history":[{"count":0,"href":"https:\/\/arantv.az\/index.php?rest_route=\/wp\/v2\/posts\/488650\/revisions"}],"wp:featuredmedia":[{"embeddable":true,"href":"https:\/\/arantv.az\/index.php?rest_route=\/wp\/v2\/media\/488651"}],"wp:attachment":[{"href":"https:\/\/arantv.az\/index.php?rest_route=%2Fwp%2Fv2%2Fmedia&parent=488650"}],"wp:term":[{"taxonomy":"category","embeddable":true,"href":"https:\/\/arantv.az\/index.php?rest_route=%2Fwp%2Fv2%2Fcategories&post=488650"},{"taxonomy":"post_tag","embeddable":true,"href":"https:\/\/arantv.az\/index.php?rest_route=%2Fwp%2Fv2%2Ftags&post=488650"}],"curies":[{"name":"wp","href":"https:\/\/api.w.org\/{rel}","templated":true}]}}