{"id":48881,"date":"2019-04-03T10:06:56","date_gmt":"2019-04-03T07:06:56","guid":{"rendered":"http:\/\/arantv.az\/?p=48881"},"modified":"2019-04-03T10:06:56","modified_gmt":"2019-04-03T07:06:56","slug":"s%c9%99mkird%c9%99-q%c9%99rib%c9%99-olay-yasda-yem%c9%99k-yey%c9%99-bilm%c9%99diyi-ucun-q%c9%99birl%c9%99ri-dagitdi-video","status":"publish","type":"post","link":"https:\/\/arantv.az\/?p=48881","title":{"rendered":"\u015e\u0259mkird\u0259 Q\u018fR\u0130B\u018f OLAY: Yasda yem\u0259k yey\u0259 bilm\u0259diyi \u00fc\u00e7\u00fcn q\u0259birl\u0259ri da\u011f\u0131td\u0131 (V\u0130DEO)"},"content":{"rendered":"<div class=\"row m-0 p-0 mt-2\">\n<div class=\"col-12 col-sm-12 col-lg-12 icSehifeBody p-2 m-0\">\n<p><strong>Yas m\u0259rasimind\u0259 yem\u0259k yey\u0259 bilm\u0259diyind\u0259n hidd\u0259tl\u0259n\u0259n \u015e\u0259mkir sakini k\u0259nd q\u0259bristanl\u0131\u011f\u0131nda m\u0259zar da\u015flar\u0131n\u0131 v\u0259 g\u00fcldanlar\u0131 s\u0131nd\u0131r\u0131b.<\/strong><\/p>\n<p><strong>ARANTV.AZ\u00a0<\/strong>\u00a0&#8220;K\u0259p\u0259z&#8221; tv-y\u0259 istinad\u0259n x\u0259b\u0259r verir ki, \u015e\u0259mkir rayon polis \u015f\u00f6b\u0259si \u0259m\u0259kda\u015flar\u0131n\u0131n ke\u00e7irdikl\u0259ri \u0259m\u0259liyyat-axtar\u0131\u015f t\u0259dbirl\u0259ri n\u0259tic\u0259sind\u0259 h\u0259min cinay\u0259ti t\u00f6r\u0259tmi\u015f \u015f\u0259xsin 1993-c\u00fc ild\u0259 \u015e\u0259mkir rayonunda anadan olmu\u015f 2010 cu il tarixd\u0259n \u015e\u0259mkir rayon Poliklinikas\u0131nda epilepsiya y\u0259ni tez-tez q\u0131colma tutmalar\u0131 \u015f\u0259xsiyy\u0259tin d\u0259yi\u015fm\u0259si diaqnozu il\u0259 qeydiyyatda olan \u015e\u0259mkir rayon Ke\u00e7ili k\u0259nd sakini N\u0259c\u0259fli \u00c7o\u015fqun Sabir o\u011flunun olmas\u0131 m\u00fc\u0259y\u0259n edilib. H\u0259min \u015f\u0259xs1 aprel 2019-cu il tarixd\u0259 isti izl\u0259rl\u0259 tutularaq istintaqa t\u0259qdim \u00a0olunub.<\/p>\n<p>Polis \u0259m\u0259kda\u015flar\u0131 t\u0259r\u0259find\u0259n saxlan\u0131lan \u00c7o\u015fqun N\u0259c\u0259fli q\u0259biristanl\u0131qda 50-d\u0259n \u00e7ox m\u0259zara ziyan vurub. Saxlan\u0131lan \u015f\u0259xs bildirib ki, yas yerin\u0259 gec \u00e7at\u0131b. Ona yem\u0259k g\u0259tirm\u0259dikl\u0259ri \u00fc\u00e7\u00fcn o da gedib q\u0259biristanl\u0131qdak\u0131 g\u00fcldanlar\u0131 da\u011f\u0131d\u0131b.<\/p>\n<p>Haz\u0131rda cinay\u0259t i\u015fi \u00fczr\u0259 istintaq davam etdirilir.<\/p>\n<p>&nbsp;<\/p>\n<p><iframe loading=\"lazy\" src=\"https:\/\/www.youtube.com\/embed\/zwyRbTfUhwk\" width=\"100%\" height=\"315\" frameborder=\"0\" data-mce-fragment=\"1\"><\/iframe><\/p>\n<\/div>\n<\/div>\n<div class=\"row m-0 pl-2 p-0 mt-1\">\n<div class=\"\"><\/div>\n<\/div>\n","protected":false},"excerpt":{"rendered":"<p>Yas m\u0259rasimind\u0259 yem\u0259k yey\u0259 bilm\u0259diyind\u0259n hidd\u0259tl\u0259n\u0259n \u015e\u0259mkir sakini k\u0259nd q\u0259bristanl\u0131\u011f\u0131nda m\u0259zar da\u015flar\u0131n\u0131 v\u0259 g\u00fcldanlar\u0131 s\u0131nd\u0131r\u0131b. ARANTV.AZ\u00a0\u00a0&#8220;K\u0259p\u0259z&#8221; tv-y\u0259 istinad\u0259n x\u0259b\u0259r verir ki, \u015e\u0259mkir rayon polis \u015f\u00f6b\u0259si \u0259m\u0259kda\u015flar\u0131n\u0131n ke\u00e7irdikl\u0259ri \u0259m\u0259liyyat-axtar\u0131\u015f t\u0259dbirl\u0259ri n\u0259tic\u0259sind\u0259 h\u0259min cinay\u0259ti t\u00f6r\u0259tmi\u015f \u015f\u0259xsin 1993-c\u00fc ild\u0259 \u015e\u0259mkir rayonunda anadan olmu\u015f 2010 cu il tarixd\u0259n \u015e\u0259mkir rayon Poliklinikas\u0131nda epilepsiya y\u0259ni tez-tez q\u0131colma tutmalar\u0131 \u015f\u0259xsiyy\u0259tin d\u0259yi\u015fm\u0259si diaqnozu il\u0259 qeydiyyatda olan \u015e\u0259mkir rayon Ke\u00e7ili k\u0259nd sakini N\u0259c\u0259fli \u00c7o\u015fqun Sabir o\u011flunun olmas\u0131 m\u00fc\u0259y\u0259n edilib. H\u0259min \u015f\u0259xs1 aprel 2019-cu il tarixd\u0259 isti izl\u0259rl\u0259 tutularaq istintaqa t\u0259qdim \u00a0olunub. Polis \u0259m\u0259kda\u015flar\u0131 t\u0259r\u0259find\u0259n saxlan\u0131lan \u00c7o\u015fqun N\u0259c\u0259fli q\u0259biristanl\u0131qda 50-d\u0259n&hellip;<\/p>\n","protected":false},"author":2,"featured_media":48882,"comment_status":"closed","ping_status":"closed","sticky":false,"template":"","format":"standard","meta":{"om_disable_all_campaigns":false,"_monsterinsights_skip_tracking":false,"_monsterinsights_sitenote_active":false,"_monsterinsights_sitenote_note":"","_monsterinsights_sitenote_category":0},"categories":[5],"tags":[],"aioseo_notices":[],"gutentor_comment":0,"rttpg_featured_image_url":{"full":["https:\/\/arantv.az\/wp-content\/uploads\/2019\/04\/1554272651_b16020cb-488a-4d5d-96bd-16dc4defc7aa.jpg",600,400,false],"landscape":["https:\/\/arantv.az\/wp-content\/uploads\/2019\/04\/1554272651_b16020cb-488a-4d5d-96bd-16dc4defc7aa.jpg",600,400,false],"portraits":["https:\/\/arantv.az\/wp-content\/uploads\/2019\/04\/1554272651_b16020cb-488a-4d5d-96bd-16dc4defc7aa.jpg",600,400,false],"thumbnail":["https:\/\/arantv.az\/wp-content\/uploads\/2019\/04\/1554272651_b16020cb-488a-4d5d-96bd-16dc4defc7aa-150x150.jpg",150,150,true],"medium":["https:\/\/arantv.az\/wp-content\/uploads\/2019\/04\/1554272651_b16020cb-488a-4d5d-96bd-16dc4defc7aa-300x200.jpg",300,200,true],"large":["https:\/\/arantv.az\/wp-content\/uploads\/2019\/04\/1554272651_b16020cb-488a-4d5d-96bd-16dc4defc7aa.jpg",600,400,false],"1536x1536":["https:\/\/arantv.az\/wp-content\/uploads\/2019\/04\/1554272651_b16020cb-488a-4d5d-96bd-16dc4defc7aa.jpg",600,400,false],"2048x2048":["https:\/\/arantv.az\/wp-content\/uploads\/2019\/04\/1554272651_b16020cb-488a-4d5d-96bd-16dc4defc7aa.jpg",600,400,false],"post-thumbnail":["https:\/\/arantv.az\/wp-content\/uploads\/2019\/04\/1554272651_b16020cb-488a-4d5d-96bd-16dc4defc7aa-240x172.jpg",240,172,true],"advps-thumb-one":["https:\/\/arantv.az\/wp-content\/uploads\/2019\/04\/1554272651_b16020cb-488a-4d5d-96bd-16dc4defc7aa.jpg",600,400,false]},"rttpg_author":{"display_name":"V\u00fcsal Rafiqo\u011flu","author_link":"https:\/\/arantv.az\/?author=2"},"rttpg_comment":0,"rttpg_category":"<a href=\"https:\/\/arantv.az\/?cat=5\" rel=\"category\">Hadis\u0259<\/a>","rttpg_excerpt":"Yas m\u0259rasimind\u0259 yem\u0259k yey\u0259 bilm\u0259diyind\u0259n hidd\u0259tl\u0259n\u0259n \u015e\u0259mkir sakini k\u0259nd q\u0259bristanl\u0131\u011f\u0131nda m\u0259zar da\u015flar\u0131n\u0131 v\u0259 g\u00fcldanlar\u0131 s\u0131nd\u0131r\u0131b. ARANTV.AZ\u00a0\u00a0&#8220;K\u0259p\u0259z&#8221; tv-y\u0259 istinad\u0259n x\u0259b\u0259r verir ki, \u015e\u0259mkir rayon polis \u015f\u00f6b\u0259si \u0259m\u0259kda\u015flar\u0131n\u0131n ke\u00e7irdikl\u0259ri \u0259m\u0259liyyat-axtar\u0131\u015f t\u0259dbirl\u0259ri n\u0259tic\u0259sind\u0259 h\u0259min cinay\u0259ti t\u00f6r\u0259tmi\u015f \u015f\u0259xsin 1993-c\u00fc ild\u0259 \u015e\u0259mkir rayonunda anadan olmu\u015f 2010 cu il tarixd\u0259n \u015e\u0259mkir rayon Poliklinikas\u0131nda epilepsiya y\u0259ni tez-tez q\u0131colma tutmalar\u0131 \u015f\u0259xsiyy\u0259tin d\u0259yi\u015fm\u0259si diaqnozu&hellip;","_links":{"self":[{"href":"https:\/\/arantv.az\/index.php?rest_route=\/wp\/v2\/posts\/48881"}],"collection":[{"href":"https:\/\/arantv.az\/index.php?rest_route=\/wp\/v2\/posts"}],"about":[{"href":"https:\/\/arantv.az\/index.php?rest_route=\/wp\/v2\/types\/post"}],"author":[{"embeddable":true,"href":"https:\/\/arantv.az\/index.php?rest_route=\/wp\/v2\/users\/2"}],"replies":[{"embeddable":true,"href":"https:\/\/arantv.az\/index.php?rest_route=%2Fwp%2Fv2%2Fcomments&post=48881"}],"version-history":[{"count":0,"href":"https:\/\/arantv.az\/index.php?rest_route=\/wp\/v2\/posts\/48881\/revisions"}],"wp:featuredmedia":[{"embeddable":true,"href":"https:\/\/arantv.az\/index.php?rest_route=\/wp\/v2\/media\/48882"}],"wp:attachment":[{"href":"https:\/\/arantv.az\/index.php?rest_route=%2Fwp%2Fv2%2Fmedia&parent=48881"}],"wp:term":[{"taxonomy":"category","embeddable":true,"href":"https:\/\/arantv.az\/index.php?rest_route=%2Fwp%2Fv2%2Fcategories&post=48881"},{"taxonomy":"post_tag","embeddable":true,"href":"https:\/\/arantv.az\/index.php?rest_route=%2Fwp%2Fv2%2Ftags&post=48881"}],"curies":[{"name":"wp","href":"https:\/\/api.w.org\/{rel}","templated":true}]}}