{"id":48888,"date":"2019-04-03T10:09:58","date_gmt":"2019-04-03T07:09:58","guid":{"rendered":"http:\/\/arantv.az\/?p=48888"},"modified":"2019-04-03T10:09:58","modified_gmt":"2019-04-03T07:09:58","slug":"az%c9%99rbaycan-g%c9%99l%c9%99c%c9%99yin-toxumlarini-dubay-expo-2020-d%c9%99-atir","status":"publish","type":"post","link":"https:\/\/arantv.az\/?p=48888","title":{"rendered":"Az\u0259rbaycan \u201cG\u0259l\u0259c\u0259yin toxumlar\u0131\u201dn\u0131 Dubay EXPO-2020-d\u0259 at\u0131r"},"content":{"rendered":"<p><strong>ARANTV.AZ<\/strong> x\u0259b\u0259r verir ki, \u201cDubay EXPO-2020-d\u0259 Az\u0259rbaycan\u0131n da y\u00fcks\u0259k s\u0259viyy\u0259d\u0259 i\u015ftirak\u0131n\u0131n t\u0259min olunmas\u0131 \u00fc\u00e7\u00fcn t\u0259r\u0259fimizd\u0259n h\u0259r c\u00fcr texniki v\u0259 logistik d\u0259st\u0259k g\u00f6st\u0259ril\u0259c\u0259k. Bu x\u00fcsusi yana\u015fma Birl\u0259\u015fmi\u015f \u018fr\u0259b \u018fmirlikl\u0259rinin Az\u0259rbaycana olan h\u00f6rm\u0259tini ifad\u0259 edir.\u201d Dubay EXPO-2020 T\u0259\u015fkilat komit\u0259sinin icra\u00e7\u0131 direktoru N\u0259cib Muhammed \u018fl Ali Az\u0259rbaycan Televiziyas\u0131na m\u00fcsahib\u0259sind\u0259 bel\u0259 deyib.<\/p>\n<p>2020-ci ild\u0259 ke\u00e7iril\u0259c\u0259k \u00dcmumd\u00fcnya s\u0259rgisin\u0259 Dubay \u015f\u0259h\u0259ri evsahibliyi ed\u0259c\u0259k. Beyn\u0259lxalq s\u0259rginin t\u0259\u015fkili \u00fc\u00e7\u00fcn ayr\u0131lm\u0131\u015f 438 hektarl\u0131q \u201cEXPO\u201d \u015f\u0259h\u0259rciyind\u0259 in\u015faat i\u015fl\u0259rin\u0259 start verilib. 190 \u00f6lk\u0259ni t\u0259msil ed\u0259c\u0259k pavilyonlar\u0131n in\u015fas\u0131 2020-ci ilin sentyabr\u0131nda ba\u015fa \u00e7atacaq. \u015e\u0259h\u0259rciyin m\u0259rk\u0259zind\u0259 ucald\u0131lacaq Az\u0259rbaycan pavilyonu ev sahibinin stendin\u0259 \u0259n yax\u0131n n\u00f6qt\u0259d\u0259 yerl\u0259\u015fir. \u201cG\u0259l\u0259c\u0259yin toxumlar\u0131\u201d ad\u0131 veril\u0259n milli pavilyon Heyd\u0259r \u018fliyev Fondu t\u0259r\u0259find\u0259n t\u0259\u015fkil olunur.<\/p>\n<p><em>EXPO-2020 indiy\u0259d\u0259k ke\u00e7irilmi\u015f \u00fcmumd\u00fcnya s\u0259rgil\u0259rinin keyfiyy\u0259tc\u0259 v\u0259 miqyasca \u0259n g\u00f6rk\u0259mlisi olacaq. Haz\u0131rki m\u0259rh\u0259l\u0259d\u0259 beyn\u0259lxalq s\u0259rginin ke\u00e7iril\u0259c\u0259yi \u0259razid\u0259 pavilyonlar\u0131n, o c\u00fcml\u0259d\u0259n Az\u0259rbaycan pavilyonunun in\u015fas\u0131na ba\u015flan\u0131l\u0131r. Milli stendimiz EXPO-2020-nin bax\u0131ml\u0131 pavilyonlar\u0131ndan biri olma\u011fa iddial\u0131d\u0131r.<\/em><\/p>\n<p>Dubay EXPO-2020 T\u0259\u015fkilat komit\u0259sinin icra\u00e7\u0131 direktoru N\u0259cib Muhammed \u018fl Ali Az\u0259rbaycan pavilyonunun dizayn v\u0259 estetik g\u00f6z\u0259lliyin\u0259 g\u00f6r\u0259 dig\u0259rl\u0259rind\u0259n se\u00e7ildiyini dedi. Direktor bildirdi ki, Az\u0259rbaycan\u0131n i\u015ftirak\u0131n\u0131 y\u00fcks\u0259k s\u0259viyy\u0259d\u0259 t\u0259\u015fkil etm\u0259k \u00fc\u00e7\u00fcn \u018fr\u0259b \u018fmirlikl\u0259ri h\u0259r c\u00fcr texniki v\u0259 logistik d\u0259st\u0259y\u0259 haz\u0131rd\u0131r.<\/p>\n<p><em>Az\u0259rbaycan d\u00f6vl\u0259ti \u00fcmumd\u00fcnya s\u0259rgil\u0259rind\u0259 i\u015ftiraka x\u00fcsusi diqq\u0259t ay\u0131r\u0131r. Dubay EXPO \u00fc\u00e7\u00fcn haz\u0131rlanan layih\u0259 d\u0259 bu diqq\u0259tin n\u0259tic\u0259sidir. Az\u0259rbaycan pavilyonu EXPO \u015f\u0259h\u0259rciyinin m\u0259rk\u0259zind\u0259 yerl\u0259\u015fir v\u0259 ecazkar dizayn\u0131 il\u0259 se\u00e7ilir. Bizim iqtisadi-ticari \u0259laq\u0259l\u0259rimiz ild\u0259n-il\u0259 geni\u015fl\u0259nir. \u018fr\u0259b \u018fmirlikl\u0259rinin etibarl\u0131 t\u0259r\u0259fda\u015f\u0131 olan Az\u0259rbaycana bu s\u0259rgid\u0259 layiqli t\u0259msil olunmas\u0131 \u00fc\u00e7\u00fcn h\u0259r c\u00fcr d\u0259st\u0259k g\u00f6st\u0259ril\u0259c\u0259k. Bu d\u0259st\u0259k Az\u0259rbaycan d\u00f6vl\u0259tin\u0259 olan h\u00f6rm\u0259ti \u00a0ifad\u0259 edir.<\/em><\/p>\n<p>Milli pavilyonumuz 2086 kvadratmetr \u0259razini \u0259hat\u0259 edir. 3 m\u0259rt\u0259b\u0259li pavilyon binas\u0131n\u0131n \u00fcmumi h\u00fcnd\u00fcrl\u00fcy\u00fc 18 metr olacaq. Onun 4 metrini yeralt\u0131, 14 metrini is\u0259 yer\u00fcst\u00fc tikili t\u0259\u015fkil ed\u0259c\u0259k. Memarl\u0131q 2 t\u0259bii element &#8211; a\u011fac v\u0259 yarpaq \u0259sas\u0131nda haz\u0131rlan\u0131b. Dizayn\u0131n ba\u015fl\u0131ca mesaj\u0131 ondan ibar\u0259tdir ki, davaml\u0131 inki\u015fafa aparan yol insan kapital\u0131na qoyulan investisiyadan ke\u00e7ir. Milli pavilyonumuzun m\u00f6vzusu Dubay EXPO-nun \u201cD\u00fc\u015f\u00fcnc\u0259l\u0259ri birl\u0259\u015fdir\u0259k, daha yax\u015f\u0131 g\u0259l\u0259c\u0259k quraq\u201d devizil\u0259 ah\u0259ng t\u0259\u015fkil edir.<\/p>\n","protected":false},"excerpt":{"rendered":"<p>ARANTV.AZ x\u0259b\u0259r verir ki, \u201cDubay EXPO-2020-d\u0259 Az\u0259rbaycan\u0131n da y\u00fcks\u0259k s\u0259viyy\u0259d\u0259 i\u015ftirak\u0131n\u0131n t\u0259min olunmas\u0131 \u00fc\u00e7\u00fcn t\u0259r\u0259fimizd\u0259n h\u0259r c\u00fcr texniki v\u0259 logistik d\u0259st\u0259k g\u00f6st\u0259ril\u0259c\u0259k. Bu x\u00fcsusi yana\u015fma Birl\u0259\u015fmi\u015f \u018fr\u0259b \u018fmirlikl\u0259rinin Az\u0259rbaycana olan h\u00f6rm\u0259tini ifad\u0259 edir.\u201d Dubay EXPO-2020 T\u0259\u015fkilat komit\u0259sinin icra\u00e7\u0131 direktoru N\u0259cib Muhammed \u018fl Ali Az\u0259rbaycan Televiziyas\u0131na m\u00fcsahib\u0259sind\u0259 bel\u0259 deyib. 2020-ci ild\u0259 ke\u00e7iril\u0259c\u0259k \u00dcmumd\u00fcnya s\u0259rgisin\u0259 Dubay \u015f\u0259h\u0259ri evsahibliyi ed\u0259c\u0259k. Beyn\u0259lxalq s\u0259rginin t\u0259\u015fkili \u00fc\u00e7\u00fcn ayr\u0131lm\u0131\u015f 438 hektarl\u0131q \u201cEXPO\u201d \u015f\u0259h\u0259rciyind\u0259 in\u015faat i\u015fl\u0259rin\u0259 start verilib. 190 \u00f6lk\u0259ni t\u0259msil ed\u0259c\u0259k pavilyonlar\u0131n in\u015fas\u0131 2020-ci ilin sentyabr\u0131nda ba\u015fa \u00e7atacaq. \u015e\u0259h\u0259rciyin m\u0259rk\u0259zind\u0259 ucald\u0131lacaq Az\u0259rbaycan pavilyonu ev sahibinin stendin\u0259 \u0259n&hellip;<\/p>\n","protected":false},"author":2,"featured_media":48889,"comment_status":"closed","ping_status":"closed","sticky":false,"template":"","format":"standard","meta":{"om_disable_all_campaigns":false,"_monsterinsights_skip_tracking":false,"_monsterinsights_sitenote_active":false,"_monsterinsights_sitenote_note":"","_monsterinsights_sitenote_category":0},"categories":[19],"tags":[],"aioseo_notices":[],"gutentor_comment":0,"rttpg_featured_image_url":{"full":["https:\/\/arantv.az\/wp-content\/uploads\/2019\/04\/mnmv2m4ncd5g1kmghjvk93c8u5dub.jpg",1299,827,false],"landscape":["https:\/\/arantv.az\/wp-content\/uploads\/2019\/04\/mnmv2m4ncd5g1kmghjvk93c8u5dub.jpg",1299,827,false],"portraits":["https:\/\/arantv.az\/wp-content\/uploads\/2019\/04\/mnmv2m4ncd5g1kmghjvk93c8u5dub.jpg",1299,827,false],"thumbnail":["https:\/\/arantv.az\/wp-content\/uploads\/2019\/04\/mnmv2m4ncd5g1kmghjvk93c8u5dub-150x150.jpg",150,150,true],"medium":["https:\/\/arantv.az\/wp-content\/uploads\/2019\/04\/mnmv2m4ncd5g1kmghjvk93c8u5dub-300x191.jpg",300,191,true],"large":["https:\/\/arantv.az\/wp-content\/uploads\/2019\/04\/mnmv2m4ncd5g1kmghjvk93c8u5dub-1024x652.jpg",640,408,true],"1536x1536":["https:\/\/arantv.az\/wp-content\/uploads\/2019\/04\/mnmv2m4ncd5g1kmghjvk93c8u5dub.jpg",1299,827,false],"2048x2048":["https:\/\/arantv.az\/wp-content\/uploads\/2019\/04\/mnmv2m4ncd5g1kmghjvk93c8u5dub.jpg",1299,827,false],"post-thumbnail":["https:\/\/arantv.az\/wp-content\/uploads\/2019\/04\/mnmv2m4ncd5g1kmghjvk93c8u5dub-240x172.jpg",240,172,true],"advps-thumb-one":["https:\/\/arantv.az\/wp-content\/uploads\/2019\/04\/mnmv2m4ncd5g1kmghjvk93c8u5dub-1200x620.jpg",1200,620,true]},"rttpg_author":{"display_name":"V\u00fcsal Rafiqo\u011flu","author_link":"https:\/\/arantv.az\/?author=2"},"rttpg_comment":0,"rttpg_category":"<a href=\"https:\/\/arantv.az\/?cat=19\" rel=\"category\">G\u00fcnd\u0259m<\/a>","rttpg_excerpt":"ARANTV.AZ x\u0259b\u0259r verir ki, \u201cDubay EXPO-2020-d\u0259 Az\u0259rbaycan\u0131n da y\u00fcks\u0259k s\u0259viyy\u0259d\u0259 i\u015ftirak\u0131n\u0131n t\u0259min olunmas\u0131 \u00fc\u00e7\u00fcn t\u0259r\u0259fimizd\u0259n h\u0259r c\u00fcr texniki v\u0259 logistik d\u0259st\u0259k g\u00f6st\u0259ril\u0259c\u0259k. Bu x\u00fcsusi yana\u015fma Birl\u0259\u015fmi\u015f \u018fr\u0259b \u018fmirlikl\u0259rinin Az\u0259rbaycana olan h\u00f6rm\u0259tini ifad\u0259 edir.\u201d Dubay EXPO-2020 T\u0259\u015fkilat komit\u0259sinin icra\u00e7\u0131 direktoru N\u0259cib Muhammed \u018fl Ali Az\u0259rbaycan Televiziyas\u0131na m\u00fcsahib\u0259sind\u0259 bel\u0259 deyib. 2020-ci ild\u0259 ke\u00e7iril\u0259c\u0259k \u00dcmumd\u00fcnya s\u0259rgisin\u0259 Dubay \u015f\u0259h\u0259ri&hellip;","_links":{"self":[{"href":"https:\/\/arantv.az\/index.php?rest_route=\/wp\/v2\/posts\/48888"}],"collection":[{"href":"https:\/\/arantv.az\/index.php?rest_route=\/wp\/v2\/posts"}],"about":[{"href":"https:\/\/arantv.az\/index.php?rest_route=\/wp\/v2\/types\/post"}],"author":[{"embeddable":true,"href":"https:\/\/arantv.az\/index.php?rest_route=\/wp\/v2\/users\/2"}],"replies":[{"embeddable":true,"href":"https:\/\/arantv.az\/index.php?rest_route=%2Fwp%2Fv2%2Fcomments&post=48888"}],"version-history":[{"count":0,"href":"https:\/\/arantv.az\/index.php?rest_route=\/wp\/v2\/posts\/48888\/revisions"}],"wp:featuredmedia":[{"embeddable":true,"href":"https:\/\/arantv.az\/index.php?rest_route=\/wp\/v2\/media\/48889"}],"wp:attachment":[{"href":"https:\/\/arantv.az\/index.php?rest_route=%2Fwp%2Fv2%2Fmedia&parent=48888"}],"wp:term":[{"taxonomy":"category","embeddable":true,"href":"https:\/\/arantv.az\/index.php?rest_route=%2Fwp%2Fv2%2Fcategories&post=48888"},{"taxonomy":"post_tag","embeddable":true,"href":"https:\/\/arantv.az\/index.php?rest_route=%2Fwp%2Fv2%2Ftags&post=48888"}],"curies":[{"name":"wp","href":"https:\/\/api.w.org\/{rel}","templated":true}]}}