{"id":48891,"date":"2019-04-03T10:10:41","date_gmt":"2019-04-03T07:10:41","guid":{"rendered":"http:\/\/arantv.az\/?p=48891"},"modified":"2019-04-03T10:10:41","modified_gmt":"2019-04-03T07:10:41","slug":"sun-cinvu-prezident-ilham-%c9%99liyevin-apardigi-h%c9%99rt%c9%99r%c9%99fli-siyas%c9%99t-n%c9%99tic%c9%99sind%c9%99-az%c9%99rbaycan-boyuk-inkisafa-nail-olub","status":"publish","type":"post","link":"https:\/\/arantv.az\/?p=48891","title":{"rendered":"Sun Cinvu: &#8220;Prezident \u0130lham \u018fliyevin apard\u0131\u011f\u0131 h\u0259rt\u0259r\u0259fli siyas\u0259t n\u0259tic\u0259sind\u0259 Az\u0259rbaycan b\u00f6y\u00fck inki\u015fafa nail olub&#8221;"},"content":{"rendered":"<p><strong>ARANTV.AZ<\/strong> x\u0259b\u0259r verir ki, &#8220;Prezident \u0130lham \u018fliyevin apard\u0131\u011f\u0131 h\u0259rt\u0259r\u0259fli siyas\u0259t n\u0259tic\u0259sind\u0259 Az\u0259rbaycan b\u00f6y\u00fck inki\u015fafa nail olub&#8221;.\u00a0Bunu\u00a0Xarici \u00d6lk\u0259l\u0259rl\u0259 Dostluq \u00fczr\u0259 \u00c7in Xalq Assosiasiyas\u0131n\u0131n s\u0259dr m\u00fcavini, \u00dcmum\u00e7in Siyasi M\u0259\u015fv\u0259r\u0259t \u015euras\u0131n\u0131n \u00fczv\u00fc Sun Cinvu deyib. \u0130ki il \u0259vv\u0259l Bak\u0131ya s\u0259f\u0259rini xat\u0131rladan Sun Cinvu qeyd edib ki, Az\u0259rbaycanda olark\u0259n \u00f6lk\u0259nin inki\u015faf\u0131n\u0131n \u015fahidi olub.<\/p>\n<p>&#8220;Bak\u0131 \u00e7ox g\u00f6z\u0259l \u015f\u0259h\u0259rdir, \u00e7ox xo\u015fuma g\u0259ldi. \u0130nan\u0131ram ki, Az\u0259rbaycan g\u0259l\u0259c\u0259kd\u0259 daha da inki\u015faf ed\u0259c\u0259k&#8221;, &#8211; dey\u0259 Sun Cinvu bildirib.<\/p>\n<p>Xarici \u00d6lk\u0259l\u0259rl\u0259 Dostluq \u00fczr\u0259 \u00c7in Xalq Assosiasiyas\u0131n\u0131n s\u0259dr m\u00fcavini Az\u0259rbaycan-\u00c7in m\u00fcnasib\u0259tl\u0259rinin bundan sonra da inki\u015faf ed\u0259c\u0259yin\u0259 \u00fcmidvar oldu\u011funu deyib.<\/p>\n","protected":false},"excerpt":{"rendered":"<p>ARANTV.AZ x\u0259b\u0259r verir ki, &#8220;Prezident \u0130lham \u018fliyevin apard\u0131\u011f\u0131 h\u0259rt\u0259r\u0259fli siyas\u0259t n\u0259tic\u0259sind\u0259 Az\u0259rbaycan b\u00f6y\u00fck inki\u015fafa nail olub&#8221;.\u00a0Bunu\u00a0Xarici \u00d6lk\u0259l\u0259rl\u0259 Dostluq \u00fczr\u0259 \u00c7in Xalq Assosiasiyas\u0131n\u0131n s\u0259dr m\u00fcavini, \u00dcmum\u00e7in Siyasi M\u0259\u015fv\u0259r\u0259t \u015euras\u0131n\u0131n \u00fczv\u00fc Sun Cinvu deyib. \u0130ki il \u0259vv\u0259l Bak\u0131ya s\u0259f\u0259rini xat\u0131rladan Sun Cinvu qeyd edib ki, Az\u0259rbaycanda olark\u0259n \u00f6lk\u0259nin inki\u015faf\u0131n\u0131n \u015fahidi olub. &#8220;Bak\u0131 \u00e7ox g\u00f6z\u0259l \u015f\u0259h\u0259rdir, \u00e7ox xo\u015fuma g\u0259ldi. \u0130nan\u0131ram ki, Az\u0259rbaycan g\u0259l\u0259c\u0259kd\u0259 daha da inki\u015faf ed\u0259c\u0259k&#8221;, &#8211; dey\u0259 Sun Cinvu bildirib. Xarici \u00d6lk\u0259l\u0259rl\u0259 Dostluq \u00fczr\u0259 \u00c7in Xalq Assosiasiyas\u0131n\u0131n s\u0259dr m\u00fcavini Az\u0259rbaycan-\u00c7in m\u00fcnasib\u0259tl\u0259rinin bundan sonra da inki\u015faf ed\u0259c\u0259yin\u0259 \u00fcmidvar oldu\u011funu deyib.<\/p>\n","protected":false},"author":2,"featured_media":48892,"comment_status":"closed","ping_status":"closed","sticky":false,"template":"","format":"standard","meta":{"om_disable_all_campaigns":false,"_monsterinsights_skip_tracking":false,"_monsterinsights_sitenote_active":false,"_monsterinsights_sitenote_note":"","_monsterinsights_sitenote_category":0},"categories":[4],"tags":[],"aioseo_notices":[],"gutentor_comment":0,"rttpg_featured_image_url":{"full":["https:\/\/arantv.az\/wp-content\/uploads\/2019\/04\/mnmv2m4ncd5g1kmghjvk93c8u5cin.jpg",952,669,false],"landscape":["https:\/\/arantv.az\/wp-content\/uploads\/2019\/04\/mnmv2m4ncd5g1kmghjvk93c8u5cin.jpg",952,669,false],"portraits":["https:\/\/arantv.az\/wp-content\/uploads\/2019\/04\/mnmv2m4ncd5g1kmghjvk93c8u5cin.jpg",952,669,false],"thumbnail":["https:\/\/arantv.az\/wp-content\/uploads\/2019\/04\/mnmv2m4ncd5g1kmghjvk93c8u5cin-150x150.jpg",150,150,true],"medium":["https:\/\/arantv.az\/wp-content\/uploads\/2019\/04\/mnmv2m4ncd5g1kmghjvk93c8u5cin-300x211.jpg",300,211,true],"large":["https:\/\/arantv.az\/wp-content\/uploads\/2019\/04\/mnmv2m4ncd5g1kmghjvk93c8u5cin.jpg",640,450,false],"1536x1536":["https:\/\/arantv.az\/wp-content\/uploads\/2019\/04\/mnmv2m4ncd5g1kmghjvk93c8u5cin.jpg",952,669,false],"2048x2048":["https:\/\/arantv.az\/wp-content\/uploads\/2019\/04\/mnmv2m4ncd5g1kmghjvk93c8u5cin.jpg",952,669,false],"post-thumbnail":["https:\/\/arantv.az\/wp-content\/uploads\/2019\/04\/mnmv2m4ncd5g1kmghjvk93c8u5cin-240x172.jpg",240,172,true],"advps-thumb-one":["https:\/\/arantv.az\/wp-content\/uploads\/2019\/04\/mnmv2m4ncd5g1kmghjvk93c8u5cin-952x620.jpg",952,620,true]},"rttpg_author":{"display_name":"V\u00fcsal Rafiqo\u011flu","author_link":"https:\/\/arantv.az\/?author=2"},"rttpg_comment":0,"rttpg_category":"<a href=\"https:\/\/arantv.az\/?cat=4\" rel=\"category\">Siyas\u0259t<\/a>","rttpg_excerpt":"ARANTV.AZ x\u0259b\u0259r verir ki, &#8220;Prezident \u0130lham \u018fliyevin apard\u0131\u011f\u0131 h\u0259rt\u0259r\u0259fli siyas\u0259t n\u0259tic\u0259sind\u0259 Az\u0259rbaycan b\u00f6y\u00fck inki\u015fafa nail olub&#8221;.\u00a0Bunu\u00a0Xarici \u00d6lk\u0259l\u0259rl\u0259 Dostluq \u00fczr\u0259 \u00c7in Xalq Assosiasiyas\u0131n\u0131n s\u0259dr m\u00fcavini, \u00dcmum\u00e7in Siyasi M\u0259\u015fv\u0259r\u0259t \u015euras\u0131n\u0131n \u00fczv\u00fc Sun Cinvu deyib. \u0130ki il \u0259vv\u0259l Bak\u0131ya s\u0259f\u0259rini xat\u0131rladan Sun Cinvu qeyd edib ki, Az\u0259rbaycanda olark\u0259n \u00f6lk\u0259nin inki\u015faf\u0131n\u0131n \u015fahidi olub. &#8220;Bak\u0131 \u00e7ox g\u00f6z\u0259l \u015f\u0259h\u0259rdir, \u00e7ox xo\u015fuma&hellip;","_links":{"self":[{"href":"https:\/\/arantv.az\/index.php?rest_route=\/wp\/v2\/posts\/48891"}],"collection":[{"href":"https:\/\/arantv.az\/index.php?rest_route=\/wp\/v2\/posts"}],"about":[{"href":"https:\/\/arantv.az\/index.php?rest_route=\/wp\/v2\/types\/post"}],"author":[{"embeddable":true,"href":"https:\/\/arantv.az\/index.php?rest_route=\/wp\/v2\/users\/2"}],"replies":[{"embeddable":true,"href":"https:\/\/arantv.az\/index.php?rest_route=%2Fwp%2Fv2%2Fcomments&post=48891"}],"version-history":[{"count":0,"href":"https:\/\/arantv.az\/index.php?rest_route=\/wp\/v2\/posts\/48891\/revisions"}],"wp:featuredmedia":[{"embeddable":true,"href":"https:\/\/arantv.az\/index.php?rest_route=\/wp\/v2\/media\/48892"}],"wp:attachment":[{"href":"https:\/\/arantv.az\/index.php?rest_route=%2Fwp%2Fv2%2Fmedia&parent=48891"}],"wp:term":[{"taxonomy":"category","embeddable":true,"href":"https:\/\/arantv.az\/index.php?rest_route=%2Fwp%2Fv2%2Fcategories&post=48891"},{"taxonomy":"post_tag","embeddable":true,"href":"https:\/\/arantv.az\/index.php?rest_route=%2Fwp%2Fv2%2Ftags&post=48891"}],"curies":[{"name":"wp","href":"https:\/\/api.w.org\/{rel}","templated":true}]}}