{"id":48894,"date":"2019-04-03T10:11:44","date_gmt":"2019-04-03T07:11:44","guid":{"rendered":"http:\/\/arantv.az\/?p=48894"},"modified":"2019-04-03T10:11:44","modified_gmt":"2019-04-03T07:11:44","slug":"bas-nazir-novruz-m%c9%99mm%c9%99dov-az%c9%99rbaycan-qazaxistan-%c9%99laq%c9%99l%c9%99rinin-daha-da-inkisaf-etdirilm%c9%99si-ucun-yaxsi-potensial-var","status":"publish","type":"post","link":"https:\/\/arantv.az\/?p=48894","title":{"rendered":"Ba\u015f nazir Novruz M\u0259mm\u0259dov: &#8220;Az\u0259rbaycan-Qazax\u0131stan \u0259laq\u0259l\u0259rinin daha da inki\u015faf etdirilm\u0259si \u00fc\u00e7\u00fcn yax\u015f\u0131 potensial var&#8221;"},"content":{"rendered":"<p><strong>ARANTV.AZ<\/strong> x\u0259b\u0259r verir ki, Az\u0259rbaycan Respublikas\u0131n\u0131n Ba\u015f naziri Novruz M\u0259mm\u0259dov aprelin 2-d\u0259 Qazax\u0131stan Respublikas\u0131n\u0131n r\u0259q\u0259msal inki\u015faf, m\u00fcdafi\u0259 v\u0259 aerokosmik s\u0259naye naziri Askar Jumaqaliyev il\u0259 g\u00f6r\u00fc\u015f\u00fcb.<\/p>\n<p>G\u00f6r\u00fc\u015fd\u0259 Az\u0259rbaycan-Qazax\u0131stan m\u00fcnasib\u0259tl\u0259rind\u0259n dan\u0131\u015fan Novruz M\u0259mm\u0259dov dost v\u0259 qarda\u015f \u00f6lk\u0259l\u0259rimiz, xalqlar\u0131m\u0131z aras\u0131nda tarix\u0259n \u00e7ox yax\u015f\u0131 \u0259laq\u0259l\u0259rin m\u00f6vcud oldu\u011funu bildirib.<\/p>\n<p>T\u0259m\u0259li ulu \u00f6nd\u0259r Heyd\u0259r \u018fliyev v\u0259 Qazax\u0131stan xalq\u0131n\u0131n lideri Nursultan Nazarbayev t\u0259r\u0259find\u0259n qoyulan Az\u0259rbaycan-Qazax\u0131stan \u0259laq\u0259l\u0259rinin y\u00fcks\u0259k s\u0259viyy\u0259d\u0259 oldu\u011funu qeyd ed\u0259n Ba\u015f nazir \u00f6t\u0259n ilin noyabr\u0131nda Qazax\u0131stan\u0131n paytaxt\u0131 Astanada MDB H\u00f6kum\u0259t Ba\u015f\u00e7\u0131lar\u0131 \u015euras\u0131n\u0131n iclas\u0131nda i\u015ftirak\u0131n\u0131, ke\u00e7irdiyi g\u00f6r\u00fc\u015fl\u0259ri m\u0259mnunluqla xat\u0131rlad\u0131b. Ba\u015f nazir bildirib ki, qar\u015f\u0131l\u0131ql\u0131 s\u0259f\u0259rl\u0259r, apar\u0131lan dan\u0131\u015f\u0131qlar, imzalanan s\u0259n\u0259dl\u0259r bu g\u00fcn \u00f6lk\u0259l\u0259rimiz aras\u0131nda \u00e7ox m\u00f6hk\u0259m \u0259laq\u0259l\u0259rin m\u00f6vcud oldu\u011funu s\u00fcbut edir. \u201cHesab edir\u0259m ki, dost v\u0259 qarda\u015f \u00f6lk\u0259l\u0259rimiz aras\u0131nda \u0259laq\u0259l\u0259rin daha da inki\u015faf etdirilm\u0259si \u00fc\u00e7\u00fcn yax\u015f\u0131 potensial var v\u0259 sizin s\u0259f\u0259riniz \u0259m\u0259kda\u015fl\u0131\u011f\u0131m\u0131z\u0131n geni\u015fl\u0259ndirilm\u0259si bax\u0131mdan x\u00fcsusi \u0259h\u0259miyy\u0259t da\u015f\u0131y\u0131r\u201d,- dey\u0259 Ba\u015f nazir Novruz M\u0259mm\u0259dov vur\u011fulay\u0131b.<\/p>\n<p>Nazir Askar Jumaqaliyev bildirib ki, m\u00fcst\u0259qillikl\u0259rini b\u0259rpa etdikd\u0259n sonra \u00f6lk\u0259l\u0259rimiz aras\u0131ndak\u0131 \u0259m\u0259kda\u015fl\u0131q daha da m\u00f6hk\u0259ml\u0259ndirilib v\u0259 bu g\u00fcn Az\u0259rbaycan-Qazax\u0131stan \u0259laq\u0259l\u0259ri m\u00fcxt\u0259lif sah\u0259l\u0259rd\u0259 u\u011furla inki\u015faf etdirilir.<\/p>\n<p>G\u00f6r\u00fc\u015fd\u0259 Az\u0259rbaycan\u0131n v\u0259 Qazax\u0131stan\u0131n \u00c7ind\u0259n Avropaya q\u0259d\u0259r uzanan beyn\u0259lxalq n\u0259qliyyat d\u0259hlizinin imkanlar\u0131ndan maksimum d\u0259r\u0259c\u0259d\u0259 faydalanmaqda maraql\u0131 oldu\u011fu vur\u011fuland\u0131. H\u0259m\u00e7inin X\u0259z\u0259r d\u0259nizind\u0259 birg\u0259 f\u0259aliyy\u0259t\u0259, n\u0259qliyyat, rabit\u0259, m\u00fcdafi\u0259 s\u0259nayesi, kosmik s\u0259naye, \u0130KT, o c\u00fcml\u0259d\u0259n r\u0259q\u0259msalla\u015fma sah\u0259l\u0259rind\u0259 \u0259m\u0259kda\u015fl\u0131\u011fa v\u0259 qar\u015f\u0131l\u0131ql\u0131 maraq do\u011furan dig\u0259r m\u0259s\u0259l\u0259l\u0259r\u0259 dair fikir m\u00fcbadil\u0259si apar\u0131l\u0131b.<\/p>\n","protected":false},"excerpt":{"rendered":"<p>ARANTV.AZ x\u0259b\u0259r verir ki, Az\u0259rbaycan Respublikas\u0131n\u0131n Ba\u015f naziri Novruz M\u0259mm\u0259dov aprelin 2-d\u0259 Qazax\u0131stan Respublikas\u0131n\u0131n r\u0259q\u0259msal inki\u015faf, m\u00fcdafi\u0259 v\u0259 aerokosmik s\u0259naye naziri Askar Jumaqaliyev il\u0259 g\u00f6r\u00fc\u015f\u00fcb. G\u00f6r\u00fc\u015fd\u0259 Az\u0259rbaycan-Qazax\u0131stan m\u00fcnasib\u0259tl\u0259rind\u0259n dan\u0131\u015fan Novruz M\u0259mm\u0259dov dost v\u0259 qarda\u015f \u00f6lk\u0259l\u0259rimiz, xalqlar\u0131m\u0131z aras\u0131nda tarix\u0259n \u00e7ox yax\u015f\u0131 \u0259laq\u0259l\u0259rin m\u00f6vcud oldu\u011funu bildirib. T\u0259m\u0259li ulu \u00f6nd\u0259r Heyd\u0259r \u018fliyev v\u0259 Qazax\u0131stan xalq\u0131n\u0131n lideri Nursultan Nazarbayev t\u0259r\u0259find\u0259n qoyulan Az\u0259rbaycan-Qazax\u0131stan \u0259laq\u0259l\u0259rinin y\u00fcks\u0259k s\u0259viyy\u0259d\u0259 oldu\u011funu qeyd ed\u0259n Ba\u015f nazir \u00f6t\u0259n ilin noyabr\u0131nda Qazax\u0131stan\u0131n paytaxt\u0131 Astanada MDB H\u00f6kum\u0259t Ba\u015f\u00e7\u0131lar\u0131 \u015euras\u0131n\u0131n iclas\u0131nda i\u015ftirak\u0131n\u0131, ke\u00e7irdiyi g\u00f6r\u00fc\u015fl\u0259ri m\u0259mnunluqla xat\u0131rlad\u0131b. Ba\u015f nazir bildirib ki, qar\u015f\u0131l\u0131ql\u0131 s\u0259f\u0259rl\u0259r, apar\u0131lan dan\u0131\u015f\u0131qlar,&hellip;<\/p>\n","protected":false},"author":2,"featured_media":48895,"comment_status":"closed","ping_status":"closed","sticky":false,"template":"","format":"standard","meta":{"om_disable_all_campaigns":false,"_monsterinsights_skip_tracking":false,"_monsterinsights_sitenote_active":false,"_monsterinsights_sitenote_note":"","_monsterinsights_sitenote_category":0},"categories":[4],"tags":[],"aioseo_notices":[],"gutentor_comment":0,"rttpg_featured_image_url":{"full":["https:\/\/arantv.az\/wp-content\/uploads\/2019\/04\/mnmv2m4ncd5g1kmghjvk93c8u5nov.jpg",1000,666,false],"landscape":["https:\/\/arantv.az\/wp-content\/uploads\/2019\/04\/mnmv2m4ncd5g1kmghjvk93c8u5nov.jpg",1000,666,false],"portraits":["https:\/\/arantv.az\/wp-content\/uploads\/2019\/04\/mnmv2m4ncd5g1kmghjvk93c8u5nov.jpg",1000,666,false],"thumbnail":["https:\/\/arantv.az\/wp-content\/uploads\/2019\/04\/mnmv2m4ncd5g1kmghjvk93c8u5nov-150x150.jpg",150,150,true],"medium":["https:\/\/arantv.az\/wp-content\/uploads\/2019\/04\/mnmv2m4ncd5g1kmghjvk93c8u5nov-300x200.jpg",300,200,true],"large":["https:\/\/arantv.az\/wp-content\/uploads\/2019\/04\/mnmv2m4ncd5g1kmghjvk93c8u5nov.jpg",640,426,false],"1536x1536":["https:\/\/arantv.az\/wp-content\/uploads\/2019\/04\/mnmv2m4ncd5g1kmghjvk93c8u5nov.jpg",1000,666,false],"2048x2048":["https:\/\/arantv.az\/wp-content\/uploads\/2019\/04\/mnmv2m4ncd5g1kmghjvk93c8u5nov.jpg",1000,666,false],"post-thumbnail":["https:\/\/arantv.az\/wp-content\/uploads\/2019\/04\/mnmv2m4ncd5g1kmghjvk93c8u5nov-240x172.jpg",240,172,true],"advps-thumb-one":["https:\/\/arantv.az\/wp-content\/uploads\/2019\/04\/mnmv2m4ncd5g1kmghjvk93c8u5nov-1000x620.jpg",1000,620,true]},"rttpg_author":{"display_name":"V\u00fcsal Rafiqo\u011flu","author_link":"https:\/\/arantv.az\/?author=2"},"rttpg_comment":0,"rttpg_category":"<a href=\"https:\/\/arantv.az\/?cat=4\" rel=\"category\">Siyas\u0259t<\/a>","rttpg_excerpt":"ARANTV.AZ x\u0259b\u0259r verir ki, Az\u0259rbaycan Respublikas\u0131n\u0131n Ba\u015f naziri Novruz M\u0259mm\u0259dov aprelin 2-d\u0259 Qazax\u0131stan Respublikas\u0131n\u0131n r\u0259q\u0259msal inki\u015faf, m\u00fcdafi\u0259 v\u0259 aerokosmik s\u0259naye naziri Askar Jumaqaliyev il\u0259 g\u00f6r\u00fc\u015f\u00fcb. G\u00f6r\u00fc\u015fd\u0259 Az\u0259rbaycan-Qazax\u0131stan m\u00fcnasib\u0259tl\u0259rind\u0259n dan\u0131\u015fan Novruz M\u0259mm\u0259dov dost v\u0259 qarda\u015f \u00f6lk\u0259l\u0259rimiz, xalqlar\u0131m\u0131z aras\u0131nda tarix\u0259n \u00e7ox yax\u015f\u0131 \u0259laq\u0259l\u0259rin m\u00f6vcud oldu\u011funu bildirib. T\u0259m\u0259li ulu \u00f6nd\u0259r Heyd\u0259r \u018fliyev v\u0259 Qazax\u0131stan xalq\u0131n\u0131n lideri Nursultan Nazarbayev&hellip;","_links":{"self":[{"href":"https:\/\/arantv.az\/index.php?rest_route=\/wp\/v2\/posts\/48894"}],"collection":[{"href":"https:\/\/arantv.az\/index.php?rest_route=\/wp\/v2\/posts"}],"about":[{"href":"https:\/\/arantv.az\/index.php?rest_route=\/wp\/v2\/types\/post"}],"author":[{"embeddable":true,"href":"https:\/\/arantv.az\/index.php?rest_route=\/wp\/v2\/users\/2"}],"replies":[{"embeddable":true,"href":"https:\/\/arantv.az\/index.php?rest_route=%2Fwp%2Fv2%2Fcomments&post=48894"}],"version-history":[{"count":0,"href":"https:\/\/arantv.az\/index.php?rest_route=\/wp\/v2\/posts\/48894\/revisions"}],"wp:featuredmedia":[{"embeddable":true,"href":"https:\/\/arantv.az\/index.php?rest_route=\/wp\/v2\/media\/48895"}],"wp:attachment":[{"href":"https:\/\/arantv.az\/index.php?rest_route=%2Fwp%2Fv2%2Fmedia&parent=48894"}],"wp:term":[{"taxonomy":"category","embeddable":true,"href":"https:\/\/arantv.az\/index.php?rest_route=%2Fwp%2Fv2%2Fcategories&post=48894"},{"taxonomy":"post_tag","embeddable":true,"href":"https:\/\/arantv.az\/index.php?rest_route=%2Fwp%2Fv2%2Ftags&post=48894"}],"curies":[{"name":"wp","href":"https:\/\/api.w.org\/{rel}","templated":true}]}}