{"id":48915,"date":"2019-04-03T10:37:41","date_gmt":"2019-04-03T07:37:41","guid":{"rendered":"http:\/\/arantv.az\/?p=48915"},"modified":"2019-04-03T10:37:41","modified_gmt":"2019-04-03T07:37:41","slug":"q%c9%99nir%c9%99-pasayeva-qarabag-t%c9%99k-bizim-m%c9%99s%c9%99l%c9%99miz-deyil","status":"publish","type":"post","link":"https:\/\/arantv.az\/?p=48915","title":{"rendered":"Q\u0259nir\u0259 Pa\u015fayeva: Qaraba\u011f t\u0259k bizim m\u0259s\u0259l\u0259miz deyil"},"content":{"rendered":"<p>Bu g\u00fcn Qaraba\u011f m\u0259s\u0259l\u0259sind\u0259 \u00e7ox h\u0259ssas bir m\u0259qam ya\u015fan\u0131r.<\/p>\n<p>X\u00fcsusil\u0259\u00a0Vyana g\u00f6r\u00fc\u015f\u00fcnd\u0259 dan\u0131\u015f\u0131qlar\u0131n format\u0131n\u0131n d\u0259yi\u015fdirilm\u0259sinin qeyri-m\u00fcmk\u00fcnl\u00fcy\u00fcn\u00fcn v\u0259 s\u00fclh dan\u0131\u015f\u0131qlar\u0131n\u0131n davam etdirilm\u0259sinin, o c\u00fcml\u0259d\u0259n, Az\u0259rbaycan prezidenti \u0130lham \u018fliyevl\u0259 Rusiya Federasiyas\u0131n\u0131n prezidenti Vladimir Putinin\u00a0<a href=\"https:\/\/oxu.az\/politics\/305927\" target=\"_blank\" rel=\"noopener\">telefon dan\u0131\u015f\u0131qlar\u0131<\/a>nda\u00a0prosesin\u00a0f\u0259alla\u015fd\u0131r\u0131lmas\u0131n\u0131n vur\u011fulanmas\u0131 \u00e7ox \u00f6n\u0259mli bir m\u0259s\u0259l\u0259dir.<\/p>\n<p>Az\u0259rbaycan\u0131n dan\u0131\u015f\u0131qlar prosesind\u0259 \u00fcst\u00fcnl\u00fcy\u00fc a\u00e7\u0131q-a\u015fkard\u0131r v\u0259 bu, bizim Qaraba\u011fla ba\u011fl\u0131 arzular\u0131m\u0131z\u0131, i\u015f\u011fal\u0131n bitm\u0259sin\u0259 olan inam\u0131m\u0131z\u0131 bir daha art\u0131rmaqdad\u0131r.<\/p>\n<div id=\"AdributorNativeVideo0\" class=\"AdributorNativeVideo\"><\/div>\n<p><b>ARANTV.AZ\u00a0<\/b>x\u0259b\u0259r verir ki, bunu mill\u0259t v\u0259kili Q\u0259nir\u0259 Pa\u015fayeva deyib.<\/p>\n<p>O\u00a0qeyd edib ki, Qaraba\u011f t\u0259kc\u0259 Az\u0259rbaycan\u0131n deyil, b\u00fct\u00fcn t\u00fcrkl\u0259rin, T\u00fcrk d\u00fcnyas\u0131n\u0131n m\u0259s\u0259l\u0259sidir.<\/p>\n<p>Onun s\u00f6zl\u0259rin\u0259 g\u00f6r\u0259, harada do\u011fulmas\u0131ndan v\u0259 harada ya\u015famas\u0131ndan as\u0131l\u0131 olmayaraq, h\u0259r bir t\u00fcrk insan\u0131 Qaraba\u011f h\u0259qiq\u0259tl\u0259rinin d\u00fcnyaya \u00e7atd\u0131r\u0131lmas\u0131 \u00fc\u00e7\u00fcn \u00e7al\u0131\u015fmal\u0131d\u0131r.<\/p>\n<p>\u201cBir t\u00fcrk xalq\u0131n\u0131n, toplumunun problemi, b\u00fct\u00fcn t\u00fcrk xalqlar\u0131n\u0131n ortaq problemidir. Ona g\u00f6r\u0259 d\u0259 T\u00fcrk d\u00fcnyas\u0131 il\u0259 ba\u011fl\u0131 m\u0259s\u0259l\u0259l\u0259rd\u0259, x\u00fcsusil\u0259 Qaraba\u011f m\u0259s\u0259l\u0259sind\u0259 bir-birimiz\u0259 h\u0259r zaman b\u00f6y\u00fck d\u0259st\u0259k olmal\u0131y\u0131q.<\/p>\n<p>Bu m\u0259s\u0259l\u0259d\u0259 aliml\u0259rimizin, ayd\u0131nlar\u0131m\u0131z\u0131n, \u015fairl\u0259rimizin, yazar v\u0259 jurnalistl\u0259rimizin \u00fcz\u0259rin\u0259 \u00e7ox b\u00f6y\u00fck missiya d\u00fc\u015f\u00fcr. Daha f\u0259al olmal\u0131y\u0131q, daha f\u0259al olmal\u0131d\u0131rlar. \u00dcmumiyy\u0259tl\u0259, b\u00fct\u00fcn t\u00fcrk-m\u00fcs\u0259lman co\u011frafiyas\u0131nda ya\u015fayan, ac\u0131 v\u0259 k\u0259d\u0259r i\u00e7ind\u0259 olan qarda\u015f-bac\u0131lar\u0131m\u0131za d\u0259st\u0259k olmal\u0131y\u0131q.<\/p>\n<p>Bu g\u00fcn Suriyada Bay\u0131rbucakda, \u0130raqda T\u0259laf\u0259rd\u0259, K\u0259rk\u00fckd\u0259, Ah\u0131sxada, Qaraba\u011fda, harada \u0259ziyy\u0259t \u00e7\u0259k\u0259n insan\u0131m\u0131z varsa, onlara h\u0259r zaman \u0259limizd\u0259n g\u0259l\u0259n k\u00f6m\u0259yi \u0259sirg\u0259m\u0259m\u0259liyik\u201d, &#8211; dey\u0259\u00a0mill\u0259t v\u0259kili \u0259lav\u0259 edib.oxu.az<\/p>\n","protected":false},"excerpt":{"rendered":"<p>Bu g\u00fcn Qaraba\u011f m\u0259s\u0259l\u0259sind\u0259 \u00e7ox h\u0259ssas bir m\u0259qam ya\u015fan\u0131r. X\u00fcsusil\u0259\u00a0Vyana g\u00f6r\u00fc\u015f\u00fcnd\u0259 dan\u0131\u015f\u0131qlar\u0131n format\u0131n\u0131n d\u0259yi\u015fdirilm\u0259sinin qeyri-m\u00fcmk\u00fcnl\u00fcy\u00fcn\u00fcn v\u0259 s\u00fclh dan\u0131\u015f\u0131qlar\u0131n\u0131n davam etdirilm\u0259sinin, o c\u00fcml\u0259d\u0259n, Az\u0259rbaycan prezidenti \u0130lham \u018fliyevl\u0259 Rusiya Federasiyas\u0131n\u0131n prezidenti Vladimir Putinin\u00a0telefon dan\u0131\u015f\u0131qlar\u0131nda\u00a0prosesin\u00a0f\u0259alla\u015fd\u0131r\u0131lmas\u0131n\u0131n vur\u011fulanmas\u0131 \u00e7ox \u00f6n\u0259mli bir m\u0259s\u0259l\u0259dir. Az\u0259rbaycan\u0131n dan\u0131\u015f\u0131qlar prosesind\u0259 \u00fcst\u00fcnl\u00fcy\u00fc a\u00e7\u0131q-a\u015fkard\u0131r v\u0259 bu, bizim Qaraba\u011fla ba\u011fl\u0131 arzular\u0131m\u0131z\u0131, i\u015f\u011fal\u0131n bitm\u0259sin\u0259 olan inam\u0131m\u0131z\u0131 bir daha art\u0131rmaqdad\u0131r. ARANTV.AZ\u00a0x\u0259b\u0259r verir ki, bunu mill\u0259t v\u0259kili Q\u0259nir\u0259 Pa\u015fayeva deyib. O\u00a0qeyd edib ki, Qaraba\u011f t\u0259kc\u0259 Az\u0259rbaycan\u0131n deyil, b\u00fct\u00fcn t\u00fcrkl\u0259rin, T\u00fcrk d\u00fcnyas\u0131n\u0131n m\u0259s\u0259l\u0259sidir. Onun s\u00f6zl\u0259rin\u0259 g\u00f6r\u0259, harada do\u011fulmas\u0131ndan v\u0259 harada ya\u015famas\u0131ndan as\u0131l\u0131 olmayaraq, h\u0259r bir t\u00fcrk insan\u0131&hellip;<\/p>\n","protected":false},"author":2,"featured_media":48916,"comment_status":"closed","ping_status":"closed","sticky":false,"template":"","format":"standard","meta":{"om_disable_all_campaigns":false,"_monsterinsights_skip_tracking":false,"_monsterinsights_sitenote_active":false,"_monsterinsights_sitenote_note":"","_monsterinsights_sitenote_category":0},"categories":[4],"tags":[],"aioseo_notices":[],"gutentor_comment":0,"rttpg_featured_image_url":{"full":["https:\/\/arantv.az\/wp-content\/uploads\/2019\/04\/qenire_pasayeva.jpg",620,389,false],"landscape":["https:\/\/arantv.az\/wp-content\/uploads\/2019\/04\/qenire_pasayeva.jpg",620,389,false],"portraits":["https:\/\/arantv.az\/wp-content\/uploads\/2019\/04\/qenire_pasayeva.jpg",620,389,false],"thumbnail":["https:\/\/arantv.az\/wp-content\/uploads\/2019\/04\/qenire_pasayeva-150x150.jpg",150,150,true],"medium":["https:\/\/arantv.az\/wp-content\/uploads\/2019\/04\/qenire_pasayeva-300x188.jpg",300,188,true],"large":["https:\/\/arantv.az\/wp-content\/uploads\/2019\/04\/qenire_pasayeva.jpg",620,389,false],"1536x1536":["https:\/\/arantv.az\/wp-content\/uploads\/2019\/04\/qenire_pasayeva.jpg",620,389,false],"2048x2048":["https:\/\/arantv.az\/wp-content\/uploads\/2019\/04\/qenire_pasayeva.jpg",620,389,false],"post-thumbnail":["https:\/\/arantv.az\/wp-content\/uploads\/2019\/04\/qenire_pasayeva-240x172.jpg",240,172,true],"advps-thumb-one":["https:\/\/arantv.az\/wp-content\/uploads\/2019\/04\/qenire_pasayeva.jpg",620,389,false]},"rttpg_author":{"display_name":"V\u00fcsal Rafiqo\u011flu","author_link":"https:\/\/arantv.az\/?author=2"},"rttpg_comment":0,"rttpg_category":"<a href=\"https:\/\/arantv.az\/?cat=4\" rel=\"category\">Siyas\u0259t<\/a>","rttpg_excerpt":"Bu g\u00fcn Qaraba\u011f m\u0259s\u0259l\u0259sind\u0259 \u00e7ox h\u0259ssas bir m\u0259qam ya\u015fan\u0131r. X\u00fcsusil\u0259\u00a0Vyana g\u00f6r\u00fc\u015f\u00fcnd\u0259 dan\u0131\u015f\u0131qlar\u0131n format\u0131n\u0131n d\u0259yi\u015fdirilm\u0259sinin qeyri-m\u00fcmk\u00fcnl\u00fcy\u00fcn\u00fcn v\u0259 s\u00fclh dan\u0131\u015f\u0131qlar\u0131n\u0131n davam etdirilm\u0259sinin, o c\u00fcml\u0259d\u0259n, Az\u0259rbaycan prezidenti \u0130lham \u018fliyevl\u0259 Rusiya Federasiyas\u0131n\u0131n prezidenti Vladimir Putinin\u00a0telefon dan\u0131\u015f\u0131qlar\u0131nda\u00a0prosesin\u00a0f\u0259alla\u015fd\u0131r\u0131lmas\u0131n\u0131n vur\u011fulanmas\u0131 \u00e7ox \u00f6n\u0259mli bir m\u0259s\u0259l\u0259dir. Az\u0259rbaycan\u0131n dan\u0131\u015f\u0131qlar prosesind\u0259 \u00fcst\u00fcnl\u00fcy\u00fc a\u00e7\u0131q-a\u015fkard\u0131r v\u0259 bu, bizim Qaraba\u011fla ba\u011fl\u0131 arzular\u0131m\u0131z\u0131, i\u015f\u011fal\u0131n bitm\u0259sin\u0259 olan inam\u0131m\u0131z\u0131 bir daha art\u0131rmaqdad\u0131r.&hellip;","_links":{"self":[{"href":"https:\/\/arantv.az\/index.php?rest_route=\/wp\/v2\/posts\/48915"}],"collection":[{"href":"https:\/\/arantv.az\/index.php?rest_route=\/wp\/v2\/posts"}],"about":[{"href":"https:\/\/arantv.az\/index.php?rest_route=\/wp\/v2\/types\/post"}],"author":[{"embeddable":true,"href":"https:\/\/arantv.az\/index.php?rest_route=\/wp\/v2\/users\/2"}],"replies":[{"embeddable":true,"href":"https:\/\/arantv.az\/index.php?rest_route=%2Fwp%2Fv2%2Fcomments&post=48915"}],"version-history":[{"count":0,"href":"https:\/\/arantv.az\/index.php?rest_route=\/wp\/v2\/posts\/48915\/revisions"}],"wp:featuredmedia":[{"embeddable":true,"href":"https:\/\/arantv.az\/index.php?rest_route=\/wp\/v2\/media\/48916"}],"wp:attachment":[{"href":"https:\/\/arantv.az\/index.php?rest_route=%2Fwp%2Fv2%2Fmedia&parent=48915"}],"wp:term":[{"taxonomy":"category","embeddable":true,"href":"https:\/\/arantv.az\/index.php?rest_route=%2Fwp%2Fv2%2Fcategories&post=48915"},{"taxonomy":"post_tag","embeddable":true,"href":"https:\/\/arantv.az\/index.php?rest_route=%2Fwp%2Fv2%2Ftags&post=48915"}],"curies":[{"name":"wp","href":"https:\/\/api.w.org\/{rel}","templated":true}]}}