{"id":48918,"date":"2019-04-03T10:39:20","date_gmt":"2019-04-03T07:39:20","guid":{"rendered":"http:\/\/arantv.az\/?p=48918"},"modified":"2019-04-03T10:39:20","modified_gmt":"2019-04-03T07:39:20","slug":"%c9%99rdogan-bin%c9%99li-yildirima-yeni-v%c9%99zif%c9%99-ver%c9%99c%c9%99k","status":"publish","type":"post","link":"https:\/\/arantv.az\/?p=48918","title":{"rendered":"\u018frdo\u011fan Bin\u0259li Y\u0131ld\u0131r\u0131ma yeni V\u018fZ\u0130F\u018f VER\u018fC\u018fK"},"content":{"rendered":"<p><strong>T\u00fcrkiy\u0259 prezidenti R\u0259c\u0259b Tayyib \u018frdo\u011fan b\u0259l\u0259diyy\u0259 se\u00e7kil\u0259rind\u0259 uduzan Bin\u0259li Y\u0131ld\u0131r\u0131ma yeni v\u0259zif\u0259 ver\u0259c\u0259k.<\/strong><\/p>\n<p><b>ARANTV.AZ\u00a0<\/b>x\u0259b\u0259r verir ki, \u018frdo\u011fan sabiq ba\u015f nazir\u0259 prezident k\u00f6m\u0259k\u00e7isi s\u0259lahiyy\u0259tl\u0259rini etibar ed\u0259c\u0259k.<\/p>\n<p>Bu bar\u0259d\u0259 \u201cC\u00fcmhuriyy\u0259t\u201d q\u0259zeti informasiya yay\u0131b. X\u0259b\u0259r\u0259 g\u00f6r\u0259, \u018frdo\u011fan 31 mart b\u0259l\u0259diyy\u0259 se\u00e7kil\u0259rind\u0259 \u018fdal\u0259t v\u0259 \u0130nki\u015faf Partiyas\u0131 namiz\u0259dl\u0259rinin, x\u00fcsusil\u0259, \u0130stanbul v\u0259 Ankarada \u00fcst\u00fcnl\u00fcy\u00fc \u0259ld\u0259n verm\u0259si il\u0259 ba\u011fl\u0131 partiydaxili ara\u015fd\u0131rma ba\u015flad\u0131b. Ara\u015fd\u0131rma n\u0259tic\u0259l\u0259ndikd\u0259n sonra partiyan\u0131n idar\u0259etm\u0259sind\u0259 bir s\u0131ra islahatlar apar\u0131lacaq.<\/p>\n<p>Bin\u0259li Y\u0131ld\u0131r\u0131m\u0131n T\u00fcrkiy\u0259 B\u00f6y\u00fck Mill\u0259t M\u0259clisin\u0259 yenid\u0259n s\u0259drlik etm\u0259k m\u0259s\u0259l\u0259si \u00e7\u0259tin oldu\u011fundan, ona prezident aparat\u0131nda yeni s\u0259lahiyy\u0259tl\u0259r verilm\u0259si g\u00fcnd\u0259md\u0259dir.<\/p>\n<p>Qeyd ed\u0259k ki, Bin\u0259li Y\u0131ld\u0131r\u0131m \u0130stanbul b\u0259l\u0259diyy\u0259sin\u0259 s\u0259drlik etm\u0259k \u00fc\u00e7\u00fcn namiz\u0259dliyini ir\u0259li s\u00fcrm\u00fc\u015fd\u00fc. Lakin o, m\u00fcbariz\u0259d\u0259 ki\u00e7ik f\u0259rql\u0259 \u018fkr\u0259m \u0130mamo\u011fluna uduzmu\u015fdu.publika.az<\/p>\n","protected":false},"excerpt":{"rendered":"<p>T\u00fcrkiy\u0259 prezidenti R\u0259c\u0259b Tayyib \u018frdo\u011fan b\u0259l\u0259diyy\u0259 se\u00e7kil\u0259rind\u0259 uduzan Bin\u0259li Y\u0131ld\u0131r\u0131ma yeni v\u0259zif\u0259 ver\u0259c\u0259k. ARANTV.AZ\u00a0x\u0259b\u0259r verir ki, \u018frdo\u011fan sabiq ba\u015f nazir\u0259 prezident k\u00f6m\u0259k\u00e7isi s\u0259lahiyy\u0259tl\u0259rini etibar ed\u0259c\u0259k. Bu bar\u0259d\u0259 \u201cC\u00fcmhuriyy\u0259t\u201d q\u0259zeti informasiya yay\u0131b. X\u0259b\u0259r\u0259 g\u00f6r\u0259, \u018frdo\u011fan 31 mart b\u0259l\u0259diyy\u0259 se\u00e7kil\u0259rind\u0259 \u018fdal\u0259t v\u0259 \u0130nki\u015faf Partiyas\u0131 namiz\u0259dl\u0259rinin, x\u00fcsusil\u0259, \u0130stanbul v\u0259 Ankarada \u00fcst\u00fcnl\u00fcy\u00fc \u0259ld\u0259n verm\u0259si il\u0259 ba\u011fl\u0131 partiydaxili ara\u015fd\u0131rma ba\u015flad\u0131b. Ara\u015fd\u0131rma n\u0259tic\u0259l\u0259ndikd\u0259n sonra partiyan\u0131n idar\u0259etm\u0259sind\u0259 bir s\u0131ra islahatlar apar\u0131lacaq. Bin\u0259li Y\u0131ld\u0131r\u0131m\u0131n T\u00fcrkiy\u0259 B\u00f6y\u00fck Mill\u0259t M\u0259clisin\u0259 yenid\u0259n s\u0259drlik etm\u0259k m\u0259s\u0259l\u0259si \u00e7\u0259tin oldu\u011fundan, ona prezident aparat\u0131nda yeni s\u0259lahiyy\u0259tl\u0259r verilm\u0259si g\u00fcnd\u0259md\u0259dir. Qeyd ed\u0259k ki, Bin\u0259li Y\u0131ld\u0131r\u0131m \u0130stanbul b\u0259l\u0259diyy\u0259sin\u0259&hellip;<\/p>\n","protected":false},"author":2,"featured_media":48919,"comment_status":"closed","ping_status":"closed","sticky":false,"template":"","format":"standard","meta":{"om_disable_all_campaigns":false,"_monsterinsights_skip_tracking":false,"_monsterinsights_sitenote_active":false,"_monsterinsights_sitenote_note":"","_monsterinsights_sitenote_category":0},"categories":[7],"tags":[],"aioseo_notices":[],"gutentor_comment":0,"rttpg_featured_image_url":{"full":["https:\/\/arantv.az\/wp-content\/uploads\/2019\/04\/1031732266.jpg",800,450,false],"landscape":["https:\/\/arantv.az\/wp-content\/uploads\/2019\/04\/1031732266.jpg",800,450,false],"portraits":["https:\/\/arantv.az\/wp-content\/uploads\/2019\/04\/1031732266.jpg",800,450,false],"thumbnail":["https:\/\/arantv.az\/wp-content\/uploads\/2019\/04\/1031732266-150x150.jpg",150,150,true],"medium":["https:\/\/arantv.az\/wp-content\/uploads\/2019\/04\/1031732266-300x169.jpg",300,169,true],"large":["https:\/\/arantv.az\/wp-content\/uploads\/2019\/04\/1031732266.jpg",640,360,false],"1536x1536":["https:\/\/arantv.az\/wp-content\/uploads\/2019\/04\/1031732266.jpg",800,450,false],"2048x2048":["https:\/\/arantv.az\/wp-content\/uploads\/2019\/04\/1031732266.jpg",800,450,false],"post-thumbnail":["https:\/\/arantv.az\/wp-content\/uploads\/2019\/04\/1031732266-240x172.jpg",240,172,true],"advps-thumb-one":["https:\/\/arantv.az\/wp-content\/uploads\/2019\/04\/1031732266.jpg",800,450,false]},"rttpg_author":{"display_name":"V\u00fcsal Rafiqo\u011flu","author_link":"https:\/\/arantv.az\/?author=2"},"rttpg_comment":0,"rttpg_category":"<a href=\"https:\/\/arantv.az\/?cat=7\" rel=\"category\">D\u00fcnya<\/a>","rttpg_excerpt":"T\u00fcrkiy\u0259 prezidenti R\u0259c\u0259b Tayyib \u018frdo\u011fan b\u0259l\u0259diyy\u0259 se\u00e7kil\u0259rind\u0259 uduzan Bin\u0259li Y\u0131ld\u0131r\u0131ma yeni v\u0259zif\u0259 ver\u0259c\u0259k. ARANTV.AZ\u00a0x\u0259b\u0259r verir ki, \u018frdo\u011fan sabiq ba\u015f nazir\u0259 prezident k\u00f6m\u0259k\u00e7isi s\u0259lahiyy\u0259tl\u0259rini etibar ed\u0259c\u0259k. Bu bar\u0259d\u0259 \u201cC\u00fcmhuriyy\u0259t\u201d q\u0259zeti informasiya yay\u0131b. X\u0259b\u0259r\u0259 g\u00f6r\u0259, \u018frdo\u011fan 31 mart b\u0259l\u0259diyy\u0259 se\u00e7kil\u0259rind\u0259 \u018fdal\u0259t v\u0259 \u0130nki\u015faf Partiyas\u0131 namiz\u0259dl\u0259rinin, x\u00fcsusil\u0259, \u0130stanbul v\u0259 Ankarada \u00fcst\u00fcnl\u00fcy\u00fc \u0259ld\u0259n verm\u0259si il\u0259 ba\u011fl\u0131 partiydaxili ara\u015fd\u0131rma ba\u015flad\u0131b.&hellip;","_links":{"self":[{"href":"https:\/\/arantv.az\/index.php?rest_route=\/wp\/v2\/posts\/48918"}],"collection":[{"href":"https:\/\/arantv.az\/index.php?rest_route=\/wp\/v2\/posts"}],"about":[{"href":"https:\/\/arantv.az\/index.php?rest_route=\/wp\/v2\/types\/post"}],"author":[{"embeddable":true,"href":"https:\/\/arantv.az\/index.php?rest_route=\/wp\/v2\/users\/2"}],"replies":[{"embeddable":true,"href":"https:\/\/arantv.az\/index.php?rest_route=%2Fwp%2Fv2%2Fcomments&post=48918"}],"version-history":[{"count":0,"href":"https:\/\/arantv.az\/index.php?rest_route=\/wp\/v2\/posts\/48918\/revisions"}],"wp:featuredmedia":[{"embeddable":true,"href":"https:\/\/arantv.az\/index.php?rest_route=\/wp\/v2\/media\/48919"}],"wp:attachment":[{"href":"https:\/\/arantv.az\/index.php?rest_route=%2Fwp%2Fv2%2Fmedia&parent=48918"}],"wp:term":[{"taxonomy":"category","embeddable":true,"href":"https:\/\/arantv.az\/index.php?rest_route=%2Fwp%2Fv2%2Fcategories&post=48918"},{"taxonomy":"post_tag","embeddable":true,"href":"https:\/\/arantv.az\/index.php?rest_route=%2Fwp%2Fv2%2Ftags&post=48918"}],"curies":[{"name":"wp","href":"https:\/\/api.w.org\/{rel}","templated":true}]}}