{"id":48921,"date":"2019-04-03T10:45:29","date_gmt":"2019-04-03T07:45:29","guid":{"rendered":"http:\/\/arantv.az\/?p=48921"},"modified":"2019-04-03T10:45:29","modified_gmt":"2019-04-03T07:45:29","slug":"turkm%c9%99nistan-v%c9%99t%c9%99ndasi-az%c9%99rbaycanda-z%c9%99h%c9%99rl%c9%99ndi","status":"publish","type":"post","link":"https:\/\/arantv.az\/?p=48921","title":{"rendered":"T\u00fcrkm\u0259nistan v\u0259t\u0259nda\u015f\u0131 Az\u0259rbaycanda z\u0259h\u0259rl\u0259ndi"},"content":{"rendered":"<p><strong>Bak\u0131da T\u00fcrkm\u0259nistan v\u0259t\u0259nda\u015f\u0131 d\u0259m qaz\u0131ndan z\u0259h\u0259rl\u0259nib.<\/strong><\/p>\n<p><strong>ARANTV.AZ\u00a0<\/strong>\u00a0<span style=\"color: #000000;\"><a style=\"color: #000000;\" href=\"https:\/\/az.trend.az\/\" target=\"_blank\" rel=\"noopener\">Trend<\/a><\/span>-\u0259 istinad\u0259n x\u0259b\u0259r verir ki, hadis\u0259 Bak\u0131 Beyn\u0259lxalq D\u0259niz Ticar\u0259t Liman\u0131nda ba\u015f verib.<\/p>\n<p>Bel\u0259 ki, aprelin 2-d\u0259 T\u00fcrkm\u0259nistan v\u0259t\u0259nda\u015f\u0131, 1963-c\u00fc il t\u0259v\u0259ll\u00fcdl\u00fc Alimov Yuzbek Selimovi\u00e7 idar\u0259 etdiyi y\u00fck avtomobili il\u0259 T\u00fcrkm\u0259nistana getm\u0259k \u00fc\u00e7\u00fcn G\u00fcrc\u00fcstandan Az\u0259rbaycana ke\u00e7\u0259r\u0259k g\u0259tirdiyi y\u00fck\u00fc T\u00fcrkm\u0259nistana aparmaq \u00fc\u00e7\u00fcn limana g\u0259lib.<\/p>\n<p>Limanda n\u00f6vb\u0259sini g\u00f6zl\u0259y\u0259n Y.Alimov avtomobilinin kabin\u0259sin\u0259 ke\u00e7\u0259r\u0259k orada qaz balonunu yand\u0131r\u0131b. Bir m\u00fcdd\u0259td\u0259n sonra Y.Alimovun n\u00f6vb\u0259si \u00e7atsa da, o, avtomobili h\u0259r\u0259k\u0259t\u0259 g\u0259tirm\u0259yib. Liman m\u00fchafiz\u0259\u00e7il\u0259ri y\u00fck avtomobilinin \u015f\u00fc\u015f\u0259sini s\u0131nd\u0131raraq avtomobilin kabin\u0259sinin yataq yerind\u0259 Y. Alimovu h\u0259r\u0259k\u0259tsiz v\u0259ziyy\u0259td\u0259 a\u015fkarlay\u0131b. M\u0259lum olub ki, Y.Alimov kabin\u0259d\u0259 yanm\u0131\u015f v\u0259ziyy\u0259td\u0259 qoydu\u011fu qaz balonundan yay\u0131lan d\u0259m qaz\u0131ndan z\u0259h\u0259rl\u0259nib.<\/p>\n<p>Faktla ba\u011fl\u0131 N\u0259simi Rayon Prokurorlu\u011funda ara\u015fd\u0131rma apar\u0131l\u0131r.<\/p>\n","protected":false},"excerpt":{"rendered":"<p>Bak\u0131da T\u00fcrkm\u0259nistan v\u0259t\u0259nda\u015f\u0131 d\u0259m qaz\u0131ndan z\u0259h\u0259rl\u0259nib. ARANTV.AZ\u00a0\u00a0Trend-\u0259 istinad\u0259n x\u0259b\u0259r verir ki, hadis\u0259 Bak\u0131 Beyn\u0259lxalq D\u0259niz Ticar\u0259t Liman\u0131nda ba\u015f verib. Bel\u0259 ki, aprelin 2-d\u0259 T\u00fcrkm\u0259nistan v\u0259t\u0259nda\u015f\u0131, 1963-c\u00fc il t\u0259v\u0259ll\u00fcdl\u00fc Alimov Yuzbek Selimovi\u00e7 idar\u0259 etdiyi y\u00fck avtomobili il\u0259 T\u00fcrkm\u0259nistana getm\u0259k \u00fc\u00e7\u00fcn G\u00fcrc\u00fcstandan Az\u0259rbaycana ke\u00e7\u0259r\u0259k g\u0259tirdiyi y\u00fck\u00fc T\u00fcrkm\u0259nistana aparmaq \u00fc\u00e7\u00fcn limana g\u0259lib. Limanda n\u00f6vb\u0259sini g\u00f6zl\u0259y\u0259n Y.Alimov avtomobilinin kabin\u0259sin\u0259 ke\u00e7\u0259r\u0259k orada qaz balonunu yand\u0131r\u0131b. Bir m\u00fcdd\u0259td\u0259n sonra Y.Alimovun n\u00f6vb\u0259si \u00e7atsa da, o, avtomobili h\u0259r\u0259k\u0259t\u0259 g\u0259tirm\u0259yib. Liman m\u00fchafiz\u0259\u00e7il\u0259ri y\u00fck avtomobilinin \u015f\u00fc\u015f\u0259sini s\u0131nd\u0131raraq avtomobilin kabin\u0259sinin yataq yerind\u0259 Y. Alimovu h\u0259r\u0259k\u0259tsiz v\u0259ziyy\u0259td\u0259 a\u015fkarlay\u0131b. M\u0259lum olub ki, Y.Alimov&hellip;<\/p>\n","protected":false},"author":2,"featured_media":48922,"comment_status":"closed","ping_status":"closed","sticky":false,"template":"","format":"standard","meta":{"om_disable_all_campaigns":false,"_monsterinsights_skip_tracking":false,"_monsterinsights_sitenote_active":false,"_monsterinsights_sitenote_note":"","_monsterinsights_sitenote_category":0},"categories":[1],"tags":[],"aioseo_notices":[],"gutentor_comment":0,"rttpg_featured_image_url":{"full":["https:\/\/arantv.az\/wp-content\/uploads\/2019\/04\/yuk_masini_044.jpg",800,600,false],"landscape":["https:\/\/arantv.az\/wp-content\/uploads\/2019\/04\/yuk_masini_044.jpg",800,600,false],"portraits":["https:\/\/arantv.az\/wp-content\/uploads\/2019\/04\/yuk_masini_044.jpg",800,600,false],"thumbnail":["https:\/\/arantv.az\/wp-content\/uploads\/2019\/04\/yuk_masini_044-150x150.jpg",150,150,true],"medium":["https:\/\/arantv.az\/wp-content\/uploads\/2019\/04\/yuk_masini_044-300x225.jpg",300,225,true],"large":["https:\/\/arantv.az\/wp-content\/uploads\/2019\/04\/yuk_masini_044.jpg",640,480,false],"1536x1536":["https:\/\/arantv.az\/wp-content\/uploads\/2019\/04\/yuk_masini_044.jpg",800,600,false],"2048x2048":["https:\/\/arantv.az\/wp-content\/uploads\/2019\/04\/yuk_masini_044.jpg",800,600,false],"post-thumbnail":["https:\/\/arantv.az\/wp-content\/uploads\/2019\/04\/yuk_masini_044-240x172.jpg",240,172,true],"advps-thumb-one":["https:\/\/arantv.az\/wp-content\/uploads\/2019\/04\/yuk_masini_044.jpg",800,600,false]},"rttpg_author":{"display_name":"V\u00fcsal Rafiqo\u011flu","author_link":"https:\/\/arantv.az\/?author=2"},"rttpg_comment":0,"rttpg_category":"<a href=\"https:\/\/arantv.az\/?cat=1\" rel=\"category\">C\u0259miyy\u0259t<\/a>","rttpg_excerpt":"Bak\u0131da T\u00fcrkm\u0259nistan v\u0259t\u0259nda\u015f\u0131 d\u0259m qaz\u0131ndan z\u0259h\u0259rl\u0259nib. ARANTV.AZ\u00a0\u00a0Trend-\u0259 istinad\u0259n x\u0259b\u0259r verir ki, hadis\u0259 Bak\u0131 Beyn\u0259lxalq D\u0259niz Ticar\u0259t Liman\u0131nda ba\u015f verib. Bel\u0259 ki, aprelin 2-d\u0259 T\u00fcrkm\u0259nistan v\u0259t\u0259nda\u015f\u0131, 1963-c\u00fc il t\u0259v\u0259ll\u00fcdl\u00fc Alimov Yuzbek Selimovi\u00e7 idar\u0259 etdiyi y\u00fck avtomobili il\u0259 T\u00fcrkm\u0259nistana getm\u0259k \u00fc\u00e7\u00fcn G\u00fcrc\u00fcstandan Az\u0259rbaycana ke\u00e7\u0259r\u0259k g\u0259tirdiyi y\u00fck\u00fc T\u00fcrkm\u0259nistana aparmaq \u00fc\u00e7\u00fcn limana g\u0259lib. Limanda n\u00f6vb\u0259sini g\u00f6zl\u0259y\u0259n Y.Alimov avtomobilinin kabin\u0259sin\u0259&hellip;","_links":{"self":[{"href":"https:\/\/arantv.az\/index.php?rest_route=\/wp\/v2\/posts\/48921"}],"collection":[{"href":"https:\/\/arantv.az\/index.php?rest_route=\/wp\/v2\/posts"}],"about":[{"href":"https:\/\/arantv.az\/index.php?rest_route=\/wp\/v2\/types\/post"}],"author":[{"embeddable":true,"href":"https:\/\/arantv.az\/index.php?rest_route=\/wp\/v2\/users\/2"}],"replies":[{"embeddable":true,"href":"https:\/\/arantv.az\/index.php?rest_route=%2Fwp%2Fv2%2Fcomments&post=48921"}],"version-history":[{"count":0,"href":"https:\/\/arantv.az\/index.php?rest_route=\/wp\/v2\/posts\/48921\/revisions"}],"wp:featuredmedia":[{"embeddable":true,"href":"https:\/\/arantv.az\/index.php?rest_route=\/wp\/v2\/media\/48922"}],"wp:attachment":[{"href":"https:\/\/arantv.az\/index.php?rest_route=%2Fwp%2Fv2%2Fmedia&parent=48921"}],"wp:term":[{"taxonomy":"category","embeddable":true,"href":"https:\/\/arantv.az\/index.php?rest_route=%2Fwp%2Fv2%2Fcategories&post=48921"},{"taxonomy":"post_tag","embeddable":true,"href":"https:\/\/arantv.az\/index.php?rest_route=%2Fwp%2Fv2%2Ftags&post=48921"}],"curies":[{"name":"wp","href":"https:\/\/api.w.org\/{rel}","templated":true}]}}