{"id":48939,"date":"2019-04-03T11:11:49","date_gmt":"2019-04-03T08:11:49","guid":{"rendered":"http:\/\/arantv.az\/?p=48939"},"modified":"2019-04-03T11:11:49","modified_gmt":"2019-04-03T08:11:49","slug":"bakida-sok-cinay%c9%99t-obyektin-damindan-girib-seyfi-apardilar","status":"publish","type":"post","link":"https:\/\/arantv.az\/?p=48939","title":{"rendered":"Bak\u0131da \u015eOK C\u0130NAY\u018fT &#8211; Obyektin dam\u0131ndan girib seyfi apard\u0131lar"},"content":{"rendered":"<div class=\"row\">\n<div class=\"post single\">\n<div class=\"post_content page_margin_top_section clearfix\">\n<div class=\"content_box\">\n<div class=\"text\">\n<p><strong>X\u0259tai rayonunda yerl\u0259\u015f\u0259n marketl\u0259rd\u0259n birind\u0259n o\u011furluq edilib. Ma\u011faza sahibi X\u0259tai Rayon Polis \u0130dar\u0259si 37-ci Polis \u015e\u00f6b\u0259sin\u0259 m\u00fcraci\u0259t ed\u0259r\u0259k marketin dam \u00f6rt\u00fcy\u00fcn\u00fcn s\u00f6k\u00fcld\u00fcy\u00fcn\u00fc v\u0259 bununla da obyekt\u0259 daxil olan \u015f\u0259xsin i\u00e7\u0259risind\u0259 3800 manat olan seyfi v\u0259 \u0259rzaq m\u0259hsullar\u0131n\u0131 o\u011furlad\u0131\u011f\u0131n\u0131 bildirib.<\/strong><\/p>\n<p><b>ARANTV.AZ\u00a0<\/b> x\u0259b\u0259r verir ki, m\u0259lumat daxil olan kimi polis \u0259m\u0259kda\u015flar\u0131n\u0131n h\u0259yata ke\u00e7irdikl\u0259ri \u0259m\u0259liyyat-axtar\u0131\u015f t\u0259dbiri n\u0259tic\u0259sind\u0259 qeyd edil\u0259n cinay\u0259ti t\u00f6r\u0259tm\u0259kd\u0259 \u015f\u00fcbh\u0259li bilin\u0259n Bak\u0131 \u015f\u0259h\u0259r sakinl\u0259ri S\u0259nan Verdiyev v\u0259 Elimxan Al\u0131yev saxlan\u0131l\u0131blar. Qrupun dig\u0259r \u00fczv\u00fc paytaxt sakini Nazim May\u0131lov is\u0259 ba\u015fqa bir qanun pozuntusuna yol verdiyi \u00fc\u00e7\u00fcn haz\u0131rda D\u0130N-in \u0130nzibati H\u0259bs Olunanlar\u0131n Saxlanma M\u0259nt\u0259q\u0259sind\u0259 c\u0259za \u00e7\u0259kir.<\/p>\n<p>Ara\u015fd\u0131rma zaman\u0131 m\u00fc\u0259yy\u0259n olunub ki, market\u0259 E.Al\u0131yev dam hiss\u0259d\u0259n daxil olaraq seyfi \u0259l\u0259 ke\u00e7irib. Daha sonra o, dig\u0259r d\u0259st\u0259 \u00fczvl\u0259ri il\u0259 birg\u0259 seyfi s\u0131nd\u0131r\u0131b v\u0259 \u0259ld\u0259 etdikl\u0259ri pulu aralar\u0131nda b\u00f6l\u00fcbl\u0259r.<\/p>\n<p>Pulu \u0259l\u0259 ke\u00e7ir\u0259nd\u0259n sonra saxlan\u0131lan \u015f\u0259xsl\u0259r izi itirm\u0259k m\u0259qs\u0259di il\u0259 s\u0131nd\u0131rd\u0131qlar\u0131 seyfi Qum adas\u0131 adlanan \u0259razid\u0259 suya at\u0131blar. Polis \u0259m\u0259kda\u015flar\u0131 t\u0259r\u0259find\u0259 h\u0259min seyf at\u0131ld\u0131\u011f\u0131 yerd\u0259n tap\u0131laraq maddi s\u00fcbut kimi g\u00f6t\u00fcr\u00fcl\u00fcb.<\/p>\n<p>Faktla ba\u011fl\u0131 saxlan\u0131lan \u015f\u0259xsl\u0259r bar\u0259sind\u0259 X\u0259tai Rayon Polis \u0130dar\u0259sinin Cinay\u0259t M\u0259c\u0259ll\u0259sinin m\u00fcvafiq madd\u0259l\u0259ri il\u0259 cinay\u0259t i\u015fi ba\u015flan\u0131l\u0131b, istintaq t\u0259dbirl\u0259ri davam etdirilir.<\/p>\n<\/div>\n<\/div>\n<\/div>\n<div class=\"social_like\">\n<div>\n<div class=\"fb-like fb_iframe_widget\" data-href=\"\" data-layout=\"button_count\" data-action=\"recommend\" data-size=\"small\" data-show-faces=\"false\" data-share=\"false\"><\/div>\n<\/div>\n<div><\/div>\n<\/div>\n<\/div>\n<\/div>\n<div class=\"row page_margin_top\">\n<div id=\"news_media_gallery\" class=\"eagle-gallery img600 in as1\">\n<div class=\"eagle-medium-wrap\">\n<div class=\"scale-ico\"><\/div>\n<p><a class=\"eagle-view-medium-img\"><img src=\"https:\/\/publika.az\/storage\/2019\/04\/03\/2.jpg\" alt=\"\" \/><\/a><\/div>\n<div class=\"owl-carousel mini-slider\">\n<div class=\"owl-wrapper-outer\">\n<div class=\"owl-wrapper\">\n<div class=\"owl-item\"><img src=\"https:\/\/publika.az\/storage\/2019\/04\/03\/250x250f\/elimxan_alyev_.jpg\" alt=\"\" data-medium-img=\"https:\/\/publika.az\/storage\/2019\/04\/03\/elimxan_alyev_.jpg\" data-big-img=\"https:\/\/publika.az\/storage\/2019\/04\/03\/elimxan_alyev_.jpg\" data-title=\"\" \/><\/div>\n<div class=\"owl-item\"><img src=\"https:\/\/publika.az\/storage\/2019\/04\/03\/250x250f\/snan_verdiyev_.jpg\" alt=\"\" data-medium-img=\"https:\/\/publika.az\/storage\/2019\/04\/03\/snan_verdiyev_.jpg\" data-big-img=\"https:\/\/publika.az\/storage\/2019\/04\/03\/snan_verdiyev_.jpg\" data-title=\"\" \/><\/div>\n<div class=\"owl-item active\">publika.az<\/div>\n<\/div>\n<\/div>\n<\/div>\n<\/div>\n<\/div>\n","protected":false},"excerpt":{"rendered":"<p>X\u0259tai rayonunda yerl\u0259\u015f\u0259n marketl\u0259rd\u0259n birind\u0259n o\u011furluq edilib. Ma\u011faza sahibi X\u0259tai Rayon Polis \u0130dar\u0259si 37-ci Polis \u015e\u00f6b\u0259sin\u0259 m\u00fcraci\u0259t ed\u0259r\u0259k marketin dam \u00f6rt\u00fcy\u00fcn\u00fcn s\u00f6k\u00fcld\u00fcy\u00fcn\u00fc v\u0259 bununla da obyekt\u0259 daxil olan \u015f\u0259xsin i\u00e7\u0259risind\u0259 3800 manat olan seyfi v\u0259 \u0259rzaq m\u0259hsullar\u0131n\u0131 o\u011furlad\u0131\u011f\u0131n\u0131 bildirib. ARANTV.AZ\u00a0 x\u0259b\u0259r verir ki, m\u0259lumat daxil olan kimi polis \u0259m\u0259kda\u015flar\u0131n\u0131n h\u0259yata ke\u00e7irdikl\u0259ri \u0259m\u0259liyyat-axtar\u0131\u015f t\u0259dbiri n\u0259tic\u0259sind\u0259 qeyd edil\u0259n cinay\u0259ti t\u00f6r\u0259tm\u0259kd\u0259 \u015f\u00fcbh\u0259li bilin\u0259n Bak\u0131 \u015f\u0259h\u0259r sakinl\u0259ri S\u0259nan Verdiyev v\u0259 Elimxan Al\u0131yev saxlan\u0131l\u0131blar. Qrupun dig\u0259r \u00fczv\u00fc paytaxt sakini Nazim May\u0131lov is\u0259 ba\u015fqa bir qanun pozuntusuna yol verdiyi \u00fc\u00e7\u00fcn haz\u0131rda D\u0130N-in \u0130nzibati H\u0259bs Olunanlar\u0131n Saxlanma&hellip;<\/p>\n","protected":false},"author":2,"featured_media":48940,"comment_status":"closed","ping_status":"closed","sticky":false,"template":"","format":"standard","meta":{"om_disable_all_campaigns":false,"_monsterinsights_skip_tracking":false,"_monsterinsights_sitenote_active":false,"_monsterinsights_sitenote_note":"","_monsterinsights_sitenote_category":0},"categories":[5],"tags":[],"aioseo_notices":[],"gutentor_comment":0,"rttpg_featured_image_url":{"full":["https:\/\/arantv.az\/wp-content\/uploads\/2019\/04\/2.jpg",800,450,false],"landscape":["https:\/\/arantv.az\/wp-content\/uploads\/2019\/04\/2.jpg",800,450,false],"portraits":["https:\/\/arantv.az\/wp-content\/uploads\/2019\/04\/2.jpg",800,450,false],"thumbnail":["https:\/\/arantv.az\/wp-content\/uploads\/2019\/04\/2-150x150.jpg",150,150,true],"medium":["https:\/\/arantv.az\/wp-content\/uploads\/2019\/04\/2-300x169.jpg",300,169,true],"large":["https:\/\/arantv.az\/wp-content\/uploads\/2019\/04\/2.jpg",640,360,false],"1536x1536":["https:\/\/arantv.az\/wp-content\/uploads\/2019\/04\/2.jpg",800,450,false],"2048x2048":["https:\/\/arantv.az\/wp-content\/uploads\/2019\/04\/2.jpg",800,450,false],"post-thumbnail":["https:\/\/arantv.az\/wp-content\/uploads\/2019\/04\/2-240x172.jpg",240,172,true],"advps-thumb-one":["https:\/\/arantv.az\/wp-content\/uploads\/2019\/04\/2.jpg",800,450,false]},"rttpg_author":{"display_name":"V\u00fcsal Rafiqo\u011flu","author_link":"https:\/\/arantv.az\/?author=2"},"rttpg_comment":0,"rttpg_category":"<a href=\"https:\/\/arantv.az\/?cat=5\" rel=\"category\">Hadis\u0259<\/a>","rttpg_excerpt":"X\u0259tai rayonunda yerl\u0259\u015f\u0259n marketl\u0259rd\u0259n birind\u0259n o\u011furluq edilib. Ma\u011faza sahibi X\u0259tai Rayon Polis \u0130dar\u0259si 37-ci Polis \u015e\u00f6b\u0259sin\u0259 m\u00fcraci\u0259t ed\u0259r\u0259k marketin dam \u00f6rt\u00fcy\u00fcn\u00fcn s\u00f6k\u00fcld\u00fcy\u00fcn\u00fc v\u0259 bununla da obyekt\u0259 daxil olan \u015f\u0259xsin i\u00e7\u0259risind\u0259 3800 manat olan seyfi v\u0259 \u0259rzaq m\u0259hsullar\u0131n\u0131 o\u011furlad\u0131\u011f\u0131n\u0131 bildirib. ARANTV.AZ\u00a0 x\u0259b\u0259r verir ki, m\u0259lumat daxil olan kimi polis \u0259m\u0259kda\u015flar\u0131n\u0131n h\u0259yata ke\u00e7irdikl\u0259ri \u0259m\u0259liyyat-axtar\u0131\u015f t\u0259dbiri n\u0259tic\u0259sind\u0259 qeyd&hellip;","_links":{"self":[{"href":"https:\/\/arantv.az\/index.php?rest_route=\/wp\/v2\/posts\/48939"}],"collection":[{"href":"https:\/\/arantv.az\/index.php?rest_route=\/wp\/v2\/posts"}],"about":[{"href":"https:\/\/arantv.az\/index.php?rest_route=\/wp\/v2\/types\/post"}],"author":[{"embeddable":true,"href":"https:\/\/arantv.az\/index.php?rest_route=\/wp\/v2\/users\/2"}],"replies":[{"embeddable":true,"href":"https:\/\/arantv.az\/index.php?rest_route=%2Fwp%2Fv2%2Fcomments&post=48939"}],"version-history":[{"count":0,"href":"https:\/\/arantv.az\/index.php?rest_route=\/wp\/v2\/posts\/48939\/revisions"}],"wp:featuredmedia":[{"embeddable":true,"href":"https:\/\/arantv.az\/index.php?rest_route=\/wp\/v2\/media\/48940"}],"wp:attachment":[{"href":"https:\/\/arantv.az\/index.php?rest_route=%2Fwp%2Fv2%2Fmedia&parent=48939"}],"wp:term":[{"taxonomy":"category","embeddable":true,"href":"https:\/\/arantv.az\/index.php?rest_route=%2Fwp%2Fv2%2Fcategories&post=48939"},{"taxonomy":"post_tag","embeddable":true,"href":"https:\/\/arantv.az\/index.php?rest_route=%2Fwp%2Fv2%2Ftags&post=48939"}],"curies":[{"name":"wp","href":"https:\/\/api.w.org\/{rel}","templated":true}]}}