{"id":48946,"date":"2019-04-03T11:19:49","date_gmt":"2019-04-03T08:19:49","guid":{"rendered":"http:\/\/arantv.az\/?p=48946"},"modified":"2019-04-03T11:19:49","modified_gmt":"2019-04-03T08:19:49","slug":"b%c9%99hruz-quliyev-az%c9%99rbaycan-xalqi-ali-bas-komandanina-ordusuna-guv%c9%99nir","status":"publish","type":"post","link":"https:\/\/arantv.az\/?p=48946","title":{"rendered":"B\u0259hruz Quliyev: &#8220;Az\u0259rbaycan xalq\u0131 Ali Ba\u015f Komandan\u0131na, Ordusuna g\u00fcv\u0259nir&#8221;"},"content":{"rendered":"<blockquote><p><em><strong>Az\u0259rbaycan Ordusu bu g\u00fcn \u00f6z inki\u015faf\u0131 il\u0259, el\u0259c\u0259 d\u0259 g\u00fcc\u00fc il\u0259 d\u00fcnyan\u0131n \u0259n elitar ordular\u0131 s\u0131ras\u0131nda yer al\u0131r v\u0259 bu ger\u00e7\u0259klik \u00f6z\u00fcn\u00fc h\u0259rt\u0259r\u0259fli \u015f\u0259kild\u0259 s\u00fcbuta yetirir.<\/strong><\/em><\/p><\/blockquote>\n<p><strong>ARANTV.AZ<\/strong> x\u0259b\u0259r verir ki, bunu\u00a0<span style=\"color: #000000;\"><a style=\"color: #000000;\" href=\"https:\/\/az.trend.az\/\" target=\"_blank\" rel=\"noopener\">Trend<\/a><\/span>-\u0259 a\u00e7\u0131qlamas\u0131nda &#8220;S\u018fS&#8221; Media Qrupunun r\u0259hb\u0259ri, siyasi ekspert B\u0259hruz Quliyev Az\u0259rbaycan Prezidenti, Silahl\u0131 Q\u00fcvv\u0259l\u0259rin Ali Ba\u015f Komandan\u0131 \u0130lham \u018fliyevin M\u00fcdafi\u0259 Nazirliyinin X\u00fcsusi T\u0259yinatl\u0131 Q\u00fcvv\u0259l\u0259rinin N sayl\u0131 h\u0259rbi hiss\u0259sind\u0259 h\u0259rb\u00e7il\u0259rl\u0259 g\u00f6r\u00fc\u015f\u00fcnd\u0259 s\u0259sl\u0259ndirdiyi fikirl\u0259ri \u015f\u0259rh ed\u0259rk\u0259n deyib.<\/p>\n<p>Onun fikrinc\u0259, d\u00f6vl\u0259timizin ba\u015f\u00e7\u0131s\u0131n\u0131n Aprel z\u0259f\u0259rinin 3-c\u00fc ild\u00f6n\u00fcm\u00fcnd\u0259 XTQ-y\u0259 m\u0259xsus h\u0259rbi hiss\u0259y\u0259 getm\u0259si bu sava\u015fda q\u0259hr\u0259manl\u0131q g\u00f6st\u0259rmi\u015f zabit v\u0259 h\u0259rb\u00e7il\u0259rimiz\u0259 diqq\u0259tin t\u0259c\u0259ss\u00fcm\u00fcd\u00fcr: &#8220;M\u0259lumdur ki, 3 il \u00f6nc\u0259 Silahl\u0131 Q\u00fcvv\u0259l\u0259rimiz i\u015f\u011fal\u00e7\u0131 erm\u0259nil\u0259rin t\u0259xribatlar\u0131n\u0131n qar\u015f\u0131s\u0131n\u0131n al\u0131nmas\u0131nda q\u0259hr\u0259manl\u0131q g\u00f6st\u0259rdi, X\u00fcsusi T\u0259yinatl\u0131 Q\u00fcvv\u0259l\u0259r is\u0259 \u00f6nd\u0259 ged\u0259r\u0259k Aprel z\u0259f\u0259rin\u0259 \u015f\u00fcca\u0259tl\u0259, can\u0131-qan\u0131 bahas\u0131na yol a\u00e7d\u0131. Ali Ba\u015f Komandan\u0131n m\u0259hz bu qo\u015fun n\u00f6v\u00fcn\u0259 aid h\u0259rbi hiss\u0259ni ziyar\u0259t etm\u0259si is\u0259 b\u00fct\u00f6vl\u00fckd\u0259 torpaqlar\u0131m\u0131z\u0131n azadl\u0131\u011f\u0131 u\u011frunda \u015f\u0259hid olan zabit v\u0259 \u0259sg\u0259rl\u0259rimiz\u0259 ehtiram\u0131n g\u00f6st\u0259ricisidir. \u018fb\u0259s deyil ki, d\u00f6vl\u0259timizin ba\u015f\u00e7\u0131s\u0131 \u00f6z \u00e7\u0131x\u0131\u015f\u0131nda Az\u0259rbaycan Ordusunun bu g\u00fcn \u0259n y\u00fcks\u0259k keyfiyy\u0259tl\u0259r\u0259 malik oldu\u011funu v\u0259 ist\u0259nil\u0259n anda ist\u0259nil\u0259n v\u0259zif\u0259ni icra ed\u0259 bil\u0259c\u0259yini vur\u011fulad\u0131&#8221;.<\/p>\n<p>Ekspert bildirib ki, bu g\u00fcn ist\u0259r XTQ-y\u0259, ist\u0259rs\u0259 d\u0259 dig\u0259r qo\u015fun n\u00f6vl\u0259rin\u0259 m\u0259xsus h\u0259rbi hiss\u0259l\u0259rd\u0259 quruculuq i\u015fl\u0259ri davam etdirilir, m\u00fcvafiq t\u0259liml\u0259ri ke\u00e7m\u0259k \u00fc\u00e7\u00fcn h\u0259rb\u00e7il\u0259r\u0259 \u0259n m\u00fcnbit \u015f\u0259rait yarad\u0131l\u0131r: &#8220;\u018flb\u0259tt\u0259, b\u00fct\u00fcn bunlar Ordumuzun s\u00fcr\u0259tli inki\u015faf\u0131n\u0131n bariz g\u00f6st\u0259ricisi olaraq qiym\u0259tl\u0259ndirilir. El\u0259 c\u0259nab \u0130lham \u018fliyev d\u0259 bu x\u00fcsusda qeyd etdi ki, h\u0259rbi hiss\u0259 il\u0259 tan\u0131\u015fl\u0131q onda \u00e7ox xo\u015f t\u0259\u0259ss\u00fcrat yaratd\u0131. Bu bax\u0131mdan, \u0259minlikl\u0259 dey\u0259 bil\u0259rik ki, \u015fanl\u0131 Silahl\u0131 Q\u00fcvv\u0259l\u0259rimiz d\u00fcnya miqyas\u0131nda \u0259n g\u00fccl\u00fc ordular s\u0131ras\u0131nda yer almaqdad\u0131r. Zabit v\u0259 h\u0259rb\u00e7il\u0259rimiz bir s\u0131ra antiterror \u0259m\u0259liyyatlar\u0131nda, o c\u00fcml\u0259d\u0259n, NATO standartlar\u0131 s\u0259viyy\u0259sind\u0259 ke\u00e7iril\u0259n b\u00f6y\u00fck h\u0259rbi t\u0259liml\u0259rd\u0259, habel\u0259 \u00f6lk\u0259l\u0259raras\u0131 beyn\u0259lxalq t\u0259liml\u0259rd\u0259, m\u00fcsabiq\u0259l\u0259rd\u0259 i\u015ftirak ed\u0259r\u0259k y\u00fcks\u0259k h\u0259rbi haz\u0131rl\u0131\u011fa, potensiala malik olduqlar\u0131n\u0131 s\u00fcbuta yetirirl\u0259r. Bu reall\u0131q bizd\u0259 sonsuz f\u0259xr v\u0259 q\u00fcrur hissi yarad\u0131r&#8221;.<\/p>\n<p>B.Quliyev vur\u011fulay\u0131b ki, Prezident \u0130lham \u018fliyevin h\u0259yata ke\u00e7irdiyi \u00e7ox\u015fax\u0259li islahatlar proqram\u0131 Qaraba\u011f m\u00fcharib\u0259si v\u0259 aprel d\u00f6y\u00fc\u015fl\u0259rind\u0259 \u015f\u0259hid olmu\u015f zabit v\u0259 \u0259sg\u0259rl\u0259rimizin ail\u0259l\u0259rini, qazil\u0259rimizi d\u0259 \u0259hat\u0259 edir: &#8220;\u00d6lk\u0259 ba\u015f\u00e7\u0131m\u0131z bu g\u00f6r\u00fc\u015fd\u0259 h\u0259min m\u0259s\u0259l\u0259y\u0259 d\u0259 toxunaraq bildirib ki, yaral\u0131 h\u0259rb\u00e7il\u0259rimizin m\u00fcalic\u0259si, b\u0259rpas\u0131 \u00fc\u00e7\u00fcn d\u00f6vl\u0259t \u0259lind\u0259n g\u0259l\u0259ni \u0259sirg\u0259m\u0259yib v\u0259 yaralanm\u0131\u015f b\u00fct\u00fcn h\u0259rb\u00e7il\u0259r xo\u015fb\u0259xtlikd\u0259n normal h\u0259yata qay\u0131d\u0131blar. Onlar\u0131n m\u00fcalic\u0259si, b\u0259rpas\u0131, aktiv h\u0259yata qay\u0131tmalar\u0131 \u00fc\u00e7\u00fcn b\u00fct\u00fcn laz\u0131mi i\u015fl\u0259r g\u00f6r\u00fcl\u00fcb. Eyni zamanda, h\u0259rb\u00e7il\u0259rin m\u0259i\u015f\u0259t, sosial probleml\u0259ri h\u0259ll olunur, onlara yeni m\u0259nzill\u0259r verilir v\u0259 bu proses davam etdirilir&#8221;.<\/p>\n<p>O, Prezident \u0130lham \u018fliyevin \u00e7\u0131x\u0131\u015f\u0131nda AXC-M\u00fcsavat hakimiyy\u0259ti zaman\u0131ndak\u0131 x\u0259yan\u0259tl\u0259rin\u0259 d\u0259 toxundu\u011funu xat\u0131rladaraq bildirib ki, m\u0259hz bu siyasi c\u00fctl\u00fcy\u00fcn yar\u0131tmaz f\u0259aliyy\u0259ti Erm\u0259nistan qo\u015funlar\u0131n\u0131n \u0259razil\u0259rimizd\u0259 m\u00f6hk\u0259ml\u0259nm\u0259sin\u0259 s\u0259b\u0259b oldu: &#8220;Lakin Ulu \u00f6nd\u0259rimiz Heyd\u0259r \u018fliyevin say\u0259sind\u0259 Az\u0259rbaycan xalq\u0131 bu v\u0259ziyy\u0259tin daha a\u011f\u0131r f\u0259sadlar\u0131ndan qurtuldu, \u00fcmummilli liderin q\u0259tiyy\u0259ti, irad\u0259si, m\u00fcbarizliyi say\u0259sind\u0259 Qaraba\u011fda u\u011furlu \u0259m\u0259liyyatlar ke\u00e7irildi, Horadiz v\u0259 s. ya\u015fay\u0131\u015f m\u0259nt\u0259q\u0259l\u0259rimiz erm\u0259ni i\u015f\u011fal\u0131ndan azad edildi. Dey\u0259rdim ki, 2016-c\u0131 ilin Aprel v\u0259 daha sonra \u0259ld\u0259 edil\u0259n Nax\u00e7\u0131van z\u0259f\u0259rl\u0259ri b\u00fct\u00f6vl\u00fckd\u0259 Qaraba\u011f\u0131m\u0131z\u0131n i\u015f\u011faldan azad edilm\u0259sin\u0259 a\u00e7\u0131lan q\u0259l\u0259b\u0259 yolu oldu. Bu g\u00fcn Az\u0259rbaycan xalq\u0131 \u00f6z Ali Ba\u015f Komandan\u0131na, Ordusuna g\u00fcv\u0259nir, h\u0259r an torpaqlar\u0131n\u0131n azad olunmas\u0131 \u00fc\u00e7\u00fcn m\u00fcbariz\u0259y\u0259 haz\u0131r oldu\u011funu n\u00fcmayi\u015f etdirir&#8221;.<\/p>\n<p>Siyasi ekspert deyib ki, art\u0131q beyn\u0259lxalq al\u0259m, n\u00fcfuzlu t\u0259\u015fkilatlar da Da\u011fl\u0131q Qaraba\u011f torpaqlar\u0131n\u0131n Erm\u0259nistan t\u0259r\u0259find\u0259n i\u015f\u011fala m\u0259ruz qald\u0131\u011f\u0131n\u0131 etiraf edir, m\u00fcvafiq b\u0259yanatlar, q\u0259tnam\u0259l\u0259r q\u0259bul edirl\u0259r:<\/p>\n<p>&#8220;\u018fb\u0259s deyil ki, d\u00f6vl\u0259timizin ba\u015f\u00e7\u0131s\u0131 \u00f6z \u00e7\u0131x\u0131\u015f\u0131nda bu bar\u0259d\u0259 dan\u0131\u015fark\u0259n b\u00fct\u00fcn m\u00f6t\u0259b\u0259r beyn\u0259lxalq t\u0259\u015fkilatlar\u0131n m\u00fcvafiq q\u0259rar v\u0259 q\u0259tnam\u0259l\u0259r q\u0259bul etdikl\u0259rini xat\u0131rlatd\u0131. Ona g\u00f6r\u0259 d\u0259 Az\u0259rbaycan d\u00f6vl\u0259ti v\u0259 xalq\u0131 h\u00fcququn onun t\u0259r\u0259find\u0259 oldu\u011funu bilir v\u0259 i\u015f\u011fal alt\u0131nda qalan torpaqlar\u0131m\u0131z\u0131n azad edilm\u0259si \u00fc\u00e7\u00fcn daim haz\u0131r oldu\u011funu n\u00fcmayi\u015f etdirir. H\u0259tta Erm\u0259nistan r\u0259hb\u0259rliyinin bu v\u0259 ya dig\u0259r \u015f\u0259kild\u0259 dan\u0131\u015f\u0131qlar format\u0131n\u0131 d\u0259yi\u015fdirm\u0259k c\u0259hdl\u0259ri d\u0259 he\u00e7 bir n\u0259tic\u0259 verm\u0259yib, bundan sonra da verm\u0259y\u0259c\u0259k. \u00c7\u00fcnki c\u0259nab \u0130lham \u018fliyevin birm\u0259nal\u0131 v\u0259 q\u0259tiyy\u0259tli m\u00f6vqeyi h\u0259min c\u0259hdl\u0259rin qar\u015f\u0131s\u0131n\u0131 bird\u0259f\u0259lik al\u0131b. El\u0259 sonuncu Vyana g\u00f6r\u00fc\u015f\u00fcnd\u0259 d\u0259 biz bu q\u0259tiyy\u0259ti g\u00f6rd\u00fck. \u00d6lk\u0259 ba\u015f\u00e7\u0131m\u0131z\u0131n da vur\u011fulad\u0131\u011f\u0131 kimi, haqq-\u0259dal\u0259t, tarixi h\u0259qiq\u0259t bizim t\u0259r\u0259fimizd\u0259dir. O c\u00fcml\u0259d\u0259n, iqtisadi v\u0259 h\u0259rbi g\u00fcc d\u0259 bizim t\u0259r\u0259fimizd\u0259dir, son ill\u0259rd\u0259 g\u00f6r\u00fclm\u00fc\u015f i\u015fl\u0259r, h\u0259rbi sah\u0259d\u0259 apar\u0131lan islahatlar, h\u0259rbi g\u00fcc\u00fcm\u00fcz\u00fcn art\u0131r\u0131lmas\u0131, h\u0259m siyasi meydanlarda, h\u0259m d\u0259 d\u00f6y\u00fc\u015f meydanlar\u0131nda q\u0259l\u0259b\u0259l\u0259r bizi daha da ruhland\u0131r\u0131r, daha da g\u00fccl\u0259ndirir. Prezident \u0130lham \u018fliyev c\u0259nablar\u0131n\u0131n bu fikirl\u0259ri is\u0259 \u0259lb\u0259tt\u0259 ki, h\u0259m Az\u0259rbaycan Ordusuna, h\u0259m d\u0259 xalq\u0131m\u0131za q\u0259l\u0259b\u0259 ruhu, z\u0259f\u0259r hissl\u0259ri b\u0259x\u015f edir&#8221;.<\/p>\n","protected":false},"excerpt":{"rendered":"<p>Az\u0259rbaycan Ordusu bu g\u00fcn \u00f6z inki\u015faf\u0131 il\u0259, el\u0259c\u0259 d\u0259 g\u00fcc\u00fc il\u0259 d\u00fcnyan\u0131n \u0259n elitar ordular\u0131 s\u0131ras\u0131nda yer al\u0131r v\u0259 bu ger\u00e7\u0259klik \u00f6z\u00fcn\u00fc h\u0259rt\u0259r\u0259fli \u015f\u0259kild\u0259 s\u00fcbuta yetirir. ARANTV.AZ x\u0259b\u0259r verir ki, bunu\u00a0Trend-\u0259 a\u00e7\u0131qlamas\u0131nda &#8220;S\u018fS&#8221; Media Qrupunun r\u0259hb\u0259ri, siyasi ekspert B\u0259hruz Quliyev Az\u0259rbaycan Prezidenti, Silahl\u0131 Q\u00fcvv\u0259l\u0259rin Ali Ba\u015f Komandan\u0131 \u0130lham \u018fliyevin M\u00fcdafi\u0259 Nazirliyinin X\u00fcsusi T\u0259yinatl\u0131 Q\u00fcvv\u0259l\u0259rinin N sayl\u0131 h\u0259rbi hiss\u0259sind\u0259 h\u0259rb\u00e7il\u0259rl\u0259 g\u00f6r\u00fc\u015f\u00fcnd\u0259 s\u0259sl\u0259ndirdiyi fikirl\u0259ri \u015f\u0259rh ed\u0259rk\u0259n deyib. Onun fikrinc\u0259, d\u00f6vl\u0259timizin ba\u015f\u00e7\u0131s\u0131n\u0131n Aprel z\u0259f\u0259rinin 3-c\u00fc ild\u00f6n\u00fcm\u00fcnd\u0259 XTQ-y\u0259 m\u0259xsus h\u0259rbi hiss\u0259y\u0259 getm\u0259si bu sava\u015fda q\u0259hr\u0259manl\u0131q g\u00f6st\u0259rmi\u015f zabit v\u0259 h\u0259rb\u00e7il\u0259rimiz\u0259 diqq\u0259tin t\u0259c\u0259ss\u00fcm\u00fcd\u00fcr: &#8220;M\u0259lumdur ki, 3&hellip;<\/p>\n","protected":false},"author":2,"featured_media":48947,"comment_status":"closed","ping_status":"closed","sticky":false,"template":"","format":"standard","meta":{"om_disable_all_campaigns":false,"_monsterinsights_skip_tracking":false,"_monsterinsights_sitenote_active":false,"_monsterinsights_sitenote_note":"","_monsterinsights_sitenote_category":0},"categories":[4],"tags":[],"aioseo_notices":[],"gutentor_comment":0,"rttpg_featured_image_url":{"full":["https:\/\/arantv.az\/wp-content\/uploads\/2019\/04\/743846.jpg",800,600,false],"landscape":["https:\/\/arantv.az\/wp-content\/uploads\/2019\/04\/743846.jpg",800,600,false],"portraits":["https:\/\/arantv.az\/wp-content\/uploads\/2019\/04\/743846.jpg",800,600,false],"thumbnail":["https:\/\/arantv.az\/wp-content\/uploads\/2019\/04\/743846-150x150.jpg",150,150,true],"medium":["https:\/\/arantv.az\/wp-content\/uploads\/2019\/04\/743846-300x225.jpg",300,225,true],"large":["https:\/\/arantv.az\/wp-content\/uploads\/2019\/04\/743846.jpg",640,480,false],"1536x1536":["https:\/\/arantv.az\/wp-content\/uploads\/2019\/04\/743846.jpg",800,600,false],"2048x2048":["https:\/\/arantv.az\/wp-content\/uploads\/2019\/04\/743846.jpg",800,600,false],"post-thumbnail":["https:\/\/arantv.az\/wp-content\/uploads\/2019\/04\/743846-240x172.jpg",240,172,true],"advps-thumb-one":["https:\/\/arantv.az\/wp-content\/uploads\/2019\/04\/743846.jpg",800,600,false]},"rttpg_author":{"display_name":"V\u00fcsal Rafiqo\u011flu","author_link":"https:\/\/arantv.az\/?author=2"},"rttpg_comment":0,"rttpg_category":"<a href=\"https:\/\/arantv.az\/?cat=4\" rel=\"category\">Siyas\u0259t<\/a>","rttpg_excerpt":"Az\u0259rbaycan Ordusu bu g\u00fcn \u00f6z inki\u015faf\u0131 il\u0259, el\u0259c\u0259 d\u0259 g\u00fcc\u00fc il\u0259 d\u00fcnyan\u0131n \u0259n elitar ordular\u0131 s\u0131ras\u0131nda yer al\u0131r v\u0259 bu ger\u00e7\u0259klik \u00f6z\u00fcn\u00fc h\u0259rt\u0259r\u0259fli \u015f\u0259kild\u0259 s\u00fcbuta yetirir. ARANTV.AZ x\u0259b\u0259r verir ki, bunu\u00a0Trend-\u0259 a\u00e7\u0131qlamas\u0131nda &#8220;S\u018fS&#8221; Media Qrupunun r\u0259hb\u0259ri, siyasi ekspert B\u0259hruz Quliyev Az\u0259rbaycan Prezidenti, Silahl\u0131 Q\u00fcvv\u0259l\u0259rin Ali Ba\u015f Komandan\u0131 \u0130lham \u018fliyevin M\u00fcdafi\u0259 Nazirliyinin X\u00fcsusi T\u0259yinatl\u0131 Q\u00fcvv\u0259l\u0259rinin N&hellip;","_links":{"self":[{"href":"https:\/\/arantv.az\/index.php?rest_route=\/wp\/v2\/posts\/48946"}],"collection":[{"href":"https:\/\/arantv.az\/index.php?rest_route=\/wp\/v2\/posts"}],"about":[{"href":"https:\/\/arantv.az\/index.php?rest_route=\/wp\/v2\/types\/post"}],"author":[{"embeddable":true,"href":"https:\/\/arantv.az\/index.php?rest_route=\/wp\/v2\/users\/2"}],"replies":[{"embeddable":true,"href":"https:\/\/arantv.az\/index.php?rest_route=%2Fwp%2Fv2%2Fcomments&post=48946"}],"version-history":[{"count":0,"href":"https:\/\/arantv.az\/index.php?rest_route=\/wp\/v2\/posts\/48946\/revisions"}],"wp:featuredmedia":[{"embeddable":true,"href":"https:\/\/arantv.az\/index.php?rest_route=\/wp\/v2\/media\/48947"}],"wp:attachment":[{"href":"https:\/\/arantv.az\/index.php?rest_route=%2Fwp%2Fv2%2Fmedia&parent=48946"}],"wp:term":[{"taxonomy":"category","embeddable":true,"href":"https:\/\/arantv.az\/index.php?rest_route=%2Fwp%2Fv2%2Fcategories&post=48946"},{"taxonomy":"post_tag","embeddable":true,"href":"https:\/\/arantv.az\/index.php?rest_route=%2Fwp%2Fv2%2Ftags&post=48946"}],"curies":[{"name":"wp","href":"https:\/\/api.w.org\/{rel}","templated":true}]}}