{"id":48959,"date":"2019-04-03T11:45:50","date_gmt":"2019-04-03T08:45:50","guid":{"rendered":"http:\/\/arantv.az\/?p=48959"},"modified":"2019-04-03T11:45:50","modified_gmt":"2019-04-03T08:45:50","slug":"bakida-sok-olay-ana-v%c9%99-qizinin-asilmis-meyitl%c9%99ri-tapildi","status":"publish","type":"post","link":"https:\/\/arantv.az\/?p=48959","title":{"rendered":"Bak\u0131da \u015fok olay: ana v\u0259 q\u0131z\u0131n\u0131n as\u0131lm\u0131\u015f meyitl\u0259ri tap\u0131ld\u0131"},"content":{"rendered":"<p>Az\u0259rbaycanda t\u00fck\u00fcrp\u0259dici hadis\u0259 ba\u015f verib.<\/p>\n<p><b>ARANTV\/AZ\u00a0<\/b> x\u0259b\u0259r verir ki, BakuPost-un \u0259ld\u0259 etdiyi m\u0259lumata g\u00f6r\u0259, Bak\u0131n\u0131n Yeni Suraxan\u0131 q\u0259s\u0259b\u0259sind\u0259 ana v\u0259 q\u0131z\u0131n\u0131n ya\u015fad\u0131qlar\u0131 evd\u0259 meyitl\u0259ri tap\u0131l\u0131b.<\/p>\n<p>M\u0259lumata g\u00f6r\u0259, 24 ya\u015fl\u0131 Fatim\u0259 v\u0259 anas\u0131 Aid\u0259 6 ay \u0259vv\u0259l Sabirabad rayonundan Bak\u0131ya k\u00f6\u00e7\u00fcbl\u0259r. Onlar Yeni Suraxan\u0131 q\u0259s\u0259b\u0259si, 14 iyul k\u00fc\u00e7\u0259si, d\u00f6ng\u0259 5-d\u0259 kiray\u0259 ev tutub ya\u015fama\u011fa ba\u015flay\u0131blar.<\/p>\n<p>\u00d6t\u0259n h\u0259ft\u0259 is\u0259 ail\u0259nin d\u0259h\u015f\u0259tli faci\u0259si ortaya \u00e7\u0131x\u0131b. Bel\u0259 ki, ana-q\u0131zdan bir ne\u00e7\u0259 g\u00fcn x\u0259b\u0259r \u00e7\u0131xmad\u0131\u011f\u0131n\u0131 g\u00f6r\u0259n yax\u0131nlar\u0131 onlar\u0131n ya\u015fad\u0131\u011f\u0131 ev\u0259 g\u0259lib v\u0259 qan donduran m\u0259nz\u0259r\u0259 il\u0259 rastla\u015f\u0131b. Evd\u0259 onlar\u0131n h\u0259r ikisinin as\u0131lm\u0131\u015f meyitl\u0259ri tap\u0131l\u0131b.<\/p>\n<p>H\u00fcquq-m\u00fchafiz\u0259 orqanlar\u0131ndan \u0259ld\u0259 etdiyimiz m\u0259lumata g\u00f6r\u0259, 24 ya\u015fl\u0131 g\u0259nc q\u0131z anas\u0131ndan \u0259vv\u0259l \u00f6l\u00fcb. Onun meyiti evin ortas\u0131nda s\u0259rilmi\u015f v\u0259 \u00fcz\u00fc \u00f6rt\u00fclm\u00fc\u015f v\u0259ziyy\u0259td\u0259 olub. Anan\u0131n meyiti is\u0259 tavandan as\u0131lm\u0131\u015f halda a\u015fkarlan\u0131b. Kriminalistl\u0259r m\u00fc\u0259yy\u0259nl\u0259\u015fdirib ki, hadis\u0259 5 g\u00fcn \u0259vv\u0259ld\u0259n ba\u015f verib v\u0259 ana-q\u0131z\u0131n meyitl\u0259ri 5 g\u00fcn \u0259rzind\u0259 evd\u0259 qal\u0131b.<\/p>\n<p>\u0130lkin ehtimallara g\u00f6r\u0259, ana-q\u0131z \u00f6zl\u0259rini asaraq intihar edib. \u0130ntihar akt\u0131n\u0131 is\u0259 \u0259vv\u0259lc\u0259 q\u0131z h\u0259yata ke\u00e7irib.<\/p>\n<p>M\u0259rhumlar\u0131n yax\u0131nlar\u0131 onu da iddia edir ki, onlar \u00f6zl\u0259rini \u00f6ld\u00fcrm\u0259yib, \u00f6ld\u00fcr\u00fcl\u00fcb v\u0259 daha sonra intihar etdikl\u0259ri m\u0259nz\u0259r\u0259si yarad\u0131l\u0131b.<\/p>\n<p>Qeyd ed\u0259k ki, 24 ya\u015fl\u0131 Fatim\u0259 Bak\u0131da ingilis dili m\u00fc\u0259llimi i\u015fl\u0259yib. Onun anas\u0131 Aid\u0259 h\u0259yat yolda\u015f\u0131ndan bo\u015fan\u0131b. Ana-q\u0131z birlikd\u0259 ya\u015fay\u0131rm\u0131\u015f.<\/p>\n<p>Faktla ba\u011fl\u0131 cinay\u0259t i\u015fi a\u00e7\u0131l\u0131b, ara\u015fd\u0131rma apar\u0131l\u0131r.<\/p>\n","protected":false},"excerpt":{"rendered":"<p>Az\u0259rbaycanda t\u00fck\u00fcrp\u0259dici hadis\u0259 ba\u015f verib. ARANTV\/AZ\u00a0 x\u0259b\u0259r verir ki, BakuPost-un \u0259ld\u0259 etdiyi m\u0259lumata g\u00f6r\u0259, Bak\u0131n\u0131n Yeni Suraxan\u0131 q\u0259s\u0259b\u0259sind\u0259 ana v\u0259 q\u0131z\u0131n\u0131n ya\u015fad\u0131qlar\u0131 evd\u0259 meyitl\u0259ri tap\u0131l\u0131b. M\u0259lumata g\u00f6r\u0259, 24 ya\u015fl\u0131 Fatim\u0259 v\u0259 anas\u0131 Aid\u0259 6 ay \u0259vv\u0259l Sabirabad rayonundan Bak\u0131ya k\u00f6\u00e7\u00fcbl\u0259r. Onlar Yeni Suraxan\u0131 q\u0259s\u0259b\u0259si, 14 iyul k\u00fc\u00e7\u0259si, d\u00f6ng\u0259 5-d\u0259 kiray\u0259 ev tutub ya\u015fama\u011fa ba\u015flay\u0131blar. \u00d6t\u0259n h\u0259ft\u0259 is\u0259 ail\u0259nin d\u0259h\u015f\u0259tli faci\u0259si ortaya \u00e7\u0131x\u0131b. Bel\u0259 ki, ana-q\u0131zdan bir ne\u00e7\u0259 g\u00fcn x\u0259b\u0259r \u00e7\u0131xmad\u0131\u011f\u0131n\u0131 g\u00f6r\u0259n yax\u0131nlar\u0131 onlar\u0131n ya\u015fad\u0131\u011f\u0131 ev\u0259 g\u0259lib v\u0259 qan donduran m\u0259nz\u0259r\u0259 il\u0259 rastla\u015f\u0131b. Evd\u0259 onlar\u0131n h\u0259r ikisinin as\u0131lm\u0131\u015f meyitl\u0259ri tap\u0131l\u0131b. H\u00fcquq-m\u00fchafiz\u0259&hellip;<\/p>\n","protected":false},"author":2,"featured_media":48960,"comment_status":"closed","ping_status":"closed","sticky":false,"template":"","format":"standard","meta":{"om_disable_all_campaigns":false,"_monsterinsights_skip_tracking":false,"_monsterinsights_sitenote_active":false,"_monsterinsights_sitenote_note":"","_monsterinsights_sitenote_category":0},"categories":[5],"tags":[],"aioseo_notices":[],"gutentor_comment":0,"rttpg_featured_image_url":{"full":["https:\/\/arantv.az\/wp-content\/uploads\/2019\/04\/1554280386_1554279448_1456340997_asmaq_099999-2.jpg",550,383,false],"landscape":["https:\/\/arantv.az\/wp-content\/uploads\/2019\/04\/1554280386_1554279448_1456340997_asmaq_099999-2.jpg",550,383,false],"portraits":["https:\/\/arantv.az\/wp-content\/uploads\/2019\/04\/1554280386_1554279448_1456340997_asmaq_099999-2.jpg",550,383,false],"thumbnail":["https:\/\/arantv.az\/wp-content\/uploads\/2019\/04\/1554280386_1554279448_1456340997_asmaq_099999-2-150x150.jpg",150,150,true],"medium":["https:\/\/arantv.az\/wp-content\/uploads\/2019\/04\/1554280386_1554279448_1456340997_asmaq_099999-2-300x209.jpg",300,209,true],"large":["https:\/\/arantv.az\/wp-content\/uploads\/2019\/04\/1554280386_1554279448_1456340997_asmaq_099999-2.jpg",550,383,false],"1536x1536":["https:\/\/arantv.az\/wp-content\/uploads\/2019\/04\/1554280386_1554279448_1456340997_asmaq_099999-2.jpg",550,383,false],"2048x2048":["https:\/\/arantv.az\/wp-content\/uploads\/2019\/04\/1554280386_1554279448_1456340997_asmaq_099999-2.jpg",550,383,false],"post-thumbnail":["https:\/\/arantv.az\/wp-content\/uploads\/2019\/04\/1554280386_1554279448_1456340997_asmaq_099999-2-240x172.jpg",240,172,true],"advps-thumb-one":["https:\/\/arantv.az\/wp-content\/uploads\/2019\/04\/1554280386_1554279448_1456340997_asmaq_099999-2.jpg",550,383,false]},"rttpg_author":{"display_name":"V\u00fcsal Rafiqo\u011flu","author_link":"https:\/\/arantv.az\/?author=2"},"rttpg_comment":0,"rttpg_category":"<a href=\"https:\/\/arantv.az\/?cat=5\" rel=\"category\">Hadis\u0259<\/a>","rttpg_excerpt":"Az\u0259rbaycanda t\u00fck\u00fcrp\u0259dici hadis\u0259 ba\u015f verib. ARANTV\/AZ\u00a0 x\u0259b\u0259r verir ki, BakuPost-un \u0259ld\u0259 etdiyi m\u0259lumata g\u00f6r\u0259, Bak\u0131n\u0131n Yeni Suraxan\u0131 q\u0259s\u0259b\u0259sind\u0259 ana v\u0259 q\u0131z\u0131n\u0131n ya\u015fad\u0131qlar\u0131 evd\u0259 meyitl\u0259ri tap\u0131l\u0131b. M\u0259lumata g\u00f6r\u0259, 24 ya\u015fl\u0131 Fatim\u0259 v\u0259 anas\u0131 Aid\u0259 6 ay \u0259vv\u0259l Sabirabad rayonundan Bak\u0131ya k\u00f6\u00e7\u00fcbl\u0259r. Onlar Yeni Suraxan\u0131 q\u0259s\u0259b\u0259si, 14 iyul k\u00fc\u00e7\u0259si, d\u00f6ng\u0259 5-d\u0259 kiray\u0259 ev tutub ya\u015fama\u011fa ba\u015flay\u0131blar. \u00d6t\u0259n&hellip;","_links":{"self":[{"href":"https:\/\/arantv.az\/index.php?rest_route=\/wp\/v2\/posts\/48959"}],"collection":[{"href":"https:\/\/arantv.az\/index.php?rest_route=\/wp\/v2\/posts"}],"about":[{"href":"https:\/\/arantv.az\/index.php?rest_route=\/wp\/v2\/types\/post"}],"author":[{"embeddable":true,"href":"https:\/\/arantv.az\/index.php?rest_route=\/wp\/v2\/users\/2"}],"replies":[{"embeddable":true,"href":"https:\/\/arantv.az\/index.php?rest_route=%2Fwp%2Fv2%2Fcomments&post=48959"}],"version-history":[{"count":0,"href":"https:\/\/arantv.az\/index.php?rest_route=\/wp\/v2\/posts\/48959\/revisions"}],"wp:featuredmedia":[{"embeddable":true,"href":"https:\/\/arantv.az\/index.php?rest_route=\/wp\/v2\/media\/48960"}],"wp:attachment":[{"href":"https:\/\/arantv.az\/index.php?rest_route=%2Fwp%2Fv2%2Fmedia&parent=48959"}],"wp:term":[{"taxonomy":"category","embeddable":true,"href":"https:\/\/arantv.az\/index.php?rest_route=%2Fwp%2Fv2%2Fcategories&post=48959"},{"taxonomy":"post_tag","embeddable":true,"href":"https:\/\/arantv.az\/index.php?rest_route=%2Fwp%2Fv2%2Ftags&post=48959"}],"curies":[{"name":"wp","href":"https:\/\/api.w.org\/{rel}","templated":true}]}}