{"id":48969,"date":"2019-04-03T11:55:14","date_gmt":"2019-04-03T08:55:14","guid":{"rendered":"http:\/\/arantv.az\/?p=48969"},"modified":"2019-04-03T11:55:14","modified_gmt":"2019-04-03T08:55:14","slug":"daha-bir-universitetd%c9%99-rektor-mu%c9%99llim-qalmaqali-prezident%c9%99-muraci%c9%99t-edildi","status":"publish","type":"post","link":"https:\/\/arantv.az\/?p=48969","title":{"rendered":"Daha bir universitetd\u0259 rektor-m\u00fc\u0259llim qalmaqal\u0131 \u2013 Prezident\u0259 m\u00fcraci\u0259t edildi"},"content":{"rendered":"<p>Az\u0259rbaycan D\u00f6vl\u0259t Pedaqoji Universitetinin m\u00fc\u0259llimi H\u00fcseynov Vidadi F\u0259rz\u0259li o\u011flu il\u0259 ba\u011fl\u0131 prezident\u0259 m\u00fcraci\u0259t edilib.<\/p>\n<p><b>ARANTV.AZ\u00a0<\/b> &#8220;Yeni Sabah&#8221;a istnad\u0259n x\u0259b\u0259r verir ki, iddia edilir ki, he\u00e7 bir s\u0259b\u0259b g\u00f6st\u0259rilm\u0259d\u0259n, 07.02.2017-ci il tarixind\u0259 ba\u015fqa i\u015f\u0259 ke\u00e7iril\u0259c\u0259yini v\u0259d verm\u0259kl\u0259 ondan \u0259riz\u0259 alan rektor C\u0259f\u0259r C\u0259f\u0259rov iki ild\u0259n art\u0131q bir m\u00fcdd\u0259t \u0259rzind\u0259 Vidadi H\u00fcseynovu i\u015fsiz qoyub. M\u00fcraci\u0259td\u0259 qeyd olunub ki, iki ild\u0259n \u00e7oxdur, i\u015fsiz qalan Vidadi m\u00fc\u0259llimin ail\u0259 v\u0259ziyy\u0259ti olduqca a\u011f\u0131rd\u0131r:<\/p>\n<p>&#8220;5 n\u0259f\u0259r ail\u0259 \u00fczv\u00fcnd\u0259n iki \u00f6vlad\u0131 ali m\u0259kt\u0259b t\u0259l\u0259b\u0259sidir, biri is\u0259 orta m\u0259kt\u0259bd\u0259 t\u0259hsil al\u0131r. H\u0259yat yolda\u015f\u0131 s\u0259hh\u0259tind\u0259 olan probleml\u0259r s\u0259b\u0259bind\u0259n i\u015fl\u0259mir. Haqq\u0131nda s\u00f6z a\u00e7d\u0131\u011f\u0131m\u0131z ziyal\u0131 H\u00fcseynov Vidadi F\u0259rz\u0259li o\u011flu haqq\u0131nda verdiyimiz m\u0259lumatlar tam d\u00fcr\u00fcstd\u00fcr. He\u00e7 bir s\u0259b\u0259b g\u00f6st\u0259rilm\u0259d\u0259n i\u015find\u0259n uzaqla\u015fd\u0131r\u0131lm\u0131\u015f bir \u015f\u0259xs\u0259 qar\u015f\u0131 m\u00fcnasib\u0259ti ba\u015fqa \u00e7\u00fcr qiym\u0259tl\u0259ndirm\u0259k m\u00fcmk\u00fcn deyil. T\u0259hsil Nazirliyinin m\u0259lumat\u0131nda vakant yer g\u00f6st\u0259rils\u0259 d\u0259, rektor C\u0259f\u0259r C\u0259f\u0259rov g\u00fcz\u0259\u015ft\u0259 getm\u0259k ist\u0259mir. \u0130srarla bildirir ki, getsin Lerikd\u0259 i\u015fl\u0259sin. M\u0259hz bu s\u0259b\u0259bd\u0259n siz\u0259 m\u00fcraci\u0259t etm\u0259y\u0259 q\u0259rar vermi\u015fik. Az\u0259rbaycan D\u00f6vl\u0259t Pedaqoji Universitetind\u0259ki qeyri-normal v\u0259ziyy\u0259tin obyektiv \u015f\u0259kild\u0259 ara\u015fd\u0131r\u0131lmas\u0131 il\u0259 ba\u011fl\u0131 g\u00f6st\u0259ri\u015f verm\u0259yinizi xahi\u015f edirik&#8221;.<\/p>\n<p>Qeyd ed\u0259k ki, T\u0259hsil Nazirliyind\u0259n V.H\u00fcseynova veril\u0259n cavaba g\u00f6r\u0259, m\u00fc\u0259llimin i\u015fl\u0259 t\u0259mini m\u0259s\u0259l\u0259sin\u0259 bax\u0131lacaq.<br \/>\n<img class=\"imgbcode\" src=\"https:\/\/sonxeber.az\/uploads\/1554280947_vj0uy5aana41xwtaxhxi.jpg\" alt=\"Daha bir universitetd\u0259 rektor-m\u00fc\u0259llim qalmaqal\u0131 \u2013 Prezident\u0259 m\u00fcraci\u0259t edildi\" \/><img class=\"imgbcode\" src=\"https:\/\/sonxeber.az\/uploads\/1554280947_ngjjrvtp1u7wuer3fjn3.jpg\" alt=\"Daha bir universitetd\u0259 rektor-m\u00fc\u0259llim qalmaqal\u0131 \u2013 Prezident\u0259 m\u00fcraci\u0259t edildi\" \/><img class=\"imgbcode\" src=\"https:\/\/sonxeber.az\/uploads\/1554280947_qtkbdfot2m8oefhmxpv9.jpg\" alt=\"Daha bir universitetd\u0259 rektor-m\u00fc\u0259llim qalmaqal\u0131 \u2013 Prezident\u0259 m\u00fcraci\u0259t edildi\" \/><\/p>\n","protected":false},"excerpt":{"rendered":"<p>Az\u0259rbaycan D\u00f6vl\u0259t Pedaqoji Universitetinin m\u00fc\u0259llimi H\u00fcseynov Vidadi F\u0259rz\u0259li o\u011flu il\u0259 ba\u011fl\u0131 prezident\u0259 m\u00fcraci\u0259t edilib. ARANTV.AZ\u00a0 &#8220;Yeni Sabah&#8221;a istnad\u0259n x\u0259b\u0259r verir ki, iddia edilir ki, he\u00e7 bir s\u0259b\u0259b g\u00f6st\u0259rilm\u0259d\u0259n, 07.02.2017-ci il tarixind\u0259 ba\u015fqa i\u015f\u0259 ke\u00e7iril\u0259c\u0259yini v\u0259d verm\u0259kl\u0259 ondan \u0259riz\u0259 alan rektor C\u0259f\u0259r C\u0259f\u0259rov iki ild\u0259n art\u0131q bir m\u00fcdd\u0259t \u0259rzind\u0259 Vidadi H\u00fcseynovu i\u015fsiz qoyub. M\u00fcraci\u0259td\u0259 qeyd olunub ki, iki ild\u0259n \u00e7oxdur, i\u015fsiz qalan Vidadi m\u00fc\u0259llimin ail\u0259 v\u0259ziyy\u0259ti olduqca a\u011f\u0131rd\u0131r: &#8220;5 n\u0259f\u0259r ail\u0259 \u00fczv\u00fcnd\u0259n iki \u00f6vlad\u0131 ali m\u0259kt\u0259b t\u0259l\u0259b\u0259sidir, biri is\u0259 orta m\u0259kt\u0259bd\u0259 t\u0259hsil al\u0131r. H\u0259yat yolda\u015f\u0131 s\u0259hh\u0259tind\u0259 olan probleml\u0259r s\u0259b\u0259bind\u0259n i\u015fl\u0259mir. Haqq\u0131nda&hellip;<\/p>\n","protected":false},"author":2,"featured_media":48970,"comment_status":"closed","ping_status":"closed","sticky":false,"template":"","format":"standard","meta":{"om_disable_all_campaigns":false,"_monsterinsights_skip_tracking":false,"_monsterinsights_sitenote_active":false,"_monsterinsights_sitenote_note":"","_monsterinsights_sitenote_category":0},"categories":[1],"tags":[],"aioseo_notices":[],"gutentor_comment":0,"rttpg_featured_image_url":{"full":["https:\/\/arantv.az\/wp-content\/uploads\/2019\/04\/small_1554280947.xvwlxd6qkvllct1qseav.jpg",270,180,false],"landscape":["https:\/\/arantv.az\/wp-content\/uploads\/2019\/04\/small_1554280947.xvwlxd6qkvllct1qseav.jpg",270,180,false],"portraits":["https:\/\/arantv.az\/wp-content\/uploads\/2019\/04\/small_1554280947.xvwlxd6qkvllct1qseav.jpg",270,180,false],"thumbnail":["https:\/\/arantv.az\/wp-content\/uploads\/2019\/04\/small_1554280947.xvwlxd6qkvllct1qseav-150x150.jpg",150,150,true],"medium":["https:\/\/arantv.az\/wp-content\/uploads\/2019\/04\/small_1554280947.xvwlxd6qkvllct1qseav.jpg",270,180,false],"large":["https:\/\/arantv.az\/wp-content\/uploads\/2019\/04\/small_1554280947.xvwlxd6qkvllct1qseav.jpg",270,180,false],"1536x1536":["https:\/\/arantv.az\/wp-content\/uploads\/2019\/04\/small_1554280947.xvwlxd6qkvllct1qseav.jpg",270,180,false],"2048x2048":["https:\/\/arantv.az\/wp-content\/uploads\/2019\/04\/small_1554280947.xvwlxd6qkvllct1qseav.jpg",270,180,false],"post-thumbnail":["https:\/\/arantv.az\/wp-content\/uploads\/2019\/04\/small_1554280947.xvwlxd6qkvllct1qseav-240x172.jpg",240,172,true],"advps-thumb-one":["https:\/\/arantv.az\/wp-content\/uploads\/2019\/04\/small_1554280947.xvwlxd6qkvllct1qseav.jpg",270,180,false]},"rttpg_author":{"display_name":"V\u00fcsal Rafiqo\u011flu","author_link":"https:\/\/arantv.az\/?author=2"},"rttpg_comment":0,"rttpg_category":"<a href=\"https:\/\/arantv.az\/?cat=1\" rel=\"category\">C\u0259miyy\u0259t<\/a>","rttpg_excerpt":"Az\u0259rbaycan D\u00f6vl\u0259t Pedaqoji Universitetinin m\u00fc\u0259llimi H\u00fcseynov Vidadi F\u0259rz\u0259li o\u011flu il\u0259 ba\u011fl\u0131 prezident\u0259 m\u00fcraci\u0259t edilib. ARANTV.AZ\u00a0 &#8220;Yeni Sabah&#8221;a istnad\u0259n x\u0259b\u0259r verir ki, iddia edilir ki, he\u00e7 bir s\u0259b\u0259b g\u00f6st\u0259rilm\u0259d\u0259n, 07.02.2017-ci il tarixind\u0259 ba\u015fqa i\u015f\u0259 ke\u00e7iril\u0259c\u0259yini v\u0259d verm\u0259kl\u0259 ondan \u0259riz\u0259 alan rektor C\u0259f\u0259r C\u0259f\u0259rov iki ild\u0259n art\u0131q bir m\u00fcdd\u0259t \u0259rzind\u0259 Vidadi H\u00fcseynovu i\u015fsiz qoyub. M\u00fcraci\u0259td\u0259 qeyd olunub&hellip;","_links":{"self":[{"href":"https:\/\/arantv.az\/index.php?rest_route=\/wp\/v2\/posts\/48969"}],"collection":[{"href":"https:\/\/arantv.az\/index.php?rest_route=\/wp\/v2\/posts"}],"about":[{"href":"https:\/\/arantv.az\/index.php?rest_route=\/wp\/v2\/types\/post"}],"author":[{"embeddable":true,"href":"https:\/\/arantv.az\/index.php?rest_route=\/wp\/v2\/users\/2"}],"replies":[{"embeddable":true,"href":"https:\/\/arantv.az\/index.php?rest_route=%2Fwp%2Fv2%2Fcomments&post=48969"}],"version-history":[{"count":0,"href":"https:\/\/arantv.az\/index.php?rest_route=\/wp\/v2\/posts\/48969\/revisions"}],"wp:featuredmedia":[{"embeddable":true,"href":"https:\/\/arantv.az\/index.php?rest_route=\/wp\/v2\/media\/48970"}],"wp:attachment":[{"href":"https:\/\/arantv.az\/index.php?rest_route=%2Fwp%2Fv2%2Fmedia&parent=48969"}],"wp:term":[{"taxonomy":"category","embeddable":true,"href":"https:\/\/arantv.az\/index.php?rest_route=%2Fwp%2Fv2%2Fcategories&post=48969"},{"taxonomy":"post_tag","embeddable":true,"href":"https:\/\/arantv.az\/index.php?rest_route=%2Fwp%2Fv2%2Ftags&post=48969"}],"curies":[{"name":"wp","href":"https:\/\/api.w.org\/{rel}","templated":true}]}}