{"id":48976,"date":"2019-04-03T13:49:05","date_gmt":"2019-04-03T10:49:05","guid":{"rendered":"http:\/\/arantv.az\/?p=48976"},"modified":"2019-04-03T13:49:05","modified_gmt":"2019-04-03T10:49:05","slug":"az%c9%99rbaycanda-kisi-arvadini-masinla-oldurm%c9%99k-ist%c9%99di-sonra-intihar-etdi","status":"publish","type":"post","link":"https:\/\/arantv.az\/?p=48976","title":{"rendered":"Az\u0259rbaycanda ki\u015fi arvad\u0131n\u0131 ma\u015f\u0131nla \u00f6ld\u00fcrm\u0259k ist\u0259di, sonra intihar etdi"},"content":{"rendered":"<p>G\u0259nc\u0259d\u0259 ki\u015fi q\u0259sd\u0259n avtomobill\u0259 h\u0259yat yolda\u015f\u0131n\u0131 vurub.<\/p>\n<p><b>ARANTV.AZ\u00a0<\/b>qafqazinfo-ya istinad\u0259n x\u0259b\u0259r verir ki, hadis\u0259 M\u0259hs\u0259ti q\u0259s\u0259b\u0259sind\u0259 ba\u015f verib.<\/p>\n<div id=\"AdviadNativeVideo0\" class=\"AdviadNativeVideo\"><\/div>\n<p>1960-c\u0131 il t\u0259v\u0259ll\u00fcdl\u00fc Eldar Abbasov Sevinc adl\u0131 h\u0259yat yolda\u015f\u0131n\u0131 idar\u0259 etdiyi &#8220;VAZ&#8221; markal\u0131 avtomobill\u0259 vurub. Bel\u0259 ki, ki\u015fi bir ne\u00e7\u0259 d\u0259f\u0259 qad\u0131n\u0131 ma\u015f\u0131nla divara t\u0259r\u0259f s\u0131x\u0131b. E.Abbasovun x\u0259sar\u0259tl\u0259r alan h\u0259yat yolda\u015f\u0131 x\u0259st\u0259xanaya yerl\u0259\u015fdirilib.<\/p>\n<p>Hadis\u0259d\u0259n sonra Abbasov \u00f6z\u00fc d\u0259 sirk\u0259 tur\u015fusu i\u00e7\u0259r\u0259k intihara c\u0259hd edib, d\u0259rhal x\u0259st\u0259xanaya \u00e7atd\u0131r\u0131l\u0131b.<\/p>\n<p>Faktla ba\u011fl\u0131 ara\u015fd\u0131rma apar\u0131l\u0131r.<\/p>\n","protected":false},"excerpt":{"rendered":"<p>G\u0259nc\u0259d\u0259 ki\u015fi q\u0259sd\u0259n avtomobill\u0259 h\u0259yat yolda\u015f\u0131n\u0131 vurub. ARANTV.AZ\u00a0qafqazinfo-ya istinad\u0259n x\u0259b\u0259r verir ki, hadis\u0259 M\u0259hs\u0259ti q\u0259s\u0259b\u0259sind\u0259 ba\u015f verib. 1960-c\u0131 il t\u0259v\u0259ll\u00fcdl\u00fc Eldar Abbasov Sevinc adl\u0131 h\u0259yat yolda\u015f\u0131n\u0131 idar\u0259 etdiyi &#8220;VAZ&#8221; markal\u0131 avtomobill\u0259 vurub. Bel\u0259 ki, ki\u015fi bir ne\u00e7\u0259 d\u0259f\u0259 qad\u0131n\u0131 ma\u015f\u0131nla divara t\u0259r\u0259f s\u0131x\u0131b. E.Abbasovun x\u0259sar\u0259tl\u0259r alan h\u0259yat yolda\u015f\u0131 x\u0259st\u0259xanaya yerl\u0259\u015fdirilib. Hadis\u0259d\u0259n sonra Abbasov \u00f6z\u00fc d\u0259 sirk\u0259 tur\u015fusu i\u00e7\u0259r\u0259k intihara c\u0259hd edib, d\u0259rhal x\u0259st\u0259xanaya \u00e7atd\u0131r\u0131l\u0131b. Faktla ba\u011fl\u0131 ara\u015fd\u0131rma apar\u0131l\u0131r.<\/p>\n","protected":false},"author":2,"featured_media":48977,"comment_status":"closed","ping_status":"closed","sticky":false,"template":"","format":"standard","meta":{"om_disable_all_campaigns":false,"_monsterinsights_skip_tracking":false,"_monsterinsights_sitenote_active":false,"_monsterinsights_sitenote_note":"","_monsterinsights_sitenote_category":0},"categories":[5],"tags":[],"aioseo_notices":[],"gutentor_comment":0,"rttpg_featured_image_url":{"full":["https:\/\/arantv.az\/wp-content\/uploads\/2019\/04\/15542875611554284595_5994178dceef2_piyad.jpg",549,366,false],"landscape":["https:\/\/arantv.az\/wp-content\/uploads\/2019\/04\/15542875611554284595_5994178dceef2_piyad.jpg",549,366,false],"portraits":["https:\/\/arantv.az\/wp-content\/uploads\/2019\/04\/15542875611554284595_5994178dceef2_piyad.jpg",549,366,false],"thumbnail":["https:\/\/arantv.az\/wp-content\/uploads\/2019\/04\/15542875611554284595_5994178dceef2_piyad-150x150.jpg",150,150,true],"medium":["https:\/\/arantv.az\/wp-content\/uploads\/2019\/04\/15542875611554284595_5994178dceef2_piyad-300x200.jpg",300,200,true],"large":["https:\/\/arantv.az\/wp-content\/uploads\/2019\/04\/15542875611554284595_5994178dceef2_piyad.jpg",549,366,false],"1536x1536":["https:\/\/arantv.az\/wp-content\/uploads\/2019\/04\/15542875611554284595_5994178dceef2_piyad.jpg",549,366,false],"2048x2048":["https:\/\/arantv.az\/wp-content\/uploads\/2019\/04\/15542875611554284595_5994178dceef2_piyad.jpg",549,366,false],"post-thumbnail":["https:\/\/arantv.az\/wp-content\/uploads\/2019\/04\/15542875611554284595_5994178dceef2_piyad-240x172.jpg",240,172,true],"advps-thumb-one":["https:\/\/arantv.az\/wp-content\/uploads\/2019\/04\/15542875611554284595_5994178dceef2_piyad.jpg",549,366,false]},"rttpg_author":{"display_name":"V\u00fcsal Rafiqo\u011flu","author_link":"https:\/\/arantv.az\/?author=2"},"rttpg_comment":0,"rttpg_category":"<a href=\"https:\/\/arantv.az\/?cat=5\" rel=\"category\">Hadis\u0259<\/a>","rttpg_excerpt":"G\u0259nc\u0259d\u0259 ki\u015fi q\u0259sd\u0259n avtomobill\u0259 h\u0259yat yolda\u015f\u0131n\u0131 vurub. ARANTV.AZ\u00a0qafqazinfo-ya istinad\u0259n x\u0259b\u0259r verir ki, hadis\u0259 M\u0259hs\u0259ti q\u0259s\u0259b\u0259sind\u0259 ba\u015f verib. 1960-c\u0131 il t\u0259v\u0259ll\u00fcdl\u00fc Eldar Abbasov Sevinc adl\u0131 h\u0259yat yolda\u015f\u0131n\u0131 idar\u0259 etdiyi &#8220;VAZ&#8221; markal\u0131 avtomobill\u0259 vurub. Bel\u0259 ki, ki\u015fi bir ne\u00e7\u0259 d\u0259f\u0259 qad\u0131n\u0131 ma\u015f\u0131nla divara t\u0259r\u0259f s\u0131x\u0131b. E.Abbasovun x\u0259sar\u0259tl\u0259r alan h\u0259yat yolda\u015f\u0131 x\u0259st\u0259xanaya yerl\u0259\u015fdirilib. Hadis\u0259d\u0259n sonra Abbasov \u00f6z\u00fc d\u0259&hellip;","_links":{"self":[{"href":"https:\/\/arantv.az\/index.php?rest_route=\/wp\/v2\/posts\/48976"}],"collection":[{"href":"https:\/\/arantv.az\/index.php?rest_route=\/wp\/v2\/posts"}],"about":[{"href":"https:\/\/arantv.az\/index.php?rest_route=\/wp\/v2\/types\/post"}],"author":[{"embeddable":true,"href":"https:\/\/arantv.az\/index.php?rest_route=\/wp\/v2\/users\/2"}],"replies":[{"embeddable":true,"href":"https:\/\/arantv.az\/index.php?rest_route=%2Fwp%2Fv2%2Fcomments&post=48976"}],"version-history":[{"count":0,"href":"https:\/\/arantv.az\/index.php?rest_route=\/wp\/v2\/posts\/48976\/revisions"}],"wp:featuredmedia":[{"embeddable":true,"href":"https:\/\/arantv.az\/index.php?rest_route=\/wp\/v2\/media\/48977"}],"wp:attachment":[{"href":"https:\/\/arantv.az\/index.php?rest_route=%2Fwp%2Fv2%2Fmedia&parent=48976"}],"wp:term":[{"taxonomy":"category","embeddable":true,"href":"https:\/\/arantv.az\/index.php?rest_route=%2Fwp%2Fv2%2Fcategories&post=48976"},{"taxonomy":"post_tag","embeddable":true,"href":"https:\/\/arantv.az\/index.php?rest_route=%2Fwp%2Fv2%2Ftags&post=48976"}],"curies":[{"name":"wp","href":"https:\/\/api.w.org\/{rel}","templated":true}]}}