{"id":48982,"date":"2019-04-03T13:54:57","date_gmt":"2019-04-03T10:54:57","guid":{"rendered":"http:\/\/arantv.az\/?p=48982"},"modified":"2019-04-03T13:54:57","modified_gmt":"2019-04-03T10:54:57","slug":"asilmis-meyitl%c9%99ri-tapilan-ana-v%c9%99-qizinin-kimliyi-m%c9%99lum-oldu-bakida-d%c9%99hs%c9%99tin-sok-t%c9%99f%c9%99rruati","status":"publish","type":"post","link":"https:\/\/arantv.az\/?p=48982","title":{"rendered":"As\u0131lm\u0131\u015f meyitl\u0259ri tap\u0131lan ana v\u0259 q\u0131z\u0131n\u0131n kimliyi m\u0259lum oldu &#8211; Bak\u0131da D\u018fH\u015e\u018fT\u0130N \u015eOK T\u018fF\u018fRR\u00dcATI"},"content":{"rendered":"<p>Bak\u0131da d\u0259h\u015f\u0259tli hadis\u0259 ba\u015f verib.<\/p>\n<p><b>ARANTV.AZ\u00a0<\/b>publika.az x\u0259b\u0259r verir ki, Yeni Suraxan\u0131 q\u0259s\u0259b\u0259sind\u0259 kiray\u0259 ya\u015fayan Qas\u0131mova Aid\u0259 \u018fl\u0259kb\u0259r q\u0131z\u0131n\u0131n v\u0259 onun q\u0131z\u0131 Qas\u0131mova Fatim\u0259 Da\u015fq\u0131n q\u0131z\u0131n\u0131n m\u0259nzild\u0259 as\u0131lm\u0131\u015f v\u0259ziyy\u0259td\u0259 meyiti tap\u0131l\u0131b.<\/p>\n<div id=\"AdviadNativeVideo0\" class=\"AdviadNativeVideo\"><\/div>\n<p>Sabirabad rayonunun sakini olan ana v\u0259 q\u0131z\u0131n\u0131n bir ne\u00e7\u0259 ay \u0259vv\u0259l Bak\u0131ya k\u00f6\u00e7d\u00fcy\u00fc bildirilir.<\/p>\n<p>A.Qas\u0131mova bir m\u00fcdd\u0259t \u0259vv\u0259l h\u0259yat yolda\u015f\u0131ndan bo\u015fan\u0131bm\u0131\u015f. Onun ke\u00e7mi\u015f \u0259ri rayonda tan\u0131nm\u0131\u015f mollalardan say\u0131l\u0131r.<\/p>\n<p>Faktla ba\u011fl\u0131 cinay\u0259t i\u015fi a\u00e7\u0131l\u0131b, ara\u015fd\u0131rma apar\u0131l\u0131r.<\/p>\n<p>Qeyd ed\u0259k ki, hadis\u0259 il\u0259 ba\u011fl\u0131 ilk x\u0259b\u0259ri bakupost.az sayt\u0131 yay\u0131b.<\/p>\n","protected":false},"excerpt":{"rendered":"<p>Bak\u0131da d\u0259h\u015f\u0259tli hadis\u0259 ba\u015f verib. ARANTV.AZ\u00a0publika.az x\u0259b\u0259r verir ki, Yeni Suraxan\u0131 q\u0259s\u0259b\u0259sind\u0259 kiray\u0259 ya\u015fayan Qas\u0131mova Aid\u0259 \u018fl\u0259kb\u0259r q\u0131z\u0131n\u0131n v\u0259 onun q\u0131z\u0131 Qas\u0131mova Fatim\u0259 Da\u015fq\u0131n q\u0131z\u0131n\u0131n m\u0259nzild\u0259 as\u0131lm\u0131\u015f v\u0259ziyy\u0259td\u0259 meyiti tap\u0131l\u0131b. Sabirabad rayonunun sakini olan ana v\u0259 q\u0131z\u0131n\u0131n bir ne\u00e7\u0259 ay \u0259vv\u0259l Bak\u0131ya k\u00f6\u00e7d\u00fcy\u00fc bildirilir. A.Qas\u0131mova bir m\u00fcdd\u0259t \u0259vv\u0259l h\u0259yat yolda\u015f\u0131ndan bo\u015fan\u0131bm\u0131\u015f. Onun ke\u00e7mi\u015f \u0259ri rayonda tan\u0131nm\u0131\u015f mollalardan say\u0131l\u0131r. Faktla ba\u011fl\u0131 cinay\u0259t i\u015fi a\u00e7\u0131l\u0131b, ara\u015fd\u0131rma apar\u0131l\u0131r. Qeyd ed\u0259k ki, hadis\u0259 il\u0259 ba\u011fl\u0131 ilk x\u0259b\u0259ri bakupost.az sayt\u0131 yay\u0131b.<\/p>\n","protected":false},"author":2,"featured_media":48983,"comment_status":"closed","ping_status":"closed","sticky":false,"template":"","format":"standard","meta":{"om_disable_all_campaigns":false,"_monsterinsights_skip_tracking":false,"_monsterinsights_sitenote_active":false,"_monsterinsights_sitenote_note":"","_monsterinsights_sitenote_category":0},"categories":[5],"tags":[],"aioseo_notices":[],"gutentor_comment":0,"rttpg_featured_image_url":{"full":["https:\/\/arantv.az\/wp-content\/uploads\/2019\/04\/2_31554283541.jpg",649,365,false],"landscape":["https:\/\/arantv.az\/wp-content\/uploads\/2019\/04\/2_31554283541.jpg",649,365,false],"portraits":["https:\/\/arantv.az\/wp-content\/uploads\/2019\/04\/2_31554283541.jpg",649,365,false],"thumbnail":["https:\/\/arantv.az\/wp-content\/uploads\/2019\/04\/2_31554283541-150x150.jpg",150,150,true],"medium":["https:\/\/arantv.az\/wp-content\/uploads\/2019\/04\/2_31554283541-300x169.jpg",300,169,true],"large":["https:\/\/arantv.az\/wp-content\/uploads\/2019\/04\/2_31554283541.jpg",640,360,false],"1536x1536":["https:\/\/arantv.az\/wp-content\/uploads\/2019\/04\/2_31554283541.jpg",649,365,false],"2048x2048":["https:\/\/arantv.az\/wp-content\/uploads\/2019\/04\/2_31554283541.jpg",649,365,false],"post-thumbnail":["https:\/\/arantv.az\/wp-content\/uploads\/2019\/04\/2_31554283541-240x172.jpg",240,172,true],"advps-thumb-one":["https:\/\/arantv.az\/wp-content\/uploads\/2019\/04\/2_31554283541.jpg",649,365,false]},"rttpg_author":{"display_name":"V\u00fcsal Rafiqo\u011flu","author_link":"https:\/\/arantv.az\/?author=2"},"rttpg_comment":0,"rttpg_category":"<a href=\"https:\/\/arantv.az\/?cat=5\" rel=\"category\">Hadis\u0259<\/a>","rttpg_excerpt":"Bak\u0131da d\u0259h\u015f\u0259tli hadis\u0259 ba\u015f verib. ARANTV.AZ\u00a0publika.az x\u0259b\u0259r verir ki, Yeni Suraxan\u0131 q\u0259s\u0259b\u0259sind\u0259 kiray\u0259 ya\u015fayan Qas\u0131mova Aid\u0259 \u018fl\u0259kb\u0259r q\u0131z\u0131n\u0131n v\u0259 onun q\u0131z\u0131 Qas\u0131mova Fatim\u0259 Da\u015fq\u0131n q\u0131z\u0131n\u0131n m\u0259nzild\u0259 as\u0131lm\u0131\u015f v\u0259ziyy\u0259td\u0259 meyiti tap\u0131l\u0131b. Sabirabad rayonunun sakini olan ana v\u0259 q\u0131z\u0131n\u0131n bir ne\u00e7\u0259 ay \u0259vv\u0259l Bak\u0131ya k\u00f6\u00e7d\u00fcy\u00fc bildirilir. A.Qas\u0131mova bir m\u00fcdd\u0259t \u0259vv\u0259l h\u0259yat yolda\u015f\u0131ndan bo\u015fan\u0131bm\u0131\u015f. Onun ke\u00e7mi\u015f \u0259ri rayonda&hellip;","_links":{"self":[{"href":"https:\/\/arantv.az\/index.php?rest_route=\/wp\/v2\/posts\/48982"}],"collection":[{"href":"https:\/\/arantv.az\/index.php?rest_route=\/wp\/v2\/posts"}],"about":[{"href":"https:\/\/arantv.az\/index.php?rest_route=\/wp\/v2\/types\/post"}],"author":[{"embeddable":true,"href":"https:\/\/arantv.az\/index.php?rest_route=\/wp\/v2\/users\/2"}],"replies":[{"embeddable":true,"href":"https:\/\/arantv.az\/index.php?rest_route=%2Fwp%2Fv2%2Fcomments&post=48982"}],"version-history":[{"count":0,"href":"https:\/\/arantv.az\/index.php?rest_route=\/wp\/v2\/posts\/48982\/revisions"}],"wp:featuredmedia":[{"embeddable":true,"href":"https:\/\/arantv.az\/index.php?rest_route=\/wp\/v2\/media\/48983"}],"wp:attachment":[{"href":"https:\/\/arantv.az\/index.php?rest_route=%2Fwp%2Fv2%2Fmedia&parent=48982"}],"wp:term":[{"taxonomy":"category","embeddable":true,"href":"https:\/\/arantv.az\/index.php?rest_route=%2Fwp%2Fv2%2Fcategories&post=48982"},{"taxonomy":"post_tag","embeddable":true,"href":"https:\/\/arantv.az\/index.php?rest_route=%2Fwp%2Fv2%2Ftags&post=48982"}],"curies":[{"name":"wp","href":"https:\/\/api.w.org\/{rel}","templated":true}]}}