{"id":48992,"date":"2019-04-03T13:59:38","date_gmt":"2019-04-03T10:59:38","guid":{"rendered":"http:\/\/arantv.az\/?p=48992"},"modified":"2019-04-03T13:59:38","modified_gmt":"2019-04-03T10:59:38","slug":"prezident-ilham-%c9%99liyev-heyd%c9%99r-%c9%99s%c9%99dova-v%c9%99zif%c9%99-verdi","status":"publish","type":"post","link":"https:\/\/arantv.az\/?p=48992","title":{"rendered":"Prezident \u0130lham \u018fliyev Heyd\u0259r \u018fs\u0259dova v\u0259zif\u0259 verdi"},"content":{"rendered":"<p><strong>Prezident \u0130lham \u018fliyev H.X.\u018fs\u0259dovun Az\u0259rbaycan D\u00f6vl\u0259t D\u0259niz Akademiyas\u0131n\u0131n rektoru t\u0259yin edilm\u0259si haqq\u0131nda s\u0259r\u0259ncam imzalay\u0131b.<\/strong><\/p>\n<p><strong>ARANTV.AZ<\/strong> az\u0259rtac-a istinad\u0259n x\u0259b\u0259r verir ki, s\u0259r\u0259ncamda deyilir:<\/p>\n<p>&#8220;Az\u0259rbaycan Respublikas\u0131 Konstitusiyas\u0131n\u0131n 109-cu madd\u0259sinin 32-ci b\u0259ndini r\u0259hb\u0259r tutaraq q\u0259rara al\u0131ram:<\/p>\n<p>Heyd\u0259r Xan\u0131\u015f o\u011flu \u018fs\u0259dov Az\u0259rbaycan D\u00f6vl\u0259t D\u0259niz Akademiyas\u0131n\u0131n rektoru t\u0259yin edilsin&#8221;.<\/p>\n","protected":false},"excerpt":{"rendered":"<p>Prezident \u0130lham \u018fliyev H.X.\u018fs\u0259dovun Az\u0259rbaycan D\u00f6vl\u0259t D\u0259niz Akademiyas\u0131n\u0131n rektoru t\u0259yin edilm\u0259si haqq\u0131nda s\u0259r\u0259ncam imzalay\u0131b. ARANTV.AZ az\u0259rtac-a istinad\u0259n x\u0259b\u0259r verir ki, s\u0259r\u0259ncamda deyilir: &#8220;Az\u0259rbaycan Respublikas\u0131 Konstitusiyas\u0131n\u0131n 109-cu madd\u0259sinin 32-ci b\u0259ndini r\u0259hb\u0259r tutaraq q\u0259rara al\u0131ram: Heyd\u0259r Xan\u0131\u015f o\u011flu \u018fs\u0259dov Az\u0259rbaycan D\u00f6vl\u0259t D\u0259niz Akademiyas\u0131n\u0131n rektoru t\u0259yin edilsin&#8221;.<\/p>\n","protected":false},"author":2,"featured_media":48993,"comment_status":"closed","ping_status":"closed","sticky":false,"template":"","format":"standard","meta":{"om_disable_all_campaigns":false,"_monsterinsights_skip_tracking":false,"_monsterinsights_sitenote_active":false,"_monsterinsights_sitenote_note":"","_monsterinsights_sitenote_category":0},"categories":[4],"tags":[],"aioseo_notices":[],"gutentor_comment":0,"rttpg_featured_image_url":{"full":["https:\/\/arantv.az\/wp-content\/uploads\/2019\/04\/heyder_esedov_044.jpg",800,600,false],"landscape":["https:\/\/arantv.az\/wp-content\/uploads\/2019\/04\/heyder_esedov_044.jpg",800,600,false],"portraits":["https:\/\/arantv.az\/wp-content\/uploads\/2019\/04\/heyder_esedov_044.jpg",800,600,false],"thumbnail":["https:\/\/arantv.az\/wp-content\/uploads\/2019\/04\/heyder_esedov_044-150x150.jpg",150,150,true],"medium":["https:\/\/arantv.az\/wp-content\/uploads\/2019\/04\/heyder_esedov_044-300x225.jpg",300,225,true],"large":["https:\/\/arantv.az\/wp-content\/uploads\/2019\/04\/heyder_esedov_044.jpg",640,480,false],"1536x1536":["https:\/\/arantv.az\/wp-content\/uploads\/2019\/04\/heyder_esedov_044.jpg",800,600,false],"2048x2048":["https:\/\/arantv.az\/wp-content\/uploads\/2019\/04\/heyder_esedov_044.jpg",800,600,false],"post-thumbnail":["https:\/\/arantv.az\/wp-content\/uploads\/2019\/04\/heyder_esedov_044-240x172.jpg",240,172,true],"advps-thumb-one":["https:\/\/arantv.az\/wp-content\/uploads\/2019\/04\/heyder_esedov_044.jpg",800,600,false]},"rttpg_author":{"display_name":"V\u00fcsal Rafiqo\u011flu","author_link":"https:\/\/arantv.az\/?author=2"},"rttpg_comment":0,"rttpg_category":"<a href=\"https:\/\/arantv.az\/?cat=4\" rel=\"category\">Siyas\u0259t<\/a>","rttpg_excerpt":"Prezident \u0130lham \u018fliyev H.X.\u018fs\u0259dovun Az\u0259rbaycan D\u00f6vl\u0259t D\u0259niz Akademiyas\u0131n\u0131n rektoru t\u0259yin edilm\u0259si haqq\u0131nda s\u0259r\u0259ncam imzalay\u0131b. ARANTV.AZ az\u0259rtac-a istinad\u0259n x\u0259b\u0259r verir ki, s\u0259r\u0259ncamda deyilir: &#8220;Az\u0259rbaycan Respublikas\u0131 Konstitusiyas\u0131n\u0131n 109-cu madd\u0259sinin 32-ci b\u0259ndini r\u0259hb\u0259r tutaraq q\u0259rara al\u0131ram: Heyd\u0259r Xan\u0131\u015f o\u011flu \u018fs\u0259dov Az\u0259rbaycan D\u00f6vl\u0259t D\u0259niz Akademiyas\u0131n\u0131n rektoru t\u0259yin edilsin&#8221;.","_links":{"self":[{"href":"https:\/\/arantv.az\/index.php?rest_route=\/wp\/v2\/posts\/48992"}],"collection":[{"href":"https:\/\/arantv.az\/index.php?rest_route=\/wp\/v2\/posts"}],"about":[{"href":"https:\/\/arantv.az\/index.php?rest_route=\/wp\/v2\/types\/post"}],"author":[{"embeddable":true,"href":"https:\/\/arantv.az\/index.php?rest_route=\/wp\/v2\/users\/2"}],"replies":[{"embeddable":true,"href":"https:\/\/arantv.az\/index.php?rest_route=%2Fwp%2Fv2%2Fcomments&post=48992"}],"version-history":[{"count":0,"href":"https:\/\/arantv.az\/index.php?rest_route=\/wp\/v2\/posts\/48992\/revisions"}],"wp:featuredmedia":[{"embeddable":true,"href":"https:\/\/arantv.az\/index.php?rest_route=\/wp\/v2\/media\/48993"}],"wp:attachment":[{"href":"https:\/\/arantv.az\/index.php?rest_route=%2Fwp%2Fv2%2Fmedia&parent=48992"}],"wp:term":[{"taxonomy":"category","embeddable":true,"href":"https:\/\/arantv.az\/index.php?rest_route=%2Fwp%2Fv2%2Fcategories&post=48992"},{"taxonomy":"post_tag","embeddable":true,"href":"https:\/\/arantv.az\/index.php?rest_route=%2Fwp%2Fv2%2Ftags&post=48992"}],"curies":[{"name":"wp","href":"https:\/\/api.w.org\/{rel}","templated":true}]}}