{"id":48998,"date":"2019-04-03T14:06:05","date_gmt":"2019-04-03T11:06:05","guid":{"rendered":"http:\/\/arantv.az\/?p=48998"},"modified":"2019-04-03T14:06:05","modified_gmt":"2019-04-03T11:06:05","slug":"ana-azyasli-qizini-%c9%99r%c9%99-verdi-ata-polis%c9%99-sikay%c9%99t-etdi-bakida-sok-olay","status":"publish","type":"post","link":"https:\/\/arantv.az\/?p=48998","title":{"rendered":"Ana azya\u015fl\u0131 q\u0131z\u0131n\u0131 \u0259r\u0259 verdi, ata polis\u0259 \u015fikay\u0259t etdi \u2013 Bak\u0131da \u015fok olay"},"content":{"rendered":"<p>Bak\u0131da 14 ya\u015f\u0131na \u00e7atmayan q\u0131zla cinsi \u0259laq\u0259d\u0259 olmaqda ittiham olunan Lerik rayon sakini, 1998-ci il t\u0259v\u0259ll\u00fcdl\u00fc Arzuman H\u0259s\u0259novun cinay\u0259t i\u015fi \u00fczr\u0259 m\u0259hk\u0259m\u0259 prosesi ba\u015fa \u00e7at\u0131b.<\/p>\n<p><b>ARANTV.AZ\u00a0<\/b> teleqraf.com-a istinad\u0259n x\u0259b\u0259r verir ki, Arzuman H\u0259s\u0259nov 2018-ci ilin yanvar\u0131n \u0259vv\u0259ll\u0259rind\u0259 Ab\u015feron rayonu M\u00fc\u015ffiq q\u0259s\u0259b\u0259sind\u0259 yerl\u0259\u015f\u0259n ferman\u0131n ya\u015fay\u0131\u015f sah\u0259sind\u0259ki evd\u0259, 13 yanvar 2018-ci il tarixd\u0259n is\u0259 X\u0259z\u0259r rayonu T\u00fcrkan q\u0259s\u0259b\u0259si \u00dcz\u00fcm\u00e7\u00fcl\u00fck sovxozunda yerl\u0259\u015f\u0259n &#8220;C\u00fcc\u0259&#8221; fermas\u0131n\u0131n ya\u015fay\u0131\u015f sah\u0259sind\u0259ki evd\u0259 2004-c\u00fc il t\u0259v\u0259ll\u00fcdl\u00fc L\u0259man M\u0259mm\u0259dova (ad v\u0259 soyad \u015f\u0259rti verilib \u2013 red.) il\u0259 qeyri-r\u0259smi nikahda ya\u015fay\u0131b.<\/p>\n<p>Arzuman H\u0259s\u0259nov L\u0259manla ail\u0259 m\u00fcnasib\u0259tl\u0259rind\u0259 olub v\u0259 bu, 2018-ci ilin iyun ay\u0131nad\u0259k davam edib.<\/p>\n<p>L\u0259man M\u0259mm\u0259dovan\u0131n atas\u0131 q\u0131z\u0131n\u0131n \u0259r\u0259 verilm\u0259sind\u0259n x\u0259b\u0259r tutduqda bu bar\u0259d\u0259 h\u00fcquq-m\u00fchafiz\u0259 orqanlar\u0131na m\u00fcraci\u0259t edib.<\/p>\n<p>\u018fsl\u0259n lerikli olan ki\u015fi q\u0131z\u0131n\u0131n paytaxtda zorla anas\u0131 t\u0259r\u0259find\u0259n \u0259r\u0259 verildiyini, yetkinlik ya\u015f\u0131na \u00e7atmad\u0131\u011f\u0131 hamil\u0259 qalmas\u0131ndan \u015fikay\u0259t\u00e7i olub.<\/p>\n<p>H\u00fcquq-m\u00fchafiz\u0259 orqanlar\u0131n\u0131n \u0259m\u0259kda\u015flar\u0131 ara\u015fd\u0131rma apar\u0131b v\u0259 \u015fikay\u0259tin d\u00fczg\u00fcn oldu\u011funu, yetkinlik ya\u015f\u0131na \u00e7atmayan q\u0131z\u0131n \u0259r\u0259 verildiyi \u00fcz\u0259 \u00e7\u0131x\u0131b.<\/p>\n<p>Polisin ke\u00e7irdiyi \u0259m\u0259liyyat n\u0259tic\u0259sind\u0259 Arzuman H\u0259s\u0259nov h\u0259bs edilib.<\/p>\n<p>\u0130stintaq orqan\u0131 t\u0259r\u0259find\u0259n Arzuman H\u0259s\u0259novun bar\u0259sind\u0259 Cinay\u0259t M\u0259c\u0259ll\u0259sinin 152.2-ci (on d\u00f6rd ya\u015f\u0131na \u00e7atmayan \u015f\u0259xsl\u0259 cinsi \u0259laq\u0259d\u0259 olma v\u0259 ya seksual xarakterli dig\u0259r h\u0259r\u0259k\u0259tl\u0259r etm\u0259) madd\u0259si il\u0259 ittiham elan edilib.<\/p>\n<p>X\u0259z\u0259r rayon M\u0259hk\u0259m\u0259sinin h\u00f6km\u00fc il\u0259 Arzuman H\u0259s\u0259nov 3 il m\u00fcdd\u0259tin\u0259 azadl\u0131qdan m\u0259hrum edilib.<\/p>\n<p>H\u00f6kmd\u0259n naraz\u0131 qalan Arzuman H\u0259s\u0259nov apelyasiya \u015fikay\u0259ti verib. O, birinci instansiya m\u0259hk\u0259m\u0259si t\u0259r\u0259find\u0259n s\u0259rt c\u0259za t\u0259yin edildiyini g\u00f6st\u0259rib.<\/p>\n<p>Arzuman H\u0259s\u0259nov h\u00f6km\u00fcn d\u0259yi\u015fdirilm\u0259sini, bar\u0259sind\u0259 Cinay\u0259t M\u0259c\u0259ll\u0259sinin 70-ci (\u015f\u0259rti m\u0259hkum etm\u0259) madd\u0259sinin t\u0259tbiq edilm\u0259sini ist\u0259yib.<\/p>\n<p>Qeyd edib ki, \u00f6z\u00fcn\u00fcn v\u0259 z\u0259r\u0259r\u00e7\u0259kmi\u015f \u015f\u0259xs yax\u0131n qohumlar\u0131 t\u0259r\u0259find\u0259n evl\u0259ndirilib, erk\u0259n nikaha daxil olublar. Onun bildirdiyin\u0259 g\u00f6r\u0259, onlar\u0131n h\u0259tta toylar\u0131 da olub.<\/p>\n<p>Arzuman H\u0259s\u0259nov bildirib ki, z\u0259r\u0259r\u00e7\u0259kmi\u015fin ona qar\u015f\u0131 he\u00e7 bir t\u0259l\u0259bi v\u0259 iddias\u0131 yoxdur: &#8220;Z\u0259r\u0259r\u00e7\u0259kmi\u015f \u015f\u0259xs m\u0259ni \u00f6z \u0259ri kimi q\u0259bul edir. M\u0259nim azadl\u0131\u011fa \u00e7\u0131x\u0131b, \u00f6z evin\u0259 qay\u0131tmas\u0131n\u0131 ist\u0259yir&#8221;.<\/p>\n<p>Arzuman H\u0259s\u0259novun \u015fikay\u0259tin\u0259 g\u00f6r\u0259, b\u00f6yr\u0259k x\u0259st\u0259liyind\u0259n \u0259ziyy\u0259t \u00e7\u0259kir, ail\u0259nin yegan\u0259 qazanc g\u0259tir\u0259n \u00fczv\u00fcd\u00fcr. O, ya\u015fay\u0131\u015f yerind\u0259n m\u00fcsb\u0259t xarakteriz\u0259 olundu\u011funu, \u0259vv\u0259ll\u0259r m\u0259hkum olunmad\u0131\u011f\u0131n\u0131 g\u00f6st\u0259rib.<\/p>\n<p>Arzuman H\u0259s\u0259novun \u015fikay\u0259ti ara\u015fd\u0131r\u0131lmas\u0131 \u00fc\u00e7\u00fcn Bak\u0131 Apelyasiya M\u0259hk\u0259m\u0259sin\u0259 g\u00f6nd\u0259rilib. \u015eikay\u0259t hakim Namiq M\u0259mm\u0259dovun s\u0259drlik etdiyi kollegiyada ara\u015fd\u0131r\u0131l\u0131b.<\/p>\n<p>Apelyasiya \u015fikay\u0259tinin d\u0259lill\u0259rini ara\u015fd\u0131ran hakim hey\u0259ti sonda q\u0259rar elan edib. Apelyasiya \u015fikay\u0259ti t\u0259min olunmay\u0131b.<\/p>\n","protected":false},"excerpt":{"rendered":"<p>Bak\u0131da 14 ya\u015f\u0131na \u00e7atmayan q\u0131zla cinsi \u0259laq\u0259d\u0259 olmaqda ittiham olunan Lerik rayon sakini, 1998-ci il t\u0259v\u0259ll\u00fcdl\u00fc Arzuman H\u0259s\u0259novun cinay\u0259t i\u015fi \u00fczr\u0259 m\u0259hk\u0259m\u0259 prosesi ba\u015fa \u00e7at\u0131b. ARANTV.AZ\u00a0 teleqraf.com-a istinad\u0259n x\u0259b\u0259r verir ki, Arzuman H\u0259s\u0259nov 2018-ci ilin yanvar\u0131n \u0259vv\u0259ll\u0259rind\u0259 Ab\u015feron rayonu M\u00fc\u015ffiq q\u0259s\u0259b\u0259sind\u0259 yerl\u0259\u015f\u0259n ferman\u0131n ya\u015fay\u0131\u015f sah\u0259sind\u0259ki evd\u0259, 13 yanvar 2018-ci il tarixd\u0259n is\u0259 X\u0259z\u0259r rayonu T\u00fcrkan q\u0259s\u0259b\u0259si \u00dcz\u00fcm\u00e7\u00fcl\u00fck sovxozunda yerl\u0259\u015f\u0259n &#8220;C\u00fcc\u0259&#8221; fermas\u0131n\u0131n ya\u015fay\u0131\u015f sah\u0259sind\u0259ki evd\u0259 2004-c\u00fc il t\u0259v\u0259ll\u00fcdl\u00fc L\u0259man M\u0259mm\u0259dova (ad v\u0259 soyad \u015f\u0259rti verilib \u2013 red.) il\u0259 qeyri-r\u0259smi nikahda ya\u015fay\u0131b. Arzuman H\u0259s\u0259nov L\u0259manla ail\u0259 m\u00fcnasib\u0259tl\u0259rind\u0259 olub v\u0259 bu, 2018-ci ilin&hellip;<\/p>\n","protected":false},"author":2,"featured_media":48999,"comment_status":"closed","ping_status":"closed","sticky":false,"template":"","format":"standard","meta":{"om_disable_all_campaigns":false,"_monsterinsights_skip_tracking":false,"_monsterinsights_sitenote_active":false,"_monsterinsights_sitenote_note":"","_monsterinsights_sitenote_category":0},"categories":[1],"tags":[],"aioseo_notices":[],"gutentor_comment":0,"rttpg_featured_image_url":{"full":["https:\/\/arantv.az\/wp-content\/uploads\/2019\/04\/1554288164azyasli-tecavuz.jpg",450,290,false],"landscape":["https:\/\/arantv.az\/wp-content\/uploads\/2019\/04\/1554288164azyasli-tecavuz.jpg",450,290,false],"portraits":["https:\/\/arantv.az\/wp-content\/uploads\/2019\/04\/1554288164azyasli-tecavuz.jpg",450,290,false],"thumbnail":["https:\/\/arantv.az\/wp-content\/uploads\/2019\/04\/1554288164azyasli-tecavuz-150x150.jpg",150,150,true],"medium":["https:\/\/arantv.az\/wp-content\/uploads\/2019\/04\/1554288164azyasli-tecavuz-300x193.jpg",300,193,true],"large":["https:\/\/arantv.az\/wp-content\/uploads\/2019\/04\/1554288164azyasli-tecavuz.jpg",450,290,false],"1536x1536":["https:\/\/arantv.az\/wp-content\/uploads\/2019\/04\/1554288164azyasli-tecavuz.jpg",450,290,false],"2048x2048":["https:\/\/arantv.az\/wp-content\/uploads\/2019\/04\/1554288164azyasli-tecavuz.jpg",450,290,false],"post-thumbnail":["https:\/\/arantv.az\/wp-content\/uploads\/2019\/04\/1554288164azyasli-tecavuz-240x172.jpg",240,172,true],"advps-thumb-one":["https:\/\/arantv.az\/wp-content\/uploads\/2019\/04\/1554288164azyasli-tecavuz.jpg",450,290,false]},"rttpg_author":{"display_name":"V\u00fcsal Rafiqo\u011flu","author_link":"https:\/\/arantv.az\/?author=2"},"rttpg_comment":0,"rttpg_category":"<a href=\"https:\/\/arantv.az\/?cat=1\" rel=\"category\">C\u0259miyy\u0259t<\/a>","rttpg_excerpt":"Bak\u0131da 14 ya\u015f\u0131na \u00e7atmayan q\u0131zla cinsi \u0259laq\u0259d\u0259 olmaqda ittiham olunan Lerik rayon sakini, 1998-ci il t\u0259v\u0259ll\u00fcdl\u00fc Arzuman H\u0259s\u0259novun cinay\u0259t i\u015fi \u00fczr\u0259 m\u0259hk\u0259m\u0259 prosesi ba\u015fa \u00e7at\u0131b. ARANTV.AZ\u00a0 teleqraf.com-a istinad\u0259n x\u0259b\u0259r verir ki, Arzuman H\u0259s\u0259nov 2018-ci ilin yanvar\u0131n \u0259vv\u0259ll\u0259rind\u0259 Ab\u015feron rayonu M\u00fc\u015ffiq q\u0259s\u0259b\u0259sind\u0259 yerl\u0259\u015f\u0259n ferman\u0131n ya\u015fay\u0131\u015f sah\u0259sind\u0259ki evd\u0259, 13 yanvar 2018-ci il tarixd\u0259n is\u0259 X\u0259z\u0259r rayonu T\u00fcrkan&hellip;","_links":{"self":[{"href":"https:\/\/arantv.az\/index.php?rest_route=\/wp\/v2\/posts\/48998"}],"collection":[{"href":"https:\/\/arantv.az\/index.php?rest_route=\/wp\/v2\/posts"}],"about":[{"href":"https:\/\/arantv.az\/index.php?rest_route=\/wp\/v2\/types\/post"}],"author":[{"embeddable":true,"href":"https:\/\/arantv.az\/index.php?rest_route=\/wp\/v2\/users\/2"}],"replies":[{"embeddable":true,"href":"https:\/\/arantv.az\/index.php?rest_route=%2Fwp%2Fv2%2Fcomments&post=48998"}],"version-history":[{"count":0,"href":"https:\/\/arantv.az\/index.php?rest_route=\/wp\/v2\/posts\/48998\/revisions"}],"wp:featuredmedia":[{"embeddable":true,"href":"https:\/\/arantv.az\/index.php?rest_route=\/wp\/v2\/media\/48999"}],"wp:attachment":[{"href":"https:\/\/arantv.az\/index.php?rest_route=%2Fwp%2Fv2%2Fmedia&parent=48998"}],"wp:term":[{"taxonomy":"category","embeddable":true,"href":"https:\/\/arantv.az\/index.php?rest_route=%2Fwp%2Fv2%2Fcategories&post=48998"},{"taxonomy":"post_tag","embeddable":true,"href":"https:\/\/arantv.az\/index.php?rest_route=%2Fwp%2Fv2%2Ftags&post=48998"}],"curies":[{"name":"wp","href":"https:\/\/api.w.org\/{rel}","templated":true}]}}