{"id":49001,"date":"2019-04-03T14:06:46","date_gmt":"2019-04-03T11:06:46","guid":{"rendered":"http:\/\/arantv.az\/?p=49001"},"modified":"2019-04-03T14:06:46","modified_gmt":"2019-04-03T11:06:46","slug":"bakida-universitet-yataqxanasinin-h%c9%99y%c9%99tind%c9%99-qan-dusdu","status":"publish","type":"post","link":"https:\/\/arantv.az\/?p=49001","title":{"rendered":"Bak\u0131da universitet yataqxanas\u0131n\u0131n h\u0259y\u0259tind\u0259 qan d\u00fc\u015fd\u00fc"},"content":{"rendered":"<p>Tan\u0131\u015f\u0131na 3 b\u0131\u00e7aq x\u0259ar\u0259ti yetirm\u0259kd\u0259 t\u0259qsirl\u0259ndiril\u0259n Musa Nu\u015fir\u0259van o\u011flu \u015eahverdiyevin m\u0259hk\u0259m\u0259 prosesi davam edir.<\/p>\n<p><b>ARANTV.AZ\u00a0<\/b>\u00a0\u00f6lk\u0259.az-a istinad\u0259n x\u0259b\u0259r verir ki, Bak\u0131 A\u011f\u0131r Cinay\u0259tl\u0259r M\u0259hk\u0259m\u0259sind\u0259 hakim Samir \u018fliyevin s\u0259drliyi il\u0259 ke\u00e7iril\u0259c\u0259k n\u00f6vb\u0259ti m\u0259hk\u0259m\u0259 prosesi bu g\u00fcn t\u0259xir\u0259 sal\u0131n\u0131b.<br \/>\nN\u00f6vb\u0259ti m\u0259hk\u0259m\u0259 iclas\u0131n\u0131n vaxt\u0131 h\u0259l\u0259lik t\u0259yin olunmay\u0131b.<\/p>\n<p>Qeyd ed\u0259k ki, hadis\u0259 2018-ci ilin iyun ay\u0131nda Bin\u0259q\u0259di rayonu \u0259razisind\u0259 yerl\u0259\u015f\u0259n Slavyan Universitetin\u0259 m\u0259xsus 2 sayl\u0131 yataqxanas\u0131n\u0131n h\u0259y\u0259tind\u0259 qeyd\u0259 al\u0131n\u0131b.<br \/>\n\u015eahverdiyev Musa Nu\u015fir\u0259van o\u011flu tan\u0131\u015f\u0131 Ataki\u015fiyev Elvin M\u0259h\u0259rr\u0259m o\u011flunu b\u0131\u00e7aqlay\u0131b. Yaral\u0131 g\u0259nc t\u0259cili olaraq x\u0259st\u0259xanaya \u00e7atd\u0131r\u0131l\u0131b v\u0259 \u0259m\u0259liyyat olunub. M\u0259lum olub ki, E. Ataki\u015fiyev 3 b\u0131\u00e7aq x\u0259sar\u0259ti al\u0131b. Reanimasiya \u015f\u00f6b\u0259sin\u0259 yerl\u0259\u015fdiril\u0259n yaral\u0131n\u0131n h\u0259yat\u0131n\u0131 xilas etm\u0259k m\u00fcmk\u00fcn olub.<br \/>\nHadis\u0259ni t\u00f6r\u0259d\u0259n \u015f\u0259xs is\u0259 saxlan\u0131laraq Bin\u0259q\u0259di RP\u0130-nin \u0130stintaq \u015e\u00f6b\u0259sin\u0259 t\u0259hvil verilib. Faktla ba\u011fl\u0131 cinay\u0259t m\u0259c\u0259ll\u0259sinin 126.1 (q\u0259sd\u0259n sa\u011flaml\u0131\u011fa a\u011f\u0131r x\u0259sar\u0259t yetirm\u0259) madd\u0259si il\u0259 cinay\u0259t i\u015fi ba\u015flan\u0131b.<\/p>\n","protected":false},"excerpt":{"rendered":"<p>Tan\u0131\u015f\u0131na 3 b\u0131\u00e7aq x\u0259ar\u0259ti yetirm\u0259kd\u0259 t\u0259qsirl\u0259ndiril\u0259n Musa Nu\u015fir\u0259van o\u011flu \u015eahverdiyevin m\u0259hk\u0259m\u0259 prosesi davam edir. ARANTV.AZ\u00a0\u00a0\u00f6lk\u0259.az-a istinad\u0259n x\u0259b\u0259r verir ki, Bak\u0131 A\u011f\u0131r Cinay\u0259tl\u0259r M\u0259hk\u0259m\u0259sind\u0259 hakim Samir \u018fliyevin s\u0259drliyi il\u0259 ke\u00e7iril\u0259c\u0259k n\u00f6vb\u0259ti m\u0259hk\u0259m\u0259 prosesi bu g\u00fcn t\u0259xir\u0259 sal\u0131n\u0131b. N\u00f6vb\u0259ti m\u0259hk\u0259m\u0259 iclas\u0131n\u0131n vaxt\u0131 h\u0259l\u0259lik t\u0259yin olunmay\u0131b. Qeyd ed\u0259k ki, hadis\u0259 2018-ci ilin iyun ay\u0131nda Bin\u0259q\u0259di rayonu \u0259razisind\u0259 yerl\u0259\u015f\u0259n Slavyan Universitetin\u0259 m\u0259xsus 2 sayl\u0131 yataqxanas\u0131n\u0131n h\u0259y\u0259tind\u0259 qeyd\u0259 al\u0131n\u0131b. \u015eahverdiyev Musa Nu\u015fir\u0259van o\u011flu tan\u0131\u015f\u0131 Ataki\u015fiyev Elvin M\u0259h\u0259rr\u0259m o\u011flunu b\u0131\u00e7aqlay\u0131b. Yaral\u0131 g\u0259nc t\u0259cili olaraq x\u0259st\u0259xanaya \u00e7atd\u0131r\u0131l\u0131b v\u0259 \u0259m\u0259liyyat olunub. M\u0259lum olub ki, E. Ataki\u015fiyev 3 b\u0131\u00e7aq&hellip;<\/p>\n","protected":false},"author":2,"featured_media":49002,"comment_status":"closed","ping_status":"closed","sticky":false,"template":"","format":"standard","meta":{"om_disable_all_campaigns":false,"_monsterinsights_skip_tracking":false,"_monsterinsights_sitenote_active":false,"_monsterinsights_sitenote_note":"","_monsterinsights_sitenote_category":0},"categories":[3],"tags":[],"aioseo_notices":[],"gutentor_comment":0,"rttpg_featured_image_url":{"full":["https:\/\/arantv.az\/wp-content\/uploads\/2019\/04\/1554287773bicaq_02563.jpg",549,412,false],"landscape":["https:\/\/arantv.az\/wp-content\/uploads\/2019\/04\/1554287773bicaq_02563.jpg",549,412,false],"portraits":["https:\/\/arantv.az\/wp-content\/uploads\/2019\/04\/1554287773bicaq_02563.jpg",549,412,false],"thumbnail":["https:\/\/arantv.az\/wp-content\/uploads\/2019\/04\/1554287773bicaq_02563-150x150.jpg",150,150,true],"medium":["https:\/\/arantv.az\/wp-content\/uploads\/2019\/04\/1554287773bicaq_02563-300x225.jpg",300,225,true],"large":["https:\/\/arantv.az\/wp-content\/uploads\/2019\/04\/1554287773bicaq_02563.jpg",549,412,false],"1536x1536":["https:\/\/arantv.az\/wp-content\/uploads\/2019\/04\/1554287773bicaq_02563.jpg",549,412,false],"2048x2048":["https:\/\/arantv.az\/wp-content\/uploads\/2019\/04\/1554287773bicaq_02563.jpg",549,412,false],"post-thumbnail":["https:\/\/arantv.az\/wp-content\/uploads\/2019\/04\/1554287773bicaq_02563-240x172.jpg",240,172,true],"advps-thumb-one":["https:\/\/arantv.az\/wp-content\/uploads\/2019\/04\/1554287773bicaq_02563.jpg",549,412,false]},"rttpg_author":{"display_name":"V\u00fcsal Rafiqo\u011flu","author_link":"https:\/\/arantv.az\/?author=2"},"rttpg_comment":0,"rttpg_category":"<a href=\"https:\/\/arantv.az\/?cat=3\" rel=\"category\">Kriminal<\/a>","rttpg_excerpt":"Tan\u0131\u015f\u0131na 3 b\u0131\u00e7aq x\u0259ar\u0259ti yetirm\u0259kd\u0259 t\u0259qsirl\u0259ndiril\u0259n Musa Nu\u015fir\u0259van o\u011flu \u015eahverdiyevin m\u0259hk\u0259m\u0259 prosesi davam edir. ARANTV.AZ\u00a0\u00a0\u00f6lk\u0259.az-a istinad\u0259n x\u0259b\u0259r verir ki, Bak\u0131 A\u011f\u0131r Cinay\u0259tl\u0259r M\u0259hk\u0259m\u0259sind\u0259 hakim Samir \u018fliyevin s\u0259drliyi il\u0259 ke\u00e7iril\u0259c\u0259k n\u00f6vb\u0259ti m\u0259hk\u0259m\u0259 prosesi bu g\u00fcn t\u0259xir\u0259 sal\u0131n\u0131b. N\u00f6vb\u0259ti m\u0259hk\u0259m\u0259 iclas\u0131n\u0131n vaxt\u0131 h\u0259l\u0259lik t\u0259yin olunmay\u0131b. Qeyd ed\u0259k ki, hadis\u0259 2018-ci ilin iyun ay\u0131nda Bin\u0259q\u0259di rayonu \u0259razisind\u0259 yerl\u0259\u015f\u0259n&hellip;","_links":{"self":[{"href":"https:\/\/arantv.az\/index.php?rest_route=\/wp\/v2\/posts\/49001"}],"collection":[{"href":"https:\/\/arantv.az\/index.php?rest_route=\/wp\/v2\/posts"}],"about":[{"href":"https:\/\/arantv.az\/index.php?rest_route=\/wp\/v2\/types\/post"}],"author":[{"embeddable":true,"href":"https:\/\/arantv.az\/index.php?rest_route=\/wp\/v2\/users\/2"}],"replies":[{"embeddable":true,"href":"https:\/\/arantv.az\/index.php?rest_route=%2Fwp%2Fv2%2Fcomments&post=49001"}],"version-history":[{"count":0,"href":"https:\/\/arantv.az\/index.php?rest_route=\/wp\/v2\/posts\/49001\/revisions"}],"wp:featuredmedia":[{"embeddable":true,"href":"https:\/\/arantv.az\/index.php?rest_route=\/wp\/v2\/media\/49002"}],"wp:attachment":[{"href":"https:\/\/arantv.az\/index.php?rest_route=%2Fwp%2Fv2%2Fmedia&parent=49001"}],"wp:term":[{"taxonomy":"category","embeddable":true,"href":"https:\/\/arantv.az\/index.php?rest_route=%2Fwp%2Fv2%2Fcategories&post=49001"},{"taxonomy":"post_tag","embeddable":true,"href":"https:\/\/arantv.az\/index.php?rest_route=%2Fwp%2Fv2%2Ftags&post=49001"}],"curies":[{"name":"wp","href":"https:\/\/api.w.org\/{rel}","templated":true}]}}